{"id":102212,"date":"2025-05-15T15:25:51","date_gmt":"2025-05-15T15:25:51","guid":{"rendered":"https:\/\/www.europesays.com\/fr\/102212\/"},"modified":"2025-05-15T15:25:51","modified_gmt":"2025-05-15T15:25:51","slug":"en-spectacle-dans-le-cotentin-cette-compagnie-revisite-cyrano-de-bergerac","status":"publish","type":"post","link":"https:\/\/www.europesays.com\/fr\/102212\/","title":{"rendered":"En spectacle dans le Cotentin, cette compagnie revisite Cyrano de Bergerac"},"content":{"rendered":"<p>            Par<br \/>\n        <strong><br \/>\n            <a href=\"https:\/\/actu.fr\/auteur\/redaction-pressemanche\" title=\"Consulter tous les articles de R\u00e9daction La Presse de la Manche\" rel=\"nofollow noopener\" target=\"_blank\">R\u00e9daction La Presse de la Manche<\/a><br \/>\n        <\/strong><\/p>\n<p>        Publi\u00e9 le<\/p>\n<p>            14 mai 2025 \u00e0 8h12        <\/p>\n<p>Au Rafiot de <a href=\"https:\/\/actu.fr\/normandie\/flamanville_50184\" rel=\"nofollow noopener\" target=\"_blank\">Flamanville<\/a> (Manche), <b>vendredi 16\u00a0mai 2025<\/b> \u00e0 20\u2009h\u200930, la <a href=\"https:\/\/crescite.fr\/\" rel=\"nofollow noopener\" target=\"_blank\">Compagnie Crescite<\/a> viendra bousculer l\u2019un des plus grands monuments du <b>th\u00e9\u00e2tre fran\u00e7ais<\/b> avec sa cr\u00e9ation Ci-gisait Cyrano.<\/p>\n<p class=\" wall-content\">Adapt\u00e9e et mise en sc\u00e8ne par Angelo Jossec, cette version resserr\u00e9e d\u2019un peu plus d\u2019une heure du Cyrano de Bergerac d\u2019Edmond Rostand ne se contente pas de faire revivre le panache de son <b>h\u00e9ros<\/b>, elle en d\u00e9monte les rouages, en \u00e9claire les failles, et nous tend un miroir.<\/p>\n<p>Un Cyrano de chair, d\u2019ombre et de contradictions<\/p>\n<p class=\" wall-content\">Cyrano, c\u2019est ce <b>personnage flamboyant<\/b> qui, au fond, n\u2019a jamais os\u00e9 vivre sa vie. C\u2019est l\u2019homme qui joue au h\u00e9ros romantique pour cacher ses <b>doutes<\/b>, qui pr\u00e9f\u00e8re l\u2019orgueil \u00e0 l\u2019amour, et le verbe \u00e0 la main tendue.<\/p>\n<p class=\" wall-content\">Dans cette mise en sc\u00e8ne volontairement d\u00e9pouill\u00e9e, tout repose sur les corps, les voix, et quelques accessoires, au service d\u2019un texte coup\u00e9 au scalpel. Le r\u00e9sultat est une tension continue, un th\u00e9\u00e2tre vivant o\u00f9 l\u2019\u00e9motion n\u2019est jamais bien loin du sourire.<\/p>\n<p>Une adaptation pens\u00e9e pour le plus grand nombre<\/p>\n<p class=\" wall-content\">Jou\u00e9e par <b>trois com\u00e9diens<\/b>, cette version s\u2019adresse <b>\u00e0 tous d\u00e8s 10\u00a0ans<\/b>. Que l\u2019on connaisse Cyrano sur le bout des vers ou que l\u2019on n\u2019en ait qu\u2019un <b>lointain souvenir<\/b> de <b>cours de fran\u00e7ais<\/b>, on se laisse happer.<\/p>\n<p class=\" wall-content\">Car ici, pas question de r\u00e9citer, on raconte, on partage, on interroge. Et on rit aussi. De ce Cyrano \u00e0 gros nez, bien s\u00fbr, mais surtout de nous-m\u00eames, de nos <b>complexes <\/b>et de nos grands mots.<\/p>\n<p>Vid\u00e9os : en ce moment sur ActuUne compagnie qui sort des murs pour entrer dans les t\u00eates<\/p>\n<p class=\" wall-content\"><b>Depuis 2012<\/b>, la Compagnie Crescite fait le pari d\u2019un th\u00e9\u00e2tre \u00e0 la fois <b>exigeant et accessible<\/b>.<\/p>\n<p class=\" wall-content\">Son <b>ambition <\/b>est de transmettre les grands textes, faire r\u00e9sonner les mots d\u2019hier dans les pr\u00e9occupations d\u2019aujourd\u2019hui, et inviter <b>tous les publics<\/b>, y compris les plus \u00e9loign\u00e9s de l<b>\u2019offre culturelle<\/b>, \u00e0 y prendre part.<\/p>\n<p class=\" wall-content\">Elle investit volontiers les <b>salles de classe<\/b>, les <b>biblioth\u00e8ques<\/b>, les <b>petites sc\u00e8nes<\/b> comme ici \u00e0 Flamanville, avec toujours cette m\u00eame conviction\u2009: l\u2019art peut faire grandir. Crescite, en latin, veut dire, grandissez.<\/p>\n<p class=\" wall-content\"><b>De notre correspondante Laure GHANNAM<\/b><\/p>\n<p>Vendredi 16 mai 2025 \u00e0 20\u2009h\u200930, \u00e0 partir de 10 ans. Entr\u00e9e gratuite. R\u00e9servation au 02\u200933\u200952\u200960\u200907 ou en ligne\u2009<a href=\"http:\/\/www.flamanville.fr\" rel=\"nofollow noopener\" target=\"_blank\">www.flamanville.fr<\/a><\/p>\n<p class=\" wall-content\">Suivez toute l\u2019actualit\u00e9 de vos villes et m\u00e9dias favoris en vous inscrivant \u00e0 <a href=\"https:\/\/moncompte.actu.fr\" title=\"D\u00e9couvez Mon Actu\" rel=\"nofollow noopener\" data-trk=\"{&quot;cta&quot;:{&quot;action&quot;:&quot;https:\\\/\\\/moncompte.actu.fr&quot;,&quot;category&quot;:&quot;mon compte&quot;,&quot;from&quot;:&quot;article footer&quot;,&quot;name&quot;:&quot;Mon actu&quot;,&quot;type&quot;:&quot;cta&quot;}}\" target=\"_blank\">Mon Actu<\/a>.<\/p>\n","protected":false},"excerpt":{"rendered":"Par R\u00e9daction La Presse de la Manche Publi\u00e9 le 14 mai 2025 \u00e0 8h12 Au Rafiot de Flamanville&hellip;\n","protected":false},"author":2,"featured_media":102213,"comment_status":"","ping_status":"","sticky":false,"template":"","format":"standard","meta":{"footnotes":""},"categories":[9587],"tags":[1111,11,3168,1777,674,1011,27,1652,12,5161,25,9590,853],"class_list":{"0":"post-102212","1":"post","2":"type-post","3":"status-publish","4":"format-standard","5":"has-post-thumbnail","7":"category-rouen","8":"tag-actu","9":"tag-actualites","10":"tag-cotentin","11":"tag-eu","12":"tag-europe","13":"tag-fr","14":"tag-france","15":"tag-loisirs-culture","16":"tag-news","17":"tag-normandie","18":"tag-republique-francaise","19":"tag-rouen","20":"tag-spectacles"},"share_on_mastodon":{"url":"https:\/\/pubeurope.com\/@fr\/114512552488155663","error":""},"_links":{"self":[{"href":"https:\/\/www.europesays.com\/fr\/wp-json\/wp\/v2\/posts\/102212","targetHints":{"allow":["GET"]}}],"collection":[{"href":"https:\/\/www.europesays.com\/fr\/wp-json\/wp\/v2\/posts"}],"about":[{"href":"https:\/\/www.europesays.com\/fr\/wp-json\/wp\/v2\/types\/post"}],"author":[{"embeddable":true,"href":"https:\/\/www.europesays.com\/fr\/wp-json\/wp\/v2\/users\/2"}],"replies":[{"embeddable":true,"href":"https:\/\/www.europesays.com\/fr\/wp-json\/wp\/v2\/comments?post=102212"}],"version-history":[{"count":0,"href":"https:\/\/www.europesays.com\/fr\/wp-json\/wp\/v2\/posts\/102212\/revisions"}],"wp:featuredmedia":[{"embeddable":true,"href":"https:\/\/www.europesays.com\/fr\/wp-json\/wp\/v2\/media\/102213"}],"wp:attachment":[{"href":"https:\/\/www.europesays.com\/fr\/wp-json\/wp\/v2\/media?parent=102212"}],"wp:term":[{"taxonomy":"category","embeddable":true,"href":"https:\/\/www.europesays.com\/fr\/wp-json\/wp\/v2\/categories?post=102212"},{"taxonomy":"post_tag","embeddable":true,"href":"https:\/\/www.europesays.com\/fr\/wp-json\/wp\/v2\/tags?post=102212"}],"curies":[{"name":"wp","href":"https:\/\/api.w.org\/{rel}","templated":true}]}}