{"id":102228,"date":"2025-05-15T15:33:08","date_gmt":"2025-05-15T15:33:08","guid":{"rendered":"https:\/\/www.europesays.com\/fr\/102228\/"},"modified":"2025-05-15T15:33:08","modified_gmt":"2025-05-15T15:33:08","slug":"nice-alerte-aux-orages-et-grosses-averses-changement-de-meteo-radical","status":"publish","type":"post","link":"https:\/\/www.europesays.com\/fr\/102228\/","title":{"rendered":"Nice. Alerte aux orages et grosses averses : changement de m\u00e9t\u00e9o radical"},"content":{"rendered":"<p>            Par<br \/>\n        <strong><br \/>\n            <a href=\"https:\/\/actu.fr\/auteur\/ugo-maillard\" title=\"Consulter tous les articles de Ugo Maillard\" target=\"_blank\" rel=\"noopener\">Ugo Maillard<\/a><br \/>\n        <\/strong><\/p>\n<p>        Publi\u00e9 le<\/p>\n<p>            15 mai 2025 \u00e0 17h13        <\/p>\n<p>Les rayons de <strong>soleil vont \u00eatre balay\u00e9s par les orages<\/strong>. Alors que la journ\u00e9e de ce jeudi est marqu\u00e9e par un soleil pr\u00e9sent sur l\u2019int\u00e9gralit\u00e9 du d\u00e9partement des <a href=\"https:\/\/actu.fr\/provence-alpes-cote-d-azur\/alpes-maritimes_06\" target=\"_blank\" rel=\"noopener\">Alpes-Maritimes<\/a>, les prochaines heures s\u2019annoncent bien plus maussades.<\/p>\n<p class=\" wall-content\">D\u00e8s les premi\u00e8res heures de ce vendredi 16\u00a0mai 2025, <a href=\"https:\/\/actu.fr\/nice\/\" target=\"_blank\" rel=\"noopener\">Nice<\/a> et les villes du d\u00e9partement seront frapp\u00e9es par des orages et des averses, localement intenses.<\/p>\n<p class=\" wall-content\">M\u00e9t\u00e9o France a plac\u00e9 le d\u00e9partement en <strong>vigilance jaune pour un risque d\u2019orages<\/strong>, \u00e0 l\u2019instar du Var, des Alpes-de-Haute-Provence et des <a href=\"https:\/\/actu.fr\/provence-alpes-cote-d-azur\/bouches-du-rhone_13\" target=\"_blank\" rel=\"noopener\">Bouches-du-Rh\u00f4ne<\/a>.<\/p>\n<p>Des orages et de la pluie<\/p>\n<p class=\" wall-content\">L\u2019alerte aux orages \u00e9mise par les experts de M\u00e9t\u00e9o France sera en vigueur de 12h \u00e0 20h. Du littoral, \u00e0 l\u2019arri\u00e8re-pays ni\u00e7ois en passant par les Alpes, <strong>toutes les communes seront concern\u00e9es par la foudre<\/strong>.<\/p>\n<p class=\" wall-content\">Selon les pr\u00e9visions du service officiel de la m\u00e9t\u00e9orologie et de la climatologie en France, les orages seront accompagn\u00e9s d\u2019averses sur une bonne partie du d\u00e9partement. Menton et Cannes seront touch\u00e9es par la pluie, mais Nice pourrait \u00eatre \u00e9pargn\u00e9e.<\/p>\n<p>Vid\u00e9os : en ce moment sur Actu<\/p>\n<p class=\" wall-content\">C\u00f4t\u00e9 temp\u00e9rature, la maximale du jour dans le d\u00e9partement des Alpes-Maritimes sera de 20\u00b0C.<\/p>\n<p>Vers un week-end ensoleill\u00e9\u2009?<\/p>\n<p class=\" wall-content\">Si les pr\u00e9visions restent incertaines puisque tr\u00e8s changeantes en cette p\u00e9riode de l\u2019ann\u00e9e, les mod\u00e8les tendent vers un week-end du samedi\u00a017 et dimanche 18\u00a0mai ensoleill\u00e9.<\/p>\n<p class=\" wall-content\">Hormis un l\u00e9ger risque pluvieux sur l\u2019arri\u00e8re-pays ni\u00e7ois, le <strong>ciel devrait \u00eatre d\u00e9gag\u00e9<\/strong> pour cette fin de semaine.<\/p>\n<p class=\" wall-content\">Suivez toute l\u2019actualit\u00e9 de vos villes et m\u00e9dias favoris en vous inscrivant \u00e0 <a href=\"https:\/\/moncompte.actu.fr\" title=\"D\u00e9couvez Mon Actu\" rel=\"nofollow noopener\" data-trk=\"{&quot;cta&quot;:{&quot;action&quot;:&quot;https:\\\/\\\/moncompte.actu.fr&quot;,&quot;category&quot;:&quot;mon compte&quot;,&quot;from&quot;:&quot;article footer&quot;,&quot;name&quot;:&quot;Mon actu&quot;,&quot;type&quot;:&quot;cta&quot;}}\" target=\"_blank\">Mon Actu<\/a>.<\/p>\n","protected":false},"excerpt":{"rendered":"Par Ugo Maillard Publi\u00e9 le 15 mai 2025 \u00e0 17h13 Les rayons de soleil vont \u00eatre balay\u00e9s par&hellip;\n","protected":false},"author":2,"featured_media":102229,"comment_status":"","ping_status":"","sticky":false,"template":"","format":"standard","meta":{"footnotes":""},"categories":[2819],"tags":[1111,11,1777,674,1011,27,2487,2357,12,2401,4594,882,25],"class_list":{"0":"post-102228","1":"post","2":"type-post","3":"status-publish","4":"format-standard","5":"has-post-thumbnail","7":"category-nice","8":"tag-actu","9":"tag-actualites","10":"tag-eu","11":"tag-europe","12":"tag-fr","13":"tag-france","14":"tag-meteo","15":"tag-meteo-france","16":"tag-news","17":"tag-nice","18":"tag-orages","19":"tag-provence-alpes-cote-dazur","20":"tag-republique-francaise"},"share_on_mastodon":{"url":"https:\/\/pubeurope.com\/@fr\/114512580041705975","error":""},"_links":{"self":[{"href":"https:\/\/www.europesays.com\/fr\/wp-json\/wp\/v2\/posts\/102228","targetHints":{"allow":["GET"]}}],"collection":[{"href":"https:\/\/www.europesays.com\/fr\/wp-json\/wp\/v2\/posts"}],"about":[{"href":"https:\/\/www.europesays.com\/fr\/wp-json\/wp\/v2\/types\/post"}],"author":[{"embeddable":true,"href":"https:\/\/www.europesays.com\/fr\/wp-json\/wp\/v2\/users\/2"}],"replies":[{"embeddable":true,"href":"https:\/\/www.europesays.com\/fr\/wp-json\/wp\/v2\/comments?post=102228"}],"version-history":[{"count":0,"href":"https:\/\/www.europesays.com\/fr\/wp-json\/wp\/v2\/posts\/102228\/revisions"}],"wp:featuredmedia":[{"embeddable":true,"href":"https:\/\/www.europesays.com\/fr\/wp-json\/wp\/v2\/media\/102229"}],"wp:attachment":[{"href":"https:\/\/www.europesays.com\/fr\/wp-json\/wp\/v2\/media?parent=102228"}],"wp:term":[{"taxonomy":"category","embeddable":true,"href":"https:\/\/www.europesays.com\/fr\/wp-json\/wp\/v2\/categories?post=102228"},{"taxonomy":"post_tag","embeddable":true,"href":"https:\/\/www.europesays.com\/fr\/wp-json\/wp\/v2\/tags?post=102228"}],"curies":[{"name":"wp","href":"https:\/\/api.w.org\/{rel}","templated":true}]}}