{"id":102232,"date":"2025-05-15T15:35:09","date_gmt":"2025-05-15T15:35:09","guid":{"rendered":"https:\/\/www.europesays.com\/fr\/102232\/"},"modified":"2025-05-15T15:35:09","modified_gmt":"2025-05-15T15:35:09","slug":"un-appel-a-temoins-est-lance-par-la-police-de-nantes","status":"publish","type":"post","link":"https:\/\/www.europesays.com\/fr\/102232\/","title":{"rendered":"un appel \u00e0 t\u00e9moins est lanc\u00e9 par la police de Nantes"},"content":{"rendered":"<p>            Par<br \/>\n        <strong><br \/>\n            <a href=\"https:\/\/actu.fr\/auteur\/clemence-pays02-actu-fr\" title=\"Consulter tous les articles de Cl\u00e9mence Pays\" rel=\"nofollow noopener\" target=\"_blank\">Cl\u00e9mence Pays<\/a><br \/>\n        <\/strong><\/p>\n<p>        Publi\u00e9 le<\/p>\n<p>            15 mai 2025 \u00e0 17h27        <\/p>\n<p>Voil\u00e0 quatre jours que <strong>Thierry Bourse<\/strong> a disparu. Sans nouvelle, la Police nationale lance un <strong>appel \u00e0 t\u00e9moins<\/strong> pour retrouver cet homme de <strong>70\u00a0ans.<\/strong><\/p>\n<p class=\" wall-content\">Selon les informations transmises par la Direction interd\u00e9partementale de la police nationale (DIPN 44), Thierry Bourse a <strong>disparu lundi 12\u00a0mai 2025,<\/strong> vers 16\u2009h\u200923, <strong>\u00e0 la sortie du bus 79,<\/strong> \u00e0 l\u2019arr\u00eat Charmille, \u00e0 <a href=\"https:\/\/actu.fr\/pays-de-la-loire\/orvault_44114\" rel=\"nofollow noopener\" target=\"_blank\">Orvault<\/a>, commune limitrophe de Nantes.<\/p>\n<p class=\" wall-content\">\u00ab\u2009Six <strong>chiens de patrouille<\/strong> sont actuellement d\u00e9ploy\u00e9s sur la zone de recherche\u2009\u00bb, pr\u00e9cisent \u00e9galement les forces de l\u2019ordre. Des <strong>enqu\u00eateurs<\/strong> du service local de la police judiciaire de Nantes sont \u00e9galement mobilis\u00e9s sur le terrain.<\/p>\n<p>L\u2019appel \u00e0 t\u00e9moins<\/p>\n<p class=\" wall-content\">Une photo de Thierry Bourse dans le bus a \u00e9t\u00e9 transmise. La derni\u00e8re fois qu\u2019il a \u00e9t\u00e9 aper\u00e7u, celui-ci portait un <strong>ensemble de surv\u00eatement<\/strong> fonc\u00e9 avec une partie blanche sur la partie haute de la veste\u2009; des<strong> baskets bleues<\/strong> et des<strong> lunettes de vue<\/strong> \u00e0 monture noire.<\/p>\n<p class=\" wall-content\">Thierry Bourse mesure <strong>1,75 m\u00e8tre,<\/strong> est de corpulence moyenne, a des <strong>cheveux poivre et sel<\/strong> et les<strong> yeux bleus.<\/strong><\/p>\n<p>Vid\u00e9os : en ce moment sur Actu<\/p>\n<p class=\" wall-content\">La DIPN 44 pr\u00e9cise \u00e9galement que<strong> le disparu souffre de \u00ab\u2009troubles cognitifs\u2009\u00bb.<\/strong><\/p>\n<p>      <img   decoding=\"async\" loading=\"lazy\" src=\"https:\/\/www.europesays.com\/fr\/wp-content\/uploads\/2025\/05\/disparition-m-thierry-bourse-960x640.png\" alt=\"Un appel \u00e0 t\u00e9moins a \u00e9t\u00e9 lanc\u00e9 par la police nationale pour retrouver Thierry Bourse.\" width=\"960\" height=\"640\"\/><br \/>\n    Un appel \u00e0 t\u00e9moins a \u00e9t\u00e9 lanc\u00e9 par la police nationale pour retrouver Thierry Bourse. (\u00a9DIPN 44\/Transmis \u00e0 actu Nantes)<\/p>\n<p class=\" wall-content\">Si vous avez des informations,<strong> contactez rapidement le commissariat de police de Nantes<\/strong> en composant le 17 ou le groupe de police administrative du service local de police judiciaire de Nantes au 02\u200953\u200946\u200970\u200900.<\/p>\n<p class=\" wall-content\">Suivez toute l\u2019actualit\u00e9 de vos villes et m\u00e9dias favoris en vous inscrivant \u00e0 <a href=\"https:\/\/moncompte.actu.fr\" title=\"D\u00e9couvez Mon Actu\" rel=\"nofollow noopener\" data-trk=\"{&quot;cta&quot;:{&quot;action&quot;:&quot;https:\\\/\\\/moncompte.actu.fr&quot;,&quot;category&quot;:&quot;mon compte&quot;,&quot;from&quot;:&quot;article footer&quot;,&quot;name&quot;:&quot;Mon actu&quot;,&quot;type&quot;:&quot;cta&quot;}}\" target=\"_blank\">Mon Actu<\/a>.<\/p>\n<ul class=\"ac-article-tag wall-content\">\n<li><a href=\"https:\/\/actu.fr\/tag\/disparition\" data-trk=\"{&quot;cta&quot;:{&quot;action&quot;:&quot;Disparition inqui\\u00e9tante&quot;,&quot;category&quot;:&quot;tag&quot;,&quot;from&quot;:&quot;article footer&quot;,&quot;name&quot;:&quot;Disparition inqui\\u00e9tante&quot;,&quot;type&quot;:&quot;cta&quot;}}\" rel=\"nofollow noopener\" target=\"_blank\">#Disparition inqui\u00e9tante<\/a><\/li>\n<li><a href=\"https:\/\/actu.fr\/tag\/police\" data-trk=\"{&quot;cta&quot;:{&quot;action&quot;:&quot;Police&quot;,&quot;category&quot;:&quot;tag&quot;,&quot;from&quot;:&quot;article footer&quot;,&quot;name&quot;:&quot;Police&quot;,&quot;type&quot;:&quot;cta&quot;}}\" rel=\"nofollow noopener\" target=\"_blank\">#Police<\/a><\/li>\n<\/ul>\n","protected":false},"excerpt":{"rendered":"Par Cl\u00e9mence Pays Publi\u00e9 le 15 mai 2025 \u00e0 17h27 Voil\u00e0 quatre jours que Thierry Bourse a disparu.&hellip;\n","protected":false},"author":2,"featured_media":102233,"comment_status":"","ping_status":"","sticky":false,"template":"","format":"standard","meta":{"footnotes":""},"categories":[2818],"tags":[1111,11,3676,1777,674,1011,27,766,12,2636,1072,25,104],"class_list":{"0":"post-102232","1":"post","2":"type-post","3":"status-publish","4":"format-standard","5":"has-post-thumbnail","7":"category-nantes","8":"tag-actu","9":"tag-actualites","10":"tag-disparition-inquietante","11":"tag-eu","12":"tag-europe","13":"tag-fr","14":"tag-france","15":"tag-nantes","16":"tag-news","17":"tag-pays-de-la-loire","18":"tag-police","19":"tag-republique-francaise","20":"tag-societe"},"share_on_mastodon":{"url":"https:\/\/pubeurope.com\/@fr\/114512588043802854","error":""},"_links":{"self":[{"href":"https:\/\/www.europesays.com\/fr\/wp-json\/wp\/v2\/posts\/102232","targetHints":{"allow":["GET"]}}],"collection":[{"href":"https:\/\/www.europesays.com\/fr\/wp-json\/wp\/v2\/posts"}],"about":[{"href":"https:\/\/www.europesays.com\/fr\/wp-json\/wp\/v2\/types\/post"}],"author":[{"embeddable":true,"href":"https:\/\/www.europesays.com\/fr\/wp-json\/wp\/v2\/users\/2"}],"replies":[{"embeddable":true,"href":"https:\/\/www.europesays.com\/fr\/wp-json\/wp\/v2\/comments?post=102232"}],"version-history":[{"count":0,"href":"https:\/\/www.europesays.com\/fr\/wp-json\/wp\/v2\/posts\/102232\/revisions"}],"wp:featuredmedia":[{"embeddable":true,"href":"https:\/\/www.europesays.com\/fr\/wp-json\/wp\/v2\/media\/102233"}],"wp:attachment":[{"href":"https:\/\/www.europesays.com\/fr\/wp-json\/wp\/v2\/media?parent=102232"}],"wp:term":[{"taxonomy":"category","embeddable":true,"href":"https:\/\/www.europesays.com\/fr\/wp-json\/wp\/v2\/categories?post=102232"},{"taxonomy":"post_tag","embeddable":true,"href":"https:\/\/www.europesays.com\/fr\/wp-json\/wp\/v2\/tags?post=102232"}],"curies":[{"name":"wp","href":"https:\/\/api.w.org\/{rel}","templated":true}]}}