{"id":102246,"date":"2025-05-15T15:42:08","date_gmt":"2025-05-15T15:42:08","guid":{"rendered":"https:\/\/www.europesays.com\/fr\/102246\/"},"modified":"2025-05-15T15:42:08","modified_gmt":"2025-05-15T15:42:08","slug":"nuit-des-musees-guinguettes-vinyle-market-que-faire-ce-week-end-dans-la-metropole-de-lille","status":"publish","type":"post","link":"https:\/\/www.europesays.com\/fr\/102246\/","title":{"rendered":"Nuit des mus\u00e9es, guinguettes, vinyle market\u2026 Que faire ce week-end dans la m\u00e9tropole de Lille\u00a0?"},"content":{"rendered":"<p>            Par<br \/>\n        <strong><br \/>\n            <a href=\"https:\/\/actu.fr\/auteur\/amandine-vachez\" title=\"Consulter tous les articles de Amandine Vachez\" rel=\"nofollow noopener\" target=\"_blank\">Amandine Vachez<\/a><br \/>\n        <\/strong><\/p>\n<p>        Publi\u00e9 le<\/p>\n<p>            15 mai 2025 \u00e0 16h28        <\/p>\n<p>Ce week-end s\u2019annonce riche en \u00e9v\u00e9nements, du c\u00f4t\u00e9 de <a href=\"https:\/\/actu.fr\/lille\/\" rel=\"nofollow noopener\" target=\"_blank\">Lille<\/a> (Nord)\u2009! Pour organiser votre fin de semaine, on vous liste des <b>sorties <\/b>\u00e0 faire sur le secteur, le jour et le soir, <b>samedi\u00a017 et dimanche 18\u00a0mai 2025.<\/b><\/p>\n<p>Nos id\u00e9es de sorties pour le week-end<\/p>\n<p class=\" wall-content\">C\u2019est assur\u00e9ment un des \u00e9v\u00e9nements tr\u00e8s attendus du week-end\u2009: les Geek Days sont de retour au Grand Palais pour <a href=\"https:\/\/actu.fr\/hauts-de-france\/lille_59350\/les-geek-days-reviennent-a-lille-quelles-nouveautes-pour-ledition-de-mai-2025_62623304.html\" rel=\"nofollow noopener\" target=\"_blank\">une 14e \u00e9dition<\/a>. Cette derni\u00e8re mettra \u00e0 l\u2019honneur la s\u00e9rie Arcane, avec des \u00e9v\u00e9nements autour dont des rencontres avec les voix fran\u00e7aises de la s\u00e9rie. Il y aura aussi des performances et animations, en plus de 140\u00a0exposants. Pour la premi\u00e8re fois sont au programme des shows spectaculaires de catch, de catch drag et de catch f\u00e9minin. Ouverture samedi de 10\u2009h \u00e0 19\u2009h et dimanche de 10\u2009h \u00e0 18\u2009h.<\/p>\n<ul class=\" wall-content\">\n<li><b>Vinyle market au Singe Savant<\/b><\/li>\n<\/ul>\n<p class=\" wall-content\">Avis aux aficionados de musique\u2026 et de vinyles\u2009: un march\u00e9 sp\u00e9cialis\u00e9 se tient ce samedi au bar du Singe Savant \u00e0 Lille.\u00a03\u2009000 vinyles, tous styles confondus, seront vendus \u00ab\u2009\u00e0 prix styl\u00e9s\u2009\u00bb, annonce l\u2019organisation.\u00a0Rock, Jazz, Techno, New Wave, Reggae\u2026 Il y aura des p\u00e9pites \u00e0 chiner\u2009! Le march\u00e9 se tiendra de 11\u2009h \u00e0 18\u2009h, avec des bi\u00e8res \u00e0 d\u00e9guster sur place, et une offre de restauration d\u00e8s midi. Plus d\u2019infos sur <a href=\"https:\/\/www.facebook.com\/events\/3913860078926392\/\" rel=\"nofollow noopener\" target=\"_blank\">l\u2019\u00e9v\u00e9nement Facebook<\/a>.<\/p>\n<p class=\" wall-content\">Ce week-end marque la r\u00e9ouverture de la <a href=\"https:\/\/actu.fr\/hauts-de-france\/bondues_59090\/detente-food-corners-et-soirees-la-nouvelle-adresse-festive-de-lete-se-trouve-a-bondues_61250100.html\" rel=\"nofollow noopener\" target=\"_blank\">Guinguette de la ferme \u00e0 Bondues<\/a>, pour une deuxi\u00e8me saison\u2009! Vous attendent \u00ab\u2009deux jours pour savourer les premiers rayons de soleil, trinquer entre amis, danser les pieds dans l\u2019herbe et d\u00e9couvrir la magie du lieu dans une ambiance qui m\u00eale le style boh\u00e8me chic.\u2009\u00bb Pour en savoir plus sur le programme et suivre les actualit\u00e9s du lieu, <a href=\"https:\/\/www.facebook.com\/p\/Guinguette-de-la-Ferme-Bondues-61558730009308\/\" rel=\"nofollow noopener\" target=\"_blank\">c\u2019est par ici<\/a>.<\/p>\n<p class=\" wall-content\">Pour rester sur le sujet guinguette, pour rappel, ce samedi, les r\u00e9sidences seniors Stella de la r\u00e9gion organisent <a href=\"https:\/\/actu.fr\/hauts-de-france\/villeneuve-d-ascq_59009\/insolite-participez-a-un-apres-midi-guinguette-dans-ces-residences-seniors-du-nord-pas-de-calais_62615189.html\" rel=\"nofollow noopener\" target=\"_blank\">un apr\u00e8s-midi guinguette<\/a>. Sur le secteur, vous pourrez en profiter \u00e0 Villeneuve-d\u2019Ascq. Assur\u00e9ment, ce samedi sera festif\u2009!<\/p>\n<p class=\" wall-content\">Pour rappel, sur la m\u00e9tropole, la guinguette saisonni\u00e8re de Lambersart est <a href=\"https:\/\/actu.fr\/hauts-de-france\/saint-andre-lez-lille_59527\/guinguettes-2025-la-madeleine-saint-andre-lambersart-quand-rouvrent-elles-en-bord-de-deule_62483104.html\" rel=\"nofollow noopener\" target=\"_blank\">d\u00e9j\u00e0 ouverte au public<\/a>.<\/p>\n<ul class=\" wall-content\">\n<li><b>Dernier jour d\u2019une friperie \u00e9ph\u00e9m\u00e8re \u00e0 Wambrechies<\/b><\/li>\n<\/ul>\n<p class=\" wall-content\">Vous aimez chiner, faire des affaires et consommer de mani\u00e8re solidaire\u2009? Alors bloquez vos agendas\u2009! La Bouquinerie du Sart de Wambrechies, dans la m\u00e9tropole de Lille, organise sa <a href=\"https:\/\/actu.fr\/hauts-de-france\/wambrechies_59636\/pres-de-lille-une-grande-vente-de-friperie-a-2-e-la-piece-organisee-pendant-3-jours_62621144.html\" rel=\"nofollow noopener\" target=\"_blank\">premi\u00e8re grande vente de fripes \u00e0 petit prix<\/a>, du jeudi\u00a015 au samedi 17\u00a0mai. Ce dernier jour, elle sera ouverte de 10\u2009h \u00e0 18\u2009h.<\/p>\n<ul class=\" wall-content\">\n<li><b>Fluide glacial f\u00eate ses 50\u00a0ans\u2009: des stars de la BD au Furet du Nord<\/b><\/li>\n<\/ul>\n<p class=\" wall-content\">Le magazine Fluide Glacial f\u00eate ses 50\u00a0ans \u00e0 Lille ce samedi\u2009! Pour l\u2019occasion, une dizaine de dessinateurs seront en d\u00e9dicace au Furet du Nord, de 14\u2009h\u200930 \u00e0 18\u2009h\u2009: Fran\u00e7ois Boucq, Daniel Goossens, Emmanuel Reuz\u00e9, Mab, Mo\/CDM, Vincent L\u00e9v\u00eaque, Pascal Vald\u00e9s, Julien Hervieux, Vincent Malgras\u2026 Et bien s\u00fbr le r\u00e9dacteur en chef du titre, Cl\u00e9ment Argouarc\u2019h, et toute la r\u00e9daction du journal\u2009! Les bougies seront souffl\u00e9es \u00e0 16\u2009h dans la c\u00e9l\u00e8bre librairie nordiste.<\/p>\n<ul class=\" wall-content\">\n<li><b>La Garde R\u00e9publicaine \u00e0 Marcq-en-Bar\u0153ul pour Pont en F\u00eate<\/b><\/li>\n<\/ul>\n<p class=\" wall-content\">C\u2019est un \u00e9v\u00e9nement incontournable \u00e0 Marcq-en-Bar\u0153ul et la prochaine \u00e9dition s\u2019annonce magnifique\u2009! Pont en F\u00eate revient en effet les samedi\u00a017 et dimanche 18\u00a0mai avec la pr\u00e9sence exceptionnelle de la Garde R\u00e9publicaine. Ce week-end de f\u00eate et d\u2019exception d\u00e9butera le samedi 17\u00a0mai \u00e0 18\u2009h\u200930. On vous en dit plus sur le sujet <a href=\"https:\/\/actu.fr\/hauts-de-france\/marcq-en-baroeul_59378\/marcq-en-baroeul-la-prestigieuse-garde-republicaine-sera-presente-pour-pont-en-fete_62623576.html\" rel=\"nofollow noopener\" target=\"_blank\">dans un article cibl\u00e9<\/a>.<\/p>\n<ul class=\" wall-content\">\n<li><b>Une f\u00eate de la bi\u00e8re \u00e0 Wambrechies\u00a0<\/b><\/li>\n<\/ul>\n<p class=\" wall-content\">Ce dimanche 18 mai, c\u2019est Wambierchies ! Si vous ne connaissez pas cet \u00e9v\u00e9nement, c\u2019est le moment de le d\u00e9couvrir. Il s\u2019agit d\u2019une grande f\u00eate de la bi\u00e8re musicale qui se d\u00e9roule dans le magnifique parc de Robersart \u00e0 Wambrechies. Et comme une bonne nouvelle n\u2019arrive jamais seule, <a href=\"https:\/\/actu.fr\/hauts-de-france\/wambrechies_59636\/pres-de-lille-une-grande-fete-de-la-biere-musicale-et-gratuite-aura-lieu-ce-dimanche-dans-un-magnifique-parc_62634597.html\" rel=\"nofollow noopener\" target=\"_blank\">l\u2019entr\u00e9e est gratuite<\/a> !<\/p>\n<ul class=\" wall-content\">\n<li><b>La Nuit des mus\u00e9es \u00e0 Lille<\/b><\/li>\n<\/ul>\n<p class=\" wall-content\">Une nocturne festive vous attend au Palais des Beaux-arts pour la Nuit des mus\u00e9es, de 18\u2009h \u00e0 minuit. Au programme\u2009: expositions, chefs-d\u2019\u0153uvre, traditions flamandes et curiosit\u00e9s du Mus\u00e9e d\u2019Histoire naturelle. L\u2019exposition du moment consacr\u00e9e aux f\u00eates et c\u00e9l\u00e9brations flamandes sera en acc\u00e8s libre pour l\u2019occasion. Des animations musicales animeront le Palais des Beaux-arts, avec un ensemble de cornemuses et des d\u00e9monstrations de danses flamandes. De son c\u00f4t\u00e9, en attendant sa r\u00e9ouverture, le Mus\u00e9e d\u2019histoire naturelle de Lille propose un atelier hors les murs autour de ses collections (cristaux, fossiles, squelettes, insectes\u2026) et de son projet de r\u00e9novation. Pour en savoir plus, rendez-vous <a href=\"https:\/\/pba.lille.fr\/Agenda\/LA-NUIT-DES-MUSEES\" rel=\"nofollow noopener\" target=\"_blank\">sur le site officiel du PBA<\/a>.<\/p>\n<p class=\" wall-content\">L\u2019\u00e9v\u00e9nement se couple \u00e0 la Nuit des Arts \u00e0 Roubaix, d\u00e8s ce vendredi et jusqu\u2019\u00e0 dimanche. On vous en dit plus sur le sujet <a href=\"https:\/\/actu.fr\/hauts-de-france\/roubaix_59512\/la-nuit-des-arts-est-de-retour-a-roubaix-cest-le-rendez-vous-a-ne-pas-manquer_62633056.html\" rel=\"nofollow noopener\" target=\"_blank\">par ici<\/a>.<\/p>\n<p class=\" wall-content\">Pour rappel, la Nuit des mus\u00e9es est un \u00e9v\u00e9nement national. On vous liste\u00a0<a href=\"https:\/\/actu.fr\/loisirs-culture\/nuit-des-musees-2025-on-a-selectionne-10-musees-a-faire-dans-le-nord-et-le-pas-de-calais_62619828.html\" rel=\"nofollow noopener\" target=\"_blank\">10 mus\u00e9es \u00e0 visiter ce soir-l\u00e0, dans le Nord \u2013 Pas-de-Calais<\/a>.<\/p>\n<p class=\" wall-content\">Voil\u00e0 de quoi vous donner quelques id\u00e9es\u2009!<\/p>\n<p class=\" wall-content\">Suivez toute l\u2019actualit\u00e9 de vos villes et m\u00e9dias favoris en vous inscrivant \u00e0 <a href=\"https:\/\/moncompte.actu.fr\" title=\"D\u00e9couvez Mon Actu\" rel=\"nofollow noopener\" data-trk=\"{&quot;cta&quot;:{&quot;action&quot;:&quot;https:\\\/\\\/moncompte.actu.fr&quot;,&quot;category&quot;:&quot;mon compte&quot;,&quot;from&quot;:&quot;article footer&quot;,&quot;name&quot;:&quot;Mon actu&quot;,&quot;type&quot;:&quot;cta&quot;}}\" target=\"_blank\">Mon Actu<\/a>.<\/p>\n<ul class=\"ac-article-tag wall-content\">\n<li><a href=\"https:\/\/actu.fr\/tag\/bon-plan-a-lille\" data-trk=\"{&quot;cta&quot;:{&quot;action&quot;:&quot;Bon plan \\u00e0 Lille&quot;,&quot;category&quot;:&quot;tag&quot;,&quot;from&quot;:&quot;article footer&quot;,&quot;name&quot;:&quot;Bon plan \\u00e0 Lille&quot;,&quot;type&quot;:&quot;cta&quot;}}\" rel=\"nofollow noopener\" target=\"_blank\">#Bon plan \u00e0 Lille<\/a><\/li>\n<li><a href=\"https:\/\/actu.fr\/tag\/famille\" data-trk=\"{&quot;cta&quot;:{&quot;action&quot;:&quot;Famille&quot;,&quot;category&quot;:&quot;tag&quot;,&quot;from&quot;:&quot;article footer&quot;,&quot;name&quot;:&quot;Famille&quot;,&quot;type&quot;:&quot;cta&quot;}}\" rel=\"nofollow noopener\" target=\"_blank\">#Famille<\/a><\/li>\n<\/ul>\n","protected":false},"excerpt":{"rendered":"Par Amandine Vachez Publi\u00e9 le 15 mai 2025 \u00e0 16h28 Ce week-end s\u2019annonce riche en \u00e9v\u00e9nements, du c\u00f4t\u00e9&hellip;\n","protected":false},"author":2,"featured_media":102247,"comment_status":"","ping_status":"","sticky":false,"template":"","format":"standard","meta":{"footnotes":""},"categories":[2815],"tags":[1111,11,6557,1777,674,652,1011,27,811,1307,1652,12,25],"class_list":{"0":"post-102246","1":"post","2":"type-post","3":"status-publish","4":"format-standard","5":"has-post-thumbnail","7":"category-lille","8":"tag-actu","9":"tag-actualites","10":"tag-bon-plan-a-lille","11":"tag-eu","12":"tag-europe","13":"tag-famille","14":"tag-fr","15":"tag-france","16":"tag-hauts-de-france","17":"tag-lille","18":"tag-loisirs-culture","19":"tag-news","20":"tag-republique-francaise"},"share_on_mastodon":{"url":"https:\/\/pubeurope.com\/@fr\/114512615532264951","error":""},"_links":{"self":[{"href":"https:\/\/www.europesays.com\/fr\/wp-json\/wp\/v2\/posts\/102246","targetHints":{"allow":["GET"]}}],"collection":[{"href":"https:\/\/www.europesays.com\/fr\/wp-json\/wp\/v2\/posts"}],"about":[{"href":"https:\/\/www.europesays.com\/fr\/wp-json\/wp\/v2\/types\/post"}],"author":[{"embeddable":true,"href":"https:\/\/www.europesays.com\/fr\/wp-json\/wp\/v2\/users\/2"}],"replies":[{"embeddable":true,"href":"https:\/\/www.europesays.com\/fr\/wp-json\/wp\/v2\/comments?post=102246"}],"version-history":[{"count":0,"href":"https:\/\/www.europesays.com\/fr\/wp-json\/wp\/v2\/posts\/102246\/revisions"}],"wp:featuredmedia":[{"embeddable":true,"href":"https:\/\/www.europesays.com\/fr\/wp-json\/wp\/v2\/media\/102247"}],"wp:attachment":[{"href":"https:\/\/www.europesays.com\/fr\/wp-json\/wp\/v2\/media?parent=102246"}],"wp:term":[{"taxonomy":"category","embeddable":true,"href":"https:\/\/www.europesays.com\/fr\/wp-json\/wp\/v2\/categories?post=102246"},{"taxonomy":"post_tag","embeddable":true,"href":"https:\/\/www.europesays.com\/fr\/wp-json\/wp\/v2\/tags?post=102246"}],"curies":[{"name":"wp","href":"https:\/\/api.w.org\/{rel}","templated":true}]}}