{"id":102250,"date":"2025-05-15T15:44:09","date_gmt":"2025-05-15T15:44:09","guid":{"rendered":"https:\/\/www.europesays.com\/fr\/102250\/"},"modified":"2025-05-15T15:44:09","modified_gmt":"2025-05-15T15:44:09","slug":"des-perquisitions-menees-chez-le-depute-insoumis-de-marseille-sebastien-delogu-pour-vol-de-documents-liberation","status":"publish","type":"post","link":"https:\/\/www.europesays.com\/fr\/102250\/","title":{"rendered":"Des perquisitions men\u00e9es chez le d\u00e9put\u00e9 insoumis de Marseille S\u00e9bastien Delogu pour vol de documents \u2013 Lib\u00e9ration"},"content":{"rendered":"<p class=\"sc-ksZaOG ehjQrN text-element\">Le mot perquisition rappelle un souvenir p\u00e9nible \u00e0 La France insoumise. Une s\u00e9quence captur\u00e9e par <a href=\"https:\/\/www.liberation.fr\/checknews\/2019\/09\/26\/est-il-normal-que-des-journalistes-aient-ete-presents-lors-de-la-perquisition-au-siege-de-la-france-_1753446\/\" target=\"_blank\" rel=\"noopener\" title=\"https:\/\/www.liberation.fr\/checknews\/2019\/09\/26\/est-il-normal-que-des-journalistes-aient-ete-presents-lors-de-la-perquisition-au-siege-de-la-france-_1753446\/\">les cam\u00e9ras de l\u2019\u00e9mission Quotidien<\/a> <a href=\"https:\/\/www.liberation.fr\/france\/2018\/10\/16\/perquisitions-a-la-france-insoumise-que-dit-la-loi_1685731\/\" target=\"_blank\" rel=\"noopener\" title=\"https:\/\/www.liberation.fr\/france\/2018\/10\/16\/perquisitions-a-la-france-insoumise-que-dit-la-loi_1685731\/\">le 16 octobre 2018<\/a>, lorsque Jean-Luc M\u00e9lenchon, alors d\u00e9put\u00e9 LFI de Marseille, barrait la route aux forces de l\u2019ordre qui tentaient de s\u2019introduire au si\u00e8ge de son mouvement en s\u2019\u00e9criant : \u00abLa R\u00e9publique c\u2019est moi !\u00bb Deux enqu\u00eates pr\u00e9liminaires avaient \u00e9t\u00e9 ouvertes par le parquet de Paris <a href=\"https:\/\/www.liberation.fr\/checknews\/2018\/10\/23\/comptes-de-campagne-de-melenchon-l-argumentaire-de-lfi-decrypte_1686991\/\" target=\"_blank\" rel=\"noopener\" title=\"https:\/\/www.liberation.fr\/checknews\/2018\/10\/23\/comptes-de-campagne-de-melenchon-l-argumentaire-de-lfi-decrypte_1686991\/\">sur les comptes de la campagne pr\u00e9sidentielle de 2017<\/a>, et <a href=\"https:\/\/www.liberation.fr\/checknews\/ineligibilite-de-marine-le-pen-ou-en-sont-les-affaires-dassistants-parlementaires-qui-visent-bayrou-et-melenchon-20250401_RR55JSOKDRGNRFVGWNHLKY7K3M\/\" target=\"_blank\" rel=\"noopener\" title=\"https:\/\/www.liberation.fr\/checknews\/ineligibilite-de-marine-le-pen-ou-en-sont-les-affaires-dassistants-parlementaires-qui-visent-bayrou-et-melenchon-20250401_RR55JSOKDRGNRFVGWNHLKY7K3M\/\">les conditions d\u2019emplois d\u2019assistants parlementaires europ\u00e9ens<\/a>, des affaires toujours en cours de proc\u00e9dure. Une sc\u00e8ne devenue l\u2019embl\u00e8me des outrances du leader insoumis, qui entretient depuis un discours revendiqu\u00e9 comme \u00abtr\u00e8s critique\u00bb vis-\u00e0-vis de l\u2019institution judiciaire.<\/p>\n<p class=\"sc-ksZaOG ehjQrN text-element\">Alors quand la permanence et le domicile de son ancien chauffeur d\u00e9sormais d\u00e9put\u00e9 LFI de Marseille <a href=\"https:\/\/www.liberation.fr\/portraits\/sebastien-delogu-priorite-a-gauche-20230519_KDWLSSL44ZAD7NFCT7222QKO7A\/\" target=\"_blank\" rel=\"noopener\" title=\"https:\/\/www.liberation.fr\/portraits\/sebastien-delogu-priorite-a-gauche-20230519_KDWLSSL44ZAD7NFCT7222QKO7A\/\">S\u00e9bastien Delogu<\/a> ont \u00e9t\u00e9 perquisitionn\u00e9s par la brigade financi\u00e8re ce jeudi 15 mai \u00abdans le cadre d\u2019une enqu\u00eate pr\u00e9liminaire ouverte en octobre 2024 pour vol, recel de vol, mise en danger par r\u00e9v\u00e9lation d\u2019information relative \u00e0 la vie priv\u00e9e par communication publique en ligne et atteinte au secret des correspondances\u00bb, selon les d\u00e9tails donn\u00e9s par le parquet de Marseille \u00e0 l\u2019AFP, la r\u00e9action de Jean-Luc M\u00e9lenchon n\u2019a pas tard\u00e9 \u00e0 fuser. \u00abLe monde \u00e0 l\u2019envers ! s\u2019est-il indign\u00e9 sur X. S\u00e9bastien Delogu d\u00e9nonce avec des documents des malversations et c\u2019est lui qui est perquisitionn\u00e9 pour savoir d\u2019o\u00f9 il a eu les documents. A Marseille, police et justice vivent dans un univers parall\u00e8le o\u00f9 n\u2019existent pas de droits pour les lanceurs d\u2019alerte et o\u00f9 on les perquisitionne plut\u00f4t que les mis en cause. Entre autres\u2026\u00bb <\/p>\n<p class=\"sc-ksZaOG ehjQrN text-element\">Selon l\u2019entourage du d\u00e9put\u00e9 interrog\u00e9 par l\u2019AFP, ces perquisitions seraient li\u00e9es \u00e0 l\u2019activation de l\u2019article 40 du code de proc\u00e9dure p\u00e9nale, selon lequel les autorit\u00e9s publiques ou les fonctionnaires doivent signaler au procureur un d\u00e9lit lorsqu\u2019ils en ont connaissance. Le d\u00e9put\u00e9 de la 7e circonscription des Bouches-du-Rh\u00f4ne l\u2019aurait effectu\u00e9 en septembre aupr\u00e8s de la justice car il suspectait des abus de biens sociaux au sein de l\u2019entreprise Laser Propret\u00e9, qui a \u00e9t\u00e9 au centre d\u2019un conflit social touchant le nettoyage du m\u00e9tro et de la gare Saint-Charles de Marseille.<\/p>\n<p class=\"sc-ksZaOG ehjQrN text-element\">Toujours selon son entourage, une des personnes vis\u00e9es par ce signalement a ensuite d\u00e9pos\u00e9 plainte pour recel de vol de documents et c\u2019est dans ce cadre que les perquisitions ont \u00e9t\u00e9 men\u00e9es, les policiers cherchant \u00e0 r\u00e9cup\u00e9rer ces documents. De son c\u00f4t\u00e9, le parquet de Marseille a pr\u00e9cis\u00e9 \u00e0 l\u2019AFP qu\u2019une plainte est \u00e0 l\u2019origine de l\u2019enqu\u00eate, sans aucun d\u00e9tail suppl\u00e9mentaire et sans faire aucun lien avec le signalement effectu\u00e9 par le d\u00e9put\u00e9.<\/p>\n<p class=\"sc-ksZaOG ehjQrN text-element\">\u00abJe trouve inacceptable que la justice me perquisitionne pour un recel de documents alors que je d\u00e9non\u00e7ais des faits graves aupr\u00e8s de la justice\u00bb, a d\u00e9clar\u00e9 S\u00e9bastien Delogu <a href=\"https:\/\/marsactu.fr\/bref\/le-depute-sebastien-delogu-perquisitionne-dans-le-cadre-dune-enquete-pour-vol-de-documents\/\" target=\"_blank\" rel=\"noopener\" title=\"https:\/\/marsactu.fr\/bref\/le-depute-sebastien-delogu-perquisitionne-dans-le-cadre-dune-enquete-pour-vol-de-documents\/\">au site d\u2019informations Marsactu<\/a>. Manuel Bompard, autre d\u00e9put\u00e9 LFI de Marseille et coordonnateur national du parti, parle lui sur X d\u2019une \u00abperquisition scandaleuse et totalement abusive\u00bb.<\/p>\n<p class=\"sc-ksZaOG ehjQrN text-element\">La SNCF avait r\u00e9sili\u00e9 en septembre son contrat avec Laser Propret\u00e9 pour le nettoyage de la gare Saint-Charles apr\u00e8s des pratiques frauduleuses qui consistaient \u00e0 affecter les m\u00eames personnels sur deux march\u00e9s diff\u00e9rents. Une autre soci\u00e9t\u00e9 avait ensuite \u00e9t\u00e9 r\u00e9quisitionn\u00e9e par les autorit\u00e9s pour nettoyer la gare, qui a un temps croul\u00e9 sous les d\u00e9chets. Laser Propret\u00e9 est d\u00e9sormais en liquidation judiciaire. En parall\u00e8le, S\u00e9bastien Delogu et Manuel Bompard avaient annonc\u00e9 saisir la justice au sujet de la \u00abgestion chaotique et ill\u00e9gale\u00bb de l\u2019entreprise mena\u00e7ant l\u2019emploi de ses salari\u00e9s qui avaient \u00e9t\u00e9 \u00ables premiers lanceurs d\u2019alerte\u00bb.<\/p>\n","protected":false},"excerpt":{"rendered":"Le mot perquisition rappelle un souvenir p\u00e9nible \u00e0 La France insoumise. Une s\u00e9quence captur\u00e9e par les cam\u00e9ras de&hellip;\n","protected":false},"author":2,"featured_media":102251,"comment_status":"","ping_status":"","sticky":false,"template":"","format":"standard","meta":{"footnotes":""},"categories":[2814],"tags":[1111,11,1777,674,1011,27,3081,780,884,12,882,25],"class_list":{"0":"post-102250","1":"post","2":"type-post","3":"status-publish","4":"format-standard","5":"has-post-thumbnail","7":"category-marseille","8":"tag-actu","9":"tag-actualites","10":"tag-eu","11":"tag-europe","12":"tag-fr","13":"tag-france","14":"tag-jean-luc-melenchon","15":"tag-lfi","16":"tag-marseille","17":"tag-news","18":"tag-provence-alpes-cote-dazur","19":"tag-republique-francaise"},"share_on_mastodon":{"url":"https:\/\/pubeurope.com\/@fr\/114512623288706842","error":""},"_links":{"self":[{"href":"https:\/\/www.europesays.com\/fr\/wp-json\/wp\/v2\/posts\/102250","targetHints":{"allow":["GET"]}}],"collection":[{"href":"https:\/\/www.europesays.com\/fr\/wp-json\/wp\/v2\/posts"}],"about":[{"href":"https:\/\/www.europesays.com\/fr\/wp-json\/wp\/v2\/types\/post"}],"author":[{"embeddable":true,"href":"https:\/\/www.europesays.com\/fr\/wp-json\/wp\/v2\/users\/2"}],"replies":[{"embeddable":true,"href":"https:\/\/www.europesays.com\/fr\/wp-json\/wp\/v2\/comments?post=102250"}],"version-history":[{"count":0,"href":"https:\/\/www.europesays.com\/fr\/wp-json\/wp\/v2\/posts\/102250\/revisions"}],"wp:featuredmedia":[{"embeddable":true,"href":"https:\/\/www.europesays.com\/fr\/wp-json\/wp\/v2\/media\/102251"}],"wp:attachment":[{"href":"https:\/\/www.europesays.com\/fr\/wp-json\/wp\/v2\/media?parent=102250"}],"wp:term":[{"taxonomy":"category","embeddable":true,"href":"https:\/\/www.europesays.com\/fr\/wp-json\/wp\/v2\/categories?post=102250"},{"taxonomy":"post_tag","embeddable":true,"href":"https:\/\/www.europesays.com\/fr\/wp-json\/wp\/v2\/tags?post=102250"}],"curies":[{"name":"wp","href":"https:\/\/api.w.org\/{rel}","templated":true}]}}