{"id":102254,"date":"2025-05-15T15:46:10","date_gmt":"2025-05-15T15:46:10","guid":{"rendered":"https:\/\/www.europesays.com\/fr\/102254\/"},"modified":"2025-05-15T15:46:10","modified_gmt":"2025-05-15T15:46:10","slug":"lyon-le-petit-tacle-de-lacazette-a-doucet-amuse-les-reseaux","status":"publish","type":"post","link":"https:\/\/www.europesays.com\/fr\/102254\/","title":{"rendered":"Lyon. Le petit tacle de Lacazette \u00e0 Doucet amuse les r\u00e9seaux"},"content":{"rendered":"<p>\t\t\t\t<img loading=\"lazy\" decoding=\"async\" width=\"900\" height=\"563\" src=\"https:\/\/www.europesays.com\/fr\/wp-content\/uploads\/2025\/05\/01-Lacazette-Doucet.jpg\" alt=\"\" title=\"01 Lacazette Doucet\"   class=\"wp-image-159446\"\/><\/p>\n<p>Le capitaine lyonnais loupe rarement une occasion. Y compris quand il faut se moquer du maire de Lyon &#8211; Photos \u00a9 DR \/ OL<\/p>\n<p style=\"font-weight: 400;\"><strong>Texte\u00a0: Morgan Couturier \u2013<\/strong> Fra\u00eechement nomm\u00e9 chevalier de l\u2019ordre national du M\u00e9rite, l\u2019attaquant lyonnais n\u2019a pas oubli\u00e9 d\u2019\u00eatre taquin avec le maire de Lyon, \u00e0 l\u2019occasion de la remise de sa m\u00e9daille. Un tacle plac\u00e9 sur le ton de l\u2019humour, qui a bien amus\u00e9 les internautes.<\/p>\n<p style=\"font-weight: 400;\">\u00c0 d\u00e9faut de remporter le derby, le G\u00e9n\u00e9ral <strong>Lacazette<\/strong> pourra toujours se vanter d\u2019avoir remport\u00e9 sa derni\u00e8re bataille avec les Verts. Pas les St\u00e9phanois, qu\u2019il aurait aim\u00e9 corriger en avril dernier, mais plut\u00f4t <strong>Gr\u00e9gory Doucet<\/strong>, figure locale du mouvement \u00e9cologiste. Et pour cause, si les abonn\u00e9s des r\u00e9seaux sociaux de l\u2019Olympique Lyonnais connaissent le c\u00f4t\u00e9 malicieux de leur capitaine, friand de taquineries avec ses partenaires, ce dernier n\u2019a pu s\u2019emp\u00eacher de tacler (gentiment) le maire de Lyon (jugez ci-dessous).<\/p>\n<blockquote class=\"instagram-media\" style=\"background: #FFF; border: 0; border-radius: 3px; box-shadow: 0 0 1px 0 rgba(0,0,0,0.5),0 1px 10px 0 rgba(0,0,0,0.15); margin: 1px; max-width: 540px; min-width: 326px; padding: 0; width: calc(100% - 2px);\" data-instgrm-captioned=\"\" data-instgrm-permalink=\"https:\/\/www.instagram.com\/reel\/DJpHLufoE4V\/?utm_source=ig_embed&amp;utm_campaign=loading\" data-instgrm-version=\"14\">\n<\/blockquote>\n<p style=\"font-weight: 400;\">L\u2019\u00e9dile, rembarr\u00e9 par des enfants trop timides pour lui dire bonjour, Alexandre Lacazette en a profit\u00e9 pour souligner le choix vestimentaire douteux de celui-ci, habill\u00e9 de\u2026 vert pour cette c\u00e9r\u00e9monie officielle au cours de laquelle le buteur lyonnais et son partenaire, <strong>Rayan Cherki<\/strong> recevaient la m\u00e9daille de chevalier de l\u2019ordre national du M\u00e9rite (obtenue suite \u00e0 leur m\u00e9daille d\u2019argent acquise lors des derniers JO de Paris 2024).<\/p>\n<p><a href=\"https:\/\/www.lyonpeople.com\/actualites-lyon\/actualites-sportives\/lyon-le-petit-tacle-de-lacazette-a-doucet-amuse-les-reseaux-2025-05-15.html\/attachment\/03-cherki-lacazette\" rel=\"attachment wp-att-159444 nofollow noopener\" target=\"_blank\"><img loading=\"lazy\" decoding=\"async\" class=\"lazy lazy-hidden alignnone size-full wp-image-159444\" data-lazy-type=\"image\" src=\"https:\/\/www.europesays.com\/fr\/wp-content\/uploads\/2025\/05\/03-Cherki-Lacazette.jpg\" alt=\"\" width=\"900\" height=\"563\"  \/><\/a><\/p>\n<p style=\"font-weight: 400;\">Une couleur malvenue pour tout joueur et supporter de l\u2019OL. Et si ce d\u00e9tail n\u2019a pas \u00e9chapp\u00e9 au \u00ab\u00a0G\u00e9n\u00e9ral\u00a0\u00bb, il est encore moins pass\u00e9 inaper\u00e7u du c\u00f4t\u00e9 des internautes, nombreux \u00e0 regretter ce mauvais go\u00fbt. \u00ab\u00a0Le maire de Lyon habill\u00e9 en vert pour une c\u00e9r\u00e9monie qui r\u00e9compense deux joueurs de l\u2019OL, il n\u2019en loupe pas une\u00a0\u00bb, en rigole ainsi un supporter. \u00ab\u00a0Doucet, toujours hors-jeu\u00a0\u00bb, poursuit un autre internaute, en s\u2019appuyant sur le jargon footballistique.<\/p>\n<p style=\"font-weight: 400;\">Qu\u2019importe, depuis cette raillerie l\u00e9g\u00e8re, le maire de Lyon aura peut-\u00eatre eu la bonne id\u00e9e de s\u2019acquitter du nouveau maillot des Rouge et Bleu, imagin\u00e9 par leur \u00e9quipementier, \u00e0 l\u2019occasion du 75e anniversaire du club. Une tunique du plus bel effet, pr\u00e9sent\u00e9e, elle aussi, dans les salons de la Pr\u00e9fecture du Rh\u00f4ne. En pr\u00e9sence d\u2019un certain\u2026 <strong>Jean-Michel Aulas<\/strong>.<\/p>\n<p><a href=\"https:\/\/www.lyonpeople.com\/actualites-lyon\/actualites-sportives\/lyon-le-petit-tacle-de-lacazette-a-doucet-amuse-les-reseaux-2025-05-15.html\/attachment\/05-lacazette-doucet\" rel=\"attachment wp-att-159445 nofollow noopener\" target=\"_blank\"><img loading=\"lazy\" decoding=\"async\" class=\"lazy lazy-hidden alignnone size-full wp-image-159445\" data-lazy-type=\"image\" src=\"https:\/\/www.europesays.com\/fr\/wp-content\/uploads\/2025\/05\/05-Lacazette-Doucet.jpg\" alt=\"\" width=\"900\" height=\"731\"  \/><\/a><\/p>\n<p>\t\t\t<script async src=\"\/\/www.instagram.com\/embed.js\"><\/script><\/p>\n","protected":false},"excerpt":{"rendered":"Le capitaine lyonnais loupe rarement une occasion. Y compris quand il faut se moquer du maire de Lyon&hellip;\n","protected":false},"author":2,"featured_media":102255,"comment_status":"","ping_status":"","sticky":false,"template":"","format":"standard","meta":{"footnotes":""},"categories":[1889],"tags":[4257,1111,47,11,2430,1777,674,1011,27,2428,12,978,25],"class_list":{"0":"post-102254","1":"post","2":"type-post","3":"status-publish","4":"format-standard","5":"has-post-thumbnail","7":"category-lyon","8":"tag-0top","9":"tag-actu","10":"tag-actualite","11":"tag-actualites","12":"tag-auvergne-rhone-alpes","13":"tag-eu","14":"tag-europe","15":"tag-fr","16":"tag-france","17":"tag-lyon","18":"tag-news","19":"tag-olympique-lyonnais","20":"tag-republique-francaise"},"share_on_mastodon":{"url":"https:\/\/pubeurope.com\/@fr\/114512631246156641","error":""},"_links":{"self":[{"href":"https:\/\/www.europesays.com\/fr\/wp-json\/wp\/v2\/posts\/102254","targetHints":{"allow":["GET"]}}],"collection":[{"href":"https:\/\/www.europesays.com\/fr\/wp-json\/wp\/v2\/posts"}],"about":[{"href":"https:\/\/www.europesays.com\/fr\/wp-json\/wp\/v2\/types\/post"}],"author":[{"embeddable":true,"href":"https:\/\/www.europesays.com\/fr\/wp-json\/wp\/v2\/users\/2"}],"replies":[{"embeddable":true,"href":"https:\/\/www.europesays.com\/fr\/wp-json\/wp\/v2\/comments?post=102254"}],"version-history":[{"count":0,"href":"https:\/\/www.europesays.com\/fr\/wp-json\/wp\/v2\/posts\/102254\/revisions"}],"wp:featuredmedia":[{"embeddable":true,"href":"https:\/\/www.europesays.com\/fr\/wp-json\/wp\/v2\/media\/102255"}],"wp:attachment":[{"href":"https:\/\/www.europesays.com\/fr\/wp-json\/wp\/v2\/media?parent=102254"}],"wp:term":[{"taxonomy":"category","embeddable":true,"href":"https:\/\/www.europesays.com\/fr\/wp-json\/wp\/v2\/categories?post=102254"},{"taxonomy":"post_tag","embeddable":true,"href":"https:\/\/www.europesays.com\/fr\/wp-json\/wp\/v2\/tags?post=102254"}],"curies":[{"name":"wp","href":"https:\/\/api.w.org\/{rel}","templated":true}]}}