{"id":102265,"date":"2025-05-15T15:52:08","date_gmt":"2025-05-15T15:52:08","guid":{"rendered":"https:\/\/www.europesays.com\/fr\/102265\/"},"modified":"2025-05-15T15:52:08","modified_gmt":"2025-05-15T15:52:08","slug":"le-rappeur-sous-le-coup-dune-sanction-rare-et-severe","status":"publish","type":"post","link":"https:\/\/www.europesays.com\/fr\/102265\/","title":{"rendered":"le rappeur sous le coup d&rsquo;une \u00ab\u00a0sanction rare et s\u00e9v\u00e8re\u00a0\u00bb"},"content":{"rendered":"<p>            Par<br \/>\n        <strong><br \/>\n            <a href=\"https:\/\/actu.fr\/auteur\/redaction-paris\" title=\"Consulter tous les articles de R\u00e9daction Paris\" rel=\"nofollow noopener\" target=\"_blank\">R\u00e9daction Paris<\/a><br \/>\n        <\/strong><\/p>\n<p>        Publi\u00e9 le<\/p>\n<p>            15 mai 2025 \u00e0 17h12        <\/p>\n<p>Un abandon de derni\u00e8re minute qui va lui co\u00fbter.<strong>\u00a0<\/strong>Le <a href=\"https:\/\/actu.fr\/tag\/tribunal-de-paris\" rel=\"nofollow noopener\" target=\"_blank\">tribunal correctionnel de Paris<\/a> a condamn\u00e9 ce jeudi 15\u00a0mai 2025 le rappeur <a href=\"https:\/\/actu.fr\/tag\/booba\/page\/4\" rel=\"nofollow noopener\" target=\"_blank\">Booba<\/a> \u00e0 verser 10\u2009000\u00a0euros \u00e0 Magali Berdah pour proc\u00e9dure abusive, apr\u00e8s son <a href=\"https:\/\/actu.fr\/ile-de-france\/paris_75056\/paris-booba-jette-l-eponge-dans-son-bras-de-fer-judiciaire-avec-l-ex-reine-de-influenceurs-magali-berdah_62333069.html\" rel=\"nofollow noopener\" target=\"_blank\">d\u00e9sistement tardif<\/a> dans les deux <strong>poursuites en diffamation<\/strong> engag\u00e9es contre l\u2019influenceuse.<\/p>\n<p>\u00a0\u00bb C\u2019est une avanc\u00e9e\u00a0\u00bb<\/p>\n<p class=\" wall-content\">\u00ab\u2009Cette d\u00e9cision, particuli\u00e8rement rare et s\u00e9v\u00e8re, confirme la <strong>gravit\u00e9 des agissements<\/strong>\u2009\u00bb du rappeur ont estim\u00e9 Mes Antonin Gravelin-Rodriguez, Rachel-Flore Pardo et David-Olivier Kaminski, les avocats de Magali Berdah, \u00e0 l\u2019issue de l\u2019audience. \u00ab\u2009Je suis contente, c\u2019est un d\u00e9but, c\u2019est une avanc\u00e9e\u2009\u00bb, a d\u00e9clar\u00e9 l\u2019ex-reine des influenceurs \u00e0 l\u2019AFP.<\/p>\n<p class=\" wall-content\">En mars, Booba s\u2019est d\u00e9sist\u00e9 de ses poursuites qui visaient des messages et <strong>une interview fin<\/strong> mai\u00a02022, dans lesquels Magali Berdah d\u00e9non\u00e7ait le cyberharc\u00e8lement dont elle faisait l\u2019objet, trois jours seulement avant l\u2019audience. Ses avocats avaient demand\u00e9 au tribunal de condamner le rappeur pour ce d\u00e9sistement de derni\u00e8re minute, alors m\u00eame que la date de l\u2019audience \u00e9tait fix\u00e9e depuis plus d\u2019un an.<\/p>\n<p class=\" wall-content\">Les propos poursuivis par Booba remontent \u00e0 la fin du mois de mai 2022.<\/p>\n<blockquote class=\"ac-article-quote wall-content\">\n<p>\u00ab\u2009Il est intouchable, il vit \u00e0 Miami et a une puissance de frappe \u00e9norme, avec cinq millions d\u2019abonn\u00e9s sur Twitter. De son compte en d\u00e9coulent des centaines d\u2019autres internautes qui se mettent \u00e0 me harceler, le jour, la nuit, avec des menaces de mort.\u00bb\u00a0<\/p>\n<p>    <strong>Magali Berdah <\/strong><br \/>\n        Entretien au Parisien le 24 mai 2022    <\/p><\/blockquote>\n<p>Vid\u00e9os : en ce moment sur Actu<\/p>\n<p class=\" wall-content\">\u00c9taient \u00e9galement vis\u00e9s des messages sur Instagram des 25 et 27\u00a0mai dans lesquels Magali Berdah accusait Booba de \u00ab\u2009faire n\u2019importe quoi\u2009\u00bb et la mettre en danger ainsi que sa famille, d\u2019attiser \u00ab\u2009la haine\u2009\u00bb. \u00ab\u2009Je subis du harc\u00e8lement en meute depuis plusieurs jours\u2009! H24\u2009! \u00c7a suffit\u2009! Laisse-moi tranquille\u2009!\u2009\u00bb<\/p>\n<p>    <a href=\"https:\/\/email.publihebdos.com\/form?lid=Mqc7o19yVDtMEo2FE8aUtw2\" title=\"Ouvrie le lien\" rel=\"nofollow noopener\" target=\"_blank\">Cliquez ici pour visualiser le contenu<\/a><\/p>\n<p>Mis en examen pour cyberharc\u00e8lement<\/p>\n<p class=\" wall-content\">Booba, d\u00e9sormais install\u00e9 aux \u00c9tats-Unis, est <a href=\"https:\/\/actu.fr\/ile-de-france\/paris_75056\/booba-mis-en-examen-pour-harcelement-contre-magali-berdah_60156068.html\" rel=\"nofollow noopener\" target=\"_blank\">mis en examen<\/a> depuis fin 2023 pour cyberharc\u00e8lement \u00e0 l\u2019encontre de Mme Berdah, et plac\u00e9 sous le statut plus favorable de t\u00e9moin assist\u00e9 pour des menaces de mort et recel d\u2019une infraction d\u2019atteinte \u00e0 l\u2019intimit\u00e9.<br \/>Dans cette affaire, il est notamment reproch\u00e9 au rappeur \u00ab\u2009au moins 487 messages sur les r\u00e9seaux sociaux la visant directement\u2009\u00bb entre mai\u00a02022 et mai\u00a02023, d\u2019apr\u00e8s des \u00e9l\u00e9ments de l\u2019enqu\u00eate consult\u00e9s par l\u2019AFP.<\/p>\n<p class=\" wall-content\">Booba a contest\u00e9 toute menace de mort ou \u00ab\u2009intention d\u2019atteindre Magali Berdah dans sa sant\u00e9 ou sa vie\u2009\u00bb.<\/p>\n<p class=\" wall-content\">En mars\u00a02024, 28\u00a0personnes ont \u00e9t\u00e9 condamn\u00e9es \u00e0 Paris pour avoir particip\u00e9 au cyberharc\u00e8lement \u00ab\u2009en meute\u2009\u00bb de l\u2019ex-papesse des influenceurs.<\/p>\n<p class=\" wall-content\">avec AFP<\/p>\n<p class=\" wall-content\">Suivez toute l\u2019actualit\u00e9 de vos villes et m\u00e9dias favoris en vous inscrivant \u00e0 <a href=\"https:\/\/moncompte.actu.fr\" title=\"D\u00e9couvez Mon Actu\" rel=\"nofollow noopener\" data-trk=\"{&quot;cta&quot;:{&quot;action&quot;:&quot;https:\\\/\\\/moncompte.actu.fr&quot;,&quot;category&quot;:&quot;mon compte&quot;,&quot;from&quot;:&quot;article footer&quot;,&quot;name&quot;:&quot;Mon actu&quot;,&quot;type&quot;:&quot;cta&quot;}}\" target=\"_blank\">Mon Actu<\/a>.<\/p>\n","protected":false},"excerpt":{"rendered":"Par R\u00e9daction Paris Publi\u00e9 le 15 mai 2025 \u00e0 17h12 Un abandon de derni\u00e8re minute qui va lui&hellip;\n","protected":false},"author":2,"featured_media":102266,"comment_status":"","ping_status":"","sticky":false,"template":"","format":"standard","meta":{"footnotes":""},"categories":[1888],"tags":[11,3646,1777,674,118,1011,27,303,12,626,25,938],"class_list":{"0":"post-102265","1":"post","2":"type-post","3":"status-publish","4":"format-standard","5":"has-post-thumbnail","7":"category-paris","8":"tag-actualites","9":"tag-booba","10":"tag-eu","11":"tag-europe","12":"tag-faits-divers","13":"tag-fr","14":"tag-france","15":"tag-justice","16":"tag-news","17":"tag-paris","18":"tag-republique-francaise","19":"tag-reseaux-sociaux"},"share_on_mastodon":{"url":"https:\/\/pubeurope.com\/@fr\/114512654810414413","error":""},"_links":{"self":[{"href":"https:\/\/www.europesays.com\/fr\/wp-json\/wp\/v2\/posts\/102265","targetHints":{"allow":["GET"]}}],"collection":[{"href":"https:\/\/www.europesays.com\/fr\/wp-json\/wp\/v2\/posts"}],"about":[{"href":"https:\/\/www.europesays.com\/fr\/wp-json\/wp\/v2\/types\/post"}],"author":[{"embeddable":true,"href":"https:\/\/www.europesays.com\/fr\/wp-json\/wp\/v2\/users\/2"}],"replies":[{"embeddable":true,"href":"https:\/\/www.europesays.com\/fr\/wp-json\/wp\/v2\/comments?post=102265"}],"version-history":[{"count":0,"href":"https:\/\/www.europesays.com\/fr\/wp-json\/wp\/v2\/posts\/102265\/revisions"}],"wp:featuredmedia":[{"embeddable":true,"href":"https:\/\/www.europesays.com\/fr\/wp-json\/wp\/v2\/media\/102266"}],"wp:attachment":[{"href":"https:\/\/www.europesays.com\/fr\/wp-json\/wp\/v2\/media?parent=102265"}],"wp:term":[{"taxonomy":"category","embeddable":true,"href":"https:\/\/www.europesays.com\/fr\/wp-json\/wp\/v2\/categories?post=102265"},{"taxonomy":"post_tag","embeddable":true,"href":"https:\/\/www.europesays.com\/fr\/wp-json\/wp\/v2\/tags?post=102265"}],"curies":[{"name":"wp","href":"https:\/\/api.w.org\/{rel}","templated":true}]}}