{"id":1022666,"date":"2026-06-25T03:11:46","date_gmt":"2026-06-25T03:11:46","guid":{"rendered":"https:\/\/www.europesays.com\/fr\/1022666\/"},"modified":"2026-06-25T03:11:46","modified_gmt":"2026-06-25T03:11:46","slug":"coupe-du-monde-la-tchequie-de-sulc-ol-condamnee-a-lexploit","status":"publish","type":"post","link":"https:\/\/www.europesays.com\/fr\/1022666\/","title":{"rendered":"Coupe du monde : la Tch\u00e9quie de \u0160ulc (OL) condamn\u00e9e \u00e0 l&rsquo;exploit"},"content":{"rendered":"<p>                            <img width=\"770\" height=\"433\" src=\"https:\/\/www.europesays.com\/fr\/wp-content\/uploads\/2026\/06\/AFP__20260618__wvolcov_czech_republic_south_africa_18062026_0091__v1__HighRes__FifaW-e1782108850565-.jpeg\" class=\"attachment-article size-article wp-post-image\" alt=\"\" decoding=\"async\" fetchpriority=\"high\"  \/><\/p>\n<p>Pavel Sulc avec la Tch\u00e9quie (Photo by William Volcov \/ Brazil Photo Press via AFP)<\/p>\n<p>Avec un seul point, la Tch\u00e9quie est en mauvaise posture avant la derni\u00e8re journ\u00e9e de la phase de groupes du Mondial. Pavel \u0160ulc et ses co\u00e9quipiers doivent battre le Mexique.<\/p>\n<p class=\"wp-block-paragraph\">On ne s&rsquo;attendait pas \u00e0 \u00e7a. Certes, la poule A de la Coupe du monde est assez homog\u00e8ne. Mais la Tch\u00e9quie semblait avoir des arguments \u00e0 faire valoir pour se qualifier. Aujourd&rsquo;hui, la voil\u00e0 dos au mur \u00e0 l&rsquo;approche de son dernier match. Dans la nuit de mercredi \u00e0 jeudi, Pavel <strong>\u0160ulc <\/strong>et ses compatriotes d\u00e9fient le Mexique \u00e0 3 heures du matin (en France). Une seule mission pour les hommes de Miroslav\u00a0<strong>Koubek<\/strong>, gagner. <\/p>\n<p class=\"wp-block-paragraph\">Apr\u00e8s la d\u00e9faite face \u00e0 la Cor\u00e9e du Sud <a href=\"https:\/\/www.olympique-et-lyonnais.com\/mondial-premiere-ratee-pour-sulc-ol-et-la-tchequie,399933.html\" rel=\"nofollow noopener\" target=\"_blank\">(2-1)<\/a> et le nul frustrant mais logique contre l&rsquo;Afrique du Sud <a href=\"https:\/\/www.olympique-et-lyonnais.com\/coupe-du-monde-2026-la-tache-se-complique-pour-sulc-et-la-tchequie,400321.html\" rel=\"nofollow noopener\" target=\"_blank\">(1-1)<\/a>, les Tch\u00e8ques n&rsquo;ont pas le choix. Seule une victoire pourrait les envoyer en 16es de finale. Et ce n&rsquo;est m\u00eame pas certain, bien qu&rsquo;avec quatre points, cela pourrait passer, potentiellement parmi les meilleurs 3es. De l&rsquo;autre c\u00f4t\u00e9, les Sud-Cor\u00e9ens affrontent les Sud-Africains. <\/p>\n<p>Le Mexique d\u00e9j\u00e0 qualifi\u00e9<\/p>\n<p class=\"wp-block-paragraph\">Lueur d&rsquo;espoir pour la R\u00e9publique tch\u00e8que, les Mexicains n&rsquo;auront peut-\u00eatre pas tout \u00e0 fait la t\u00eate \u00e0 cette affiche. Eux sont d\u00e9j\u00e0 assur\u00e9s de vivre la phase \u00e0 \u00e9limination directe. Et m\u00eame d&rsquo;\u00eatre premiers, suite \u00e0 leurs deux succ\u00e8s. Mais ils joueront \u00e0 domicile, \u00e0 Mexico, et auront sans doute envie de ne pas d\u00e9cevoir leurs supporters. La mission s&rsquo;annonce donc p\u00e9rilleuse pour l&rsquo;attaquant de l&rsquo;OL, qui <a href=\"https:\/\/www.olympique-et-lyonnais.com\/tchequie-afrique-du-sud-1-1-sulc-ol-revient-sur-sa-main,400342.html\" rel=\"nofollow noopener\" target=\"_blank\">vit une comp\u00e9tition tr\u00e8s difficile<\/a> jusqu&rsquo;\u00e0 l\u00e0, comme le reste de son \u00e9quipe. <\/p>\n","protected":false},"excerpt":{"rendered":"Pavel Sulc avec la Tch\u00e9quie (Photo by William Volcov \/ Brazil Photo Press via AFP) Avec un seul&hellip;\n","protected":false},"author":2,"featured_media":1022667,"comment_status":"","ping_status":"","sticky":false,"template":"","format":"standard","meta":{"footnotes":"","_share_on_mastodon":"0"},"categories":[2],"tags":[11,1011,27,12,241,25,75744],"class_list":["post-1022666","post","type-post","status-publish","format-standard","has-post-thumbnail","category-actualites","tag-actualites","tag-fr","tag-france","tag-news","tag-ol","tag-republique-francaise","tag-sulc"],"share_on_mastodon":{"url":"https:\/\/pubeurope.com\/@fr\/116808562005578785","error":""},"_links":{"self":[{"href":"https:\/\/www.europesays.com\/fr\/wp-json\/wp\/v2\/posts\/1022666","targetHints":{"allow":["GET"]}}],"collection":[{"href":"https:\/\/www.europesays.com\/fr\/wp-json\/wp\/v2\/posts"}],"about":[{"href":"https:\/\/www.europesays.com\/fr\/wp-json\/wp\/v2\/types\/post"}],"author":[{"embeddable":true,"href":"https:\/\/www.europesays.com\/fr\/wp-json\/wp\/v2\/users\/2"}],"replies":[{"embeddable":true,"href":"https:\/\/www.europesays.com\/fr\/wp-json\/wp\/v2\/comments?post=1022666"}],"version-history":[{"count":0,"href":"https:\/\/www.europesays.com\/fr\/wp-json\/wp\/v2\/posts\/1022666\/revisions"}],"wp:featuredmedia":[{"embeddable":true,"href":"https:\/\/www.europesays.com\/fr\/wp-json\/wp\/v2\/media\/1022667"}],"wp:attachment":[{"href":"https:\/\/www.europesays.com\/fr\/wp-json\/wp\/v2\/media?parent=1022666"}],"wp:term":[{"taxonomy":"category","embeddable":true,"href":"https:\/\/www.europesays.com\/fr\/wp-json\/wp\/v2\/categories?post=1022666"},{"taxonomy":"post_tag","embeddable":true,"href":"https:\/\/www.europesays.com\/fr\/wp-json\/wp\/v2\/tags?post=1022666"}],"curies":[{"name":"wp","href":"https:\/\/api.w.org\/{rel}","templated":true}]}}