{"id":102267,"date":"2025-05-15T15:53:09","date_gmt":"2025-05-15T15:53:09","guid":{"rendered":"https:\/\/www.europesays.com\/fr\/102267\/"},"modified":"2025-05-15T15:53:09","modified_gmt":"2025-05-15T15:53:09","slug":"la-delegation-ukrainienne-en-route-sans-zelensky-pour-les-pourparlers-avec-la-russie-actualites","status":"publish","type":"post","link":"https:\/\/www.europesays.com\/fr\/102267\/","title":{"rendered":"La d\u00e9l\u00e9gation ukrainienne en route, sans Zelensky, pour les pourparlers avec la Russie : Actualit\u00e9s"},"content":{"rendered":"<p class=\"lead \">Le pr\u00e9sident ukrainien Volodymyr Zelensky a envoy\u00e9 jeudi une d\u00e9l\u00e9gation \u00e0 Istanbul pour des discussions de paix tr\u00e8s attendues avec des repr\u00e9sentants russes, tout en accusant Moscou de ne pas prendre ces pourparlers \u00ab\u00a0au s\u00e9rieux\u00a0\u00bb.<\/p>\n<p class=\"lead \">Plus t\u00f4t, un \u00e9change d&rsquo;invectives entre l&rsquo;Ukraine et la Russie avait eu lieu, M. Zelensky ayant qualifi\u00e9 de \u00ab\u00a0pure fa\u00e7ade\u00a0\u00bb la d\u00e9l\u00e9gation russe emmen\u00e9e par un responsable de second plan. Il a \u00e9t\u00e9 trait\u00e9 en retour de \u00ab\u00a0clown\u00a0\u00bb par la diplomatie russe.<\/p>\n<p class=\"lead \">Des avanc\u00e9es au cours de ces pourparlers, apr\u00e8s plus de trois ans de combats d\u00e9vastateurs ayant fait au moins plusieurs dizaines de milliers de morts, restent donc incertaines.<\/p>\n<p class=\"lead \">Il s&rsquo;agirait des premi\u00e8res discussions de paix directes entre Moscou et Kiev depuis mars 2022, au d\u00e9but de l&rsquo;invasion \u00e0 grande \u00e9chelle de l&rsquo;Ukraine.<\/p>\n<p class=\"lead \">La d\u00e9l\u00e9gation russe est arriv\u00e9e plus t\u00f4t dans journ\u00e9e \u00e0 Istanbul et sa rencontre avec les envoy\u00e9s ukrainiens devrait avoir lieu dans la soir\u00e9e ou \u00eatre repouss\u00e9e \u00e0 vendredi, a d\u00e9clar\u00e9 le chef de l&rsquo;Etat ukrainien \u00e0 Ankara, apr\u00e8s un entretien avec son homologue turc Recep Tayyip Erdogan.<\/p>\n<p class=\"lead \">Les n\u00e9gociateurs ukrainiens \u00ab\u00a0auront un mandat pour un cessez-le-feu\u00a0\u00bb et seront dirig\u00e9s par le ministre de la D\u00e9fense, Roustem Oumerov, a poursuivi M. Zelensky, qui, toutefois, ne s&rsquo;y rendra pas lui-m\u00eame. <\/p>\n<p class=\"lead \">Pour sa part, le chef de la d\u00e9l\u00e9gation russe, Vladimir Medinski, a martel\u00e9 jeudi que son pays consid\u00e9rait que les nouveaux pourparlers devaient s&rsquo;inscrire dans \u00ab\u00a0la suite\u00a0\u00bb des n\u00e9gociations bilat\u00e9rales avort\u00e9es de 2022.<\/p>\n<p class=\"lead \">Il a assur\u00e9 \u00eatre pr\u00eat \u00e0 de \u00ab\u00a0possibles compromis\u00a0\u00bb, sans les d\u00e9tailler, et pr\u00e9cis\u00e9 que sa d\u00e9l\u00e9gation avait \u00ab\u00a0toutes les pr\u00e9rogatives\u00a0\u00bb pour prendre des d\u00e9cisions, ce que Volodymyr Zelensky avait pr\u00e9c\u00e9demment mis en doute.<\/p>\n<p class=\"lead \">&#8211; Ni Poutine, ni Zelensky &#8211;<\/p>\n<p class=\"lead \">Le pr\u00e9sident am\u00e9ricain Donald Trump a, quant \u00e0 lui, dit ne pas s&rsquo;attendre \u00e0 des progr\u00e8s dans les discussions tant qu&rsquo;il n&rsquo;aura pas rencontr\u00e9 Vladimir Poutine, tandis que l&rsquo;arm\u00e9e russe continue de progresser sur le front, malgr\u00e9 ses pertes.<\/p>\n<p class=\"lead \">En d\u00e9pit de l&rsquo;importance de cette r\u00e9union qu&rsquo;il avait lui-m\u00eame annonc\u00e9e et la demande de M. Zelensky de discuter face-\u00e0-face, le chef de l&rsquo;Etat russe n&rsquo;a \u00ab\u00a0pas pr\u00e9vu pour le moment\u00a0\u00bb de se rendre en Turquie, a fait savoir jeudi son porte-parole, Dmitri Peskov.<\/p>\n<p class=\"lead \">A sa place, le ma\u00eetre du Kremlin a envoy\u00e9 une d\u00e9l\u00e9gation avec \u00e0 sa t\u00eate l&rsquo;un de ses conseillers, Vladimir Medinski. <\/p>\n<p class=\"lead \">N\u00e9 en Ukraine sovi\u00e9tique, ce dernier est connu pour sa lecture nationaliste de l&rsquo;histoire de la Russie. En 2023, il avait d\u00e9clar\u00e9 que l&rsquo;Ukraine faisait \u00ab\u00a0partie de la terre russe\u00a0\u00bb. Il avait d\u00e9j\u00e0 pris part aux derni\u00e8res n\u00e9gociations de paix directes entre Kiev et Moscou, au printemps 2022.<\/p>\n<p class=\"lead \"> A son arriv\u00e9e \u00e0 Ankara, Volodymyr Zelensky a imm\u00e9diatement critiqu\u00e9 cette \u00e9quipe de n\u00e9gociateurs russes, s&rsquo;interrogeant sur sa capacit\u00e9 \u00e0 \u00ab\u00a0prendre des d\u00e9cisions\u00a0\u00bb.<\/p>\n<p class=\"lead \">La r\u00e9ponse, cinglante, n&rsquo;a pas tard\u00e9 de la part de Maria Zakharova, la porte-parole de la diplomatie russe : \u00ab\u00a0Qui utilise l&rsquo;expression de +pure fa\u00e7ade+ ? Un clown ? Un rat\u00e9 ?\u00a0\u00bb, a-t-elle tacl\u00e9, pendant son briefing hebdomadaire, interrog\u00e9e en direct.<\/p>\n<p class=\"lead \">La d\u00e9l\u00e9gation russe est arriv\u00e9e dans la matin\u00e9e \u00e0 Istanbul, sans Vladimir Poutine, donc, alors que le pr\u00e9sident ukrainien l&rsquo;avait mis au d\u00e9fi d&rsquo;aller \u00ab\u00a0en personne\u00a0\u00bb en Turquie et de l&rsquo;y rencontrer.<\/p>\n<p class=\"lead \">Jeudi, apr\u00e8s avoir vu M. Erdogan, M. Zelensky s&rsquo;est dit toujours \u00ab\u00a0pr\u00eat\u00a0\u00bb \u00e0 des \u00ab\u00a0discussions directes\u00a0\u00bb avec son homologue russe, tout en consid\u00e9rant que son absence pour l&rsquo;heure \u00e9tait \u00ab\u00a0un manque de respect\u00a0\u00bb \u00e0 l&rsquo;\u00e9gard de MM. Trump et Erdogan.<\/p>\n<p class=\"lead \">&#8211; \u00ab\u00a0Rien ne se passera\u00a0\u00bb &#8211;<\/p>\n<p class=\"lead \">Sur les rives du Bosphore, devant le palais de Dolmabah\u00e7e, o\u00f9 doit se d\u00e9rouler la rencontre, plusieurs centaines de journalistes font le pied de grue, selon des journalistes de l&rsquo;AFP pr\u00e9sents sur place.<\/p>\n<p class=\"lead \">Ces discussions avaient \u00e9t\u00e9 annonc\u00e9es par Vladimir Poutine, le week-end dernier, en r\u00e9ponse \u00e0 un ultimatum de Kiev et des Europ\u00e9ens &#8211; qui tentent tant bien que mal de faire entendre leur voix &#8211; lui ordonnant d&rsquo;accepter un cessez-le-feu.<\/p>\n<p class=\"lead \">Donald Trump, qui pousse les deux bellig\u00e9rants \u00e0 n\u00e9gocier, a pour sa part r\u00e9p\u00e9t\u00e9 jeudi qu&rsquo;il pourrait se rendre \u00ab\u00a0vendredi\u00a0\u00bb en Turquie en cas de progr\u00e8s dans les discussions.<\/p>\n<p class=\"lead \">Mais, selon lui, \u00ab\u00a0rien ne se passera (&#8230;) tant que (Poutine) et moi ne serons pas ensemble\u00a0\u00bb.<\/p>\n<p class=\"lead \">Le ministre turc des Affaires \u00e9trang\u00e8res, Hakan Fidan, a pour sa part dit avoir \u00ab\u00a0suffisamment de raisons d&rsquo;esp\u00e9rer\u00a0\u00bb dans le succ\u00e8s des pourparlers que la Turquie doit accueillir.<\/p>\n<p class=\"lead \">Pourtant, Ukrainiens et Russes continuent d&rsquo;afficher des exigences difficilement conciliables, \u00e0 un moment o\u00f9 la Russie, dont l&rsquo;arm\u00e9e a revendiqu\u00e9 jeudi la conqu\u00eate de deux nouvelles localit\u00e9s dans la r\u00e9gion orientale de Donetsk, occupe toujours pr\u00e8s de 20% du territoire ukrainien.<\/p>\n","protected":false},"excerpt":{"rendered":"Le pr\u00e9sident ukrainien Volodymyr Zelensky a envoy\u00e9 jeudi une d\u00e9l\u00e9gation \u00e0 Istanbul pour des discussions de paix tr\u00e8s&hellip;\n","protected":false},"author":2,"featured_media":102268,"comment_status":"","ping_status":"","sticky":false,"template":"","format":"standard","meta":{"footnotes":""},"categories":[1591],"tags":[11,10268,2120,312,1887,12,1885,1886,132,3496,220,308],"class_list":{"0":"post-102267","1":"post","2":"type-post","3":"status-publish","4":"format-standard","5":"has-post-thumbnail","7":"category-russie","8":"tag-actualites","9":"tag-arme","10":"tag-conflit","11":"tag-diplomatie","12":"tag-federation-de-russie","13":"tag-news","14":"tag-russia","15":"tag-russian-federation","16":"tag-russie","17":"tag-turquie","18":"tag-ukraine","19":"tag-usa"},"share_on_mastodon":{"url":"https:\/\/pubeurope.com\/@fr\/114512658808889428","error":""},"_links":{"self":[{"href":"https:\/\/www.europesays.com\/fr\/wp-json\/wp\/v2\/posts\/102267","targetHints":{"allow":["GET"]}}],"collection":[{"href":"https:\/\/www.europesays.com\/fr\/wp-json\/wp\/v2\/posts"}],"about":[{"href":"https:\/\/www.europesays.com\/fr\/wp-json\/wp\/v2\/types\/post"}],"author":[{"embeddable":true,"href":"https:\/\/www.europesays.com\/fr\/wp-json\/wp\/v2\/users\/2"}],"replies":[{"embeddable":true,"href":"https:\/\/www.europesays.com\/fr\/wp-json\/wp\/v2\/comments?post=102267"}],"version-history":[{"count":0,"href":"https:\/\/www.europesays.com\/fr\/wp-json\/wp\/v2\/posts\/102267\/revisions"}],"wp:featuredmedia":[{"embeddable":true,"href":"https:\/\/www.europesays.com\/fr\/wp-json\/wp\/v2\/media\/102268"}],"wp:attachment":[{"href":"https:\/\/www.europesays.com\/fr\/wp-json\/wp\/v2\/media?parent=102267"}],"wp:term":[{"taxonomy":"category","embeddable":true,"href":"https:\/\/www.europesays.com\/fr\/wp-json\/wp\/v2\/categories?post=102267"},{"taxonomy":"post_tag","embeddable":true,"href":"https:\/\/www.europesays.com\/fr\/wp-json\/wp\/v2\/tags?post=102267"}],"curies":[{"name":"wp","href":"https:\/\/api.w.org\/{rel}","templated":true}]}}