{"id":102274,"date":"2025-05-15T15:57:08","date_gmt":"2025-05-15T15:57:08","guid":{"rendered":"https:\/\/www.europesays.com\/fr\/102274\/"},"modified":"2025-05-15T15:57:08","modified_gmt":"2025-05-15T15:57:08","slug":"face-a-la-menace-dun-retrait-americain-lallemagne-renforce-sa-contribution-financiere","status":"publish","type":"post","link":"https:\/\/www.europesays.com\/fr\/102274\/","title":{"rendered":"Face \u00e0 la menace d&rsquo;un retrait am\u00e9ricain, l&rsquo;Allemagne renforce sa contribution financi\u00e8re"},"content":{"rendered":"<p>L&rsquo;Allemagne s&rsquo;est engag\u00e9e \u00e0 renforcer sa contribution financi\u00e8re aux missions onusiennes de maintien de la paix notamment la MINURSO et celles op\u00e9rant au Soudan du Sud et au Liban. Berlin a augment\u00e9 sa contribution \u00e0 82 millions d&rsquo;euros.\u00a0 <\/p>\n<p>Cette annonce a \u00e9t\u00e9 faite, mardi,\u00a0lors d&rsquo;une conf\u00e9rence internationale d\u00e9di\u00e9es aux missions onusiennes, tenue, mardi, en pr\u00e9sence des repr\u00e9sentants de plus d&rsquo;une centaine de pays.\u00a0 <\/p>\n<p>La contribution allemande est destin\u00e9e prioritairement \u00e0 la formation, l&rsquo;\u00e9quipement militaire des casques bleus, au d\u00e9veloppement des \u00e9nergies renouvelables,\u00a0la transformation num\u00e9rique, \u00e0 la sant\u00e9 mentale, et aux\u00a0 drones logistiques et militaires.\u00a0 <\/p>\n<p>Cette annonce ne manquerait pas de r\u00e9jouir les responsables de la\u00a0MINURSO,\u00a0de plus en plus menac\u00e9e par le retrait du financement des Etats-Unis qui fournissent une partie consid\u00e9rable de son budget estim\u00e9 \u00e0 61 millions de dollars. La contribution am\u00e9ricaine s&rsquo;\u00e9l\u00e8ve \u00e0 27%.\u00a0<\/p>\n","protected":false},"excerpt":{"rendered":"L&rsquo;Allemagne s&rsquo;est engag\u00e9e \u00e0 renforcer sa contribution financi\u00e8re aux missions onusiennes de maintien de la paix notamment la&hellip;\n","protected":false},"author":2,"featured_media":102275,"comment_status":"","ping_status":"","sticky":false,"template":"","format":"standard","meta":{"footnotes":""},"categories":[1587],"tags":[11,5024,5025,5026,258,672,5028,1659,1804,5029,5027,251,1805,1803,33,2518,1283,1777,674,1801,1757,1393,985,12,316,1802,104,517,5030],"class_list":{"0":"post-102274","1":"post","2":"type-post","3":"status-publish","4":"format-standard","5":"has-post-thumbnail","7":"category-allemagne","8":"tag-actualites","9":"tag-actualites-et-infos-au-maroc","10":"tag-actualites-et-infos-mondiale","11":"tag-actualites-marocaines-du-jour","12":"tag-alimentation","13":"tag-allemagne","14":"tag-analyses","15":"tag-art-de-vivre","16":"tag-bundesrepublik-deutschland","17":"tag-chronique","18":"tag-consommation-et-bien-etre","19":"tag-culture","20":"tag-de","21":"tag-deutschland","22":"tag-economie","23":"tag-edito","24":"tag-etudes","25":"tag-eu","26":"tag-europe","27":"tag-germany","28":"tag-insolite","29":"tag-loisirs","30":"tag-mode","31":"tag-news","32":"tag-politique","33":"tag-republique-federale-dallemagne","34":"tag-societe","35":"tag-sport","36":"tag-tribune"},"share_on_mastodon":{"url":"https:\/\/pubeurope.com\/@fr\/114512674427397132","error":""},"_links":{"self":[{"href":"https:\/\/www.europesays.com\/fr\/wp-json\/wp\/v2\/posts\/102274","targetHints":{"allow":["GET"]}}],"collection":[{"href":"https:\/\/www.europesays.com\/fr\/wp-json\/wp\/v2\/posts"}],"about":[{"href":"https:\/\/www.europesays.com\/fr\/wp-json\/wp\/v2\/types\/post"}],"author":[{"embeddable":true,"href":"https:\/\/www.europesays.com\/fr\/wp-json\/wp\/v2\/users\/2"}],"replies":[{"embeddable":true,"href":"https:\/\/www.europesays.com\/fr\/wp-json\/wp\/v2\/comments?post=102274"}],"version-history":[{"count":0,"href":"https:\/\/www.europesays.com\/fr\/wp-json\/wp\/v2\/posts\/102274\/revisions"}],"wp:featuredmedia":[{"embeddable":true,"href":"https:\/\/www.europesays.com\/fr\/wp-json\/wp\/v2\/media\/102275"}],"wp:attachment":[{"href":"https:\/\/www.europesays.com\/fr\/wp-json\/wp\/v2\/media?parent=102274"}],"wp:term":[{"taxonomy":"category","embeddable":true,"href":"https:\/\/www.europesays.com\/fr\/wp-json\/wp\/v2\/categories?post=102274"},{"taxonomy":"post_tag","embeddable":true,"href":"https:\/\/www.europesays.com\/fr\/wp-json\/wp\/v2\/tags?post=102274"}],"curies":[{"name":"wp","href":"https:\/\/api.w.org\/{rel}","templated":true}]}}