{"id":1022742,"date":"2026-06-25T04:09:48","date_gmt":"2026-06-25T04:09:48","guid":{"rendered":"https:\/\/www.europesays.com\/fr\/1022742\/"},"modified":"2026-06-25T04:09:48","modified_gmt":"2026-06-25T04:09:48","slug":"lille-les-chaines-bfm-grand-lille-et-grand-littoral-bientot-vendues-par-le-groupe-cma-media","status":"publish","type":"post","link":"https:\/\/www.europesays.com\/fr\/1022742\/","title":{"rendered":"Lille. Les cha\u00eenes BFM Grand Lille et Grand Littoral bient\u00f4t vendues par le groupe CMA Media"},"content":{"rendered":"<p>C\u2019est un nouveau coup dur pour le paysage m\u00e9diatique local dans le <strong>Nord-Pas-de-Calais.<\/strong> Le groupe CMA Media, qui d\u00e9tient BFMTV, RMC, La Tribune ou encore Brut, a officiellement confirm\u00e9 vouloir vendre les neuf cha\u00eenes de t\u00e9l\u00e9vision locales de BFM, <strong>dont les antennes de Lille et de la C\u00f4te d\u2019Opale.<\/strong><\/p>\n<p>Objectif affich\u00e9 : r\u00e9aliser des \u00e9conomies dans un contexte difficile pour le secteur. Ce projet s\u2019inscrit dans un plan visant \u00e0 g\u00e9n\u00e9rer <strong>20 millions d\u2019euros d\u2019\u00e9conomies<\/strong> \u00e0 l\u2019\u00e9chelle du groupe, <strong>soit 5 % de ses co\u00fbts.<\/strong><\/p>\n<p>Sont concern\u00e9es les cha\u00eenes locales de Grand Lille, Grand Littoral, Lyon, Marseille Provence, Dici, Toulon Var, Nice C\u00f4te d\u2019Azur, Alsace et Normandie. Une dixi\u00e8me antenne, BFM Paris \u00cele-de-France, avait d\u00e9j\u00e0 ferm\u00e9 en mars 2025.<\/p>\n<p>Un mod\u00e8le \u00e9conomique jug\u00e9 trop fragile<\/p>\n<p>Pour CMA Media, le mod\u00e8le des cha\u00eenes locales ne fonctionne plus suffisamment. La directrice g\u00e9n\u00e9rale du groupe, Claire L\u00e9ost, explique que ces antennes d\u00e9pendent notamment de la publicit\u00e9 locale, d\u00e9sormais largement capt\u00e9e par les plateformes num\u00e9riques, ainsi que des investissements des collectivit\u00e9s locales, eux aussi en baisse.<\/p>\n<p>\u00ab Nous ne trouvons pas le mod\u00e8le \u00e9conomique sur l\u2019activit\u00e9 des cha\u00eenes locales \u00bb, a-t-elle d\u00e9clar\u00e9. Le groupe dit vouloir se recentrer sur d\u2019autres secteurs, comme le sport, les cr\u00e9ateurs de contenu, les r\u00e9seaux sociaux ou encore le streaming.<\/p>\n<p>Des repreneurs recherch\u00e9s d\u2019ici la fin de l\u2019ann\u00e9e<\/p>\n<p>Cette annonce ne signifie pas n\u00e9cessairement la fin imm\u00e9diate des cha\u00eenes BFM Grand Lille et BFM Grand Littoral. <strong>CMA Media assure vouloir trouver des repreneurs pour chacune des antennes concern\u00e9es<\/strong>, avec l\u2019id\u00e9e que des groupes plus locaux pourraient proposer un mod\u00e8le \u00e9conomique plus adapt\u00e9.<\/p>\n<p>Selon la direction, plusieurs marques d\u2019int\u00e9r\u00eat auraient d\u00e9j\u00e0 \u00e9t\u00e9 re\u00e7ues. L\u2019objectif est de trouver une solution d\u2019ici la fin de l\u2019ann\u00e9e.<\/p>\n<p>Un plan de d\u00e9parts volontaires \u00e0 venir<\/p>\n<p>En parall\u00e8le de cette vente annonc\u00e9e, CMA Media va ouvrir un<strong> plan de d\u00e9parts volontaires<\/strong> au sein de son p\u00f4le audiovisuel RMC BFM. Les proc\u00e9dures d\u2019information et de consultation des repr\u00e9sentants du personnel doivent d\u00e9buter \u00e0 la fin du mois d\u2019ao\u00fbt. Pour l\u2019instant, aucun objectif chiffr\u00e9 n\u2019a \u00e9t\u00e9 communiqu\u00e9 concernant le nombre de d\u00e9parts.<\/p>\n<p>La r\u00e9daction d\u2019Horizon et HorizonActu tient \u00e0 exprimer son soutien aux salari\u00e9s de BFM Grand Lille, confr\u00e8res avec lesquels nous avons eu le plaisir de collaborer \u00e0 l\u2019occasion des <a href=\"https:\/\/www.horizonactu.fr\/tag\/municipales-2026\/\" target=\"_blank\" rel=\"noopener nofollow\">\u00e9lections municipales<\/a> de mars dernier, <a href=\"https:\/\/www.horizonactu.fr\/actualite-46962-municipales-a-lens-un-debat-inedit-entre-sylvain-robert-et-bruno-clavet-organise-par-bfm-grand-lille-et-horizon\" target=\"_blank\" rel=\"noopener nofollow\">lors d\u2019un d\u00e9bat organis\u00e9 entre les candidats \u00e0 Lens.<\/a><\/p>\n","protected":false},"excerpt":{"rendered":"C\u2019est un nouveau coup dur pour le paysage m\u00e9diatique local dans le Nord-Pas-de-Calais. Le groupe CMA Media, qui&hellip;\n","protected":false},"author":2,"featured_media":1022743,"comment_status":"","ping_status":"","sticky":false,"template":"","format":"standard","meta":{"footnotes":"","_share_on_mastodon":"0"},"categories":[2815],"tags":[1111,11,1777,674,1011,27,811,1307,12,25],"class_list":["post-1022742","post","type-post","status-publish","format-standard","has-post-thumbnail","category-lille","tag-actu","tag-actualites","tag-eu","tag-europe","tag-fr","tag-france","tag-hauts-de-france","tag-lille","tag-news","tag-republique-francaise"],"share_on_mastodon":{"url":"https:\/\/pubeurope.com\/@fr\/116808788688547951","error":""},"_links":{"self":[{"href":"https:\/\/www.europesays.com\/fr\/wp-json\/wp\/v2\/posts\/1022742","targetHints":{"allow":["GET"]}}],"collection":[{"href":"https:\/\/www.europesays.com\/fr\/wp-json\/wp\/v2\/posts"}],"about":[{"href":"https:\/\/www.europesays.com\/fr\/wp-json\/wp\/v2\/types\/post"}],"author":[{"embeddable":true,"href":"https:\/\/www.europesays.com\/fr\/wp-json\/wp\/v2\/users\/2"}],"replies":[{"embeddable":true,"href":"https:\/\/www.europesays.com\/fr\/wp-json\/wp\/v2\/comments?post=1022742"}],"version-history":[{"count":0,"href":"https:\/\/www.europesays.com\/fr\/wp-json\/wp\/v2\/posts\/1022742\/revisions"}],"wp:featuredmedia":[{"embeddable":true,"href":"https:\/\/www.europesays.com\/fr\/wp-json\/wp\/v2\/media\/1022743"}],"wp:attachment":[{"href":"https:\/\/www.europesays.com\/fr\/wp-json\/wp\/v2\/media?parent=1022742"}],"wp:term":[{"taxonomy":"category","embeddable":true,"href":"https:\/\/www.europesays.com\/fr\/wp-json\/wp\/v2\/categories?post=1022742"},{"taxonomy":"post_tag","embeddable":true,"href":"https:\/\/www.europesays.com\/fr\/wp-json\/wp\/v2\/tags?post=1022742"}],"curies":[{"name":"wp","href":"https:\/\/api.w.org\/{rel}","templated":true}]}}