{"id":102284,"date":"2025-05-15T16:02:09","date_gmt":"2025-05-15T16:02:09","guid":{"rendered":"https:\/\/www.europesays.com\/fr\/102284\/"},"modified":"2025-05-15T16:02:09","modified_gmt":"2025-05-15T16:02:09","slug":"cette-eglise-imposante-et-remarquable-vient-detre-classee-monument-historique","status":"publish","type":"post","link":"https:\/\/www.europesays.com\/fr\/102284\/","title":{"rendered":"cette \u00e9glise imposante et remarquable vient d&rsquo;\u00eatre class\u00e9e monument historique"},"content":{"rendered":"<p>            Par<br \/>\n        <strong><br \/>\n            <a href=\"https:\/\/actu.fr\/auteur\/raphael-mahlmann\" title=\"Consulter tous les articles de Rapha\u00ebl Mahlmann\" rel=\"nofollow noopener\" target=\"_blank\">Rapha\u00ebl Mahlmann<\/a><br \/>\n        <\/strong><\/p>\n<p>        Publi\u00e9 le<\/p>\n<p>            15 mai 2025 \u00e0 17h52        <\/p>\n<p>Elle en impose avec son rare syst\u00e8me d\u00e9fensif. Une<a href=\"https:\/\/actu.fr\/hauts-de-france\/lille_59350\/pape-leon-xiv-larcheveque-de-lille-decrit-une-eglise-en-communion-avec-le-saint-pere_62612637.html\" rel=\"nofollow noopener\" target=\"_blank\"> \u00e9glise <\/a>des <a href=\"https:\/\/actu.fr\/hauts-de-france\/\" rel=\"nofollow noopener\" target=\"_blank\">Hauts-de-France<\/a> tr\u00e8s bien conserv\u00e9e est pass\u00e9e au niveau sup\u00e9rieur des monuments historiques. L\u2019\u00e9glise fortifi\u00e9e <b>Notre-Dame-de-l\u2019Assomption<\/b>, situ\u00e9e \u00e0 Plomion (<a href=\"https:\/\/actu.fr\/insolite\/insolite-un-drole-danimal-apercu-sur-une-route-des-hauts-de-france-mais-cest-un-kangourou_62624452.html\" rel=\"nofollow noopener\" target=\"_blank\">Aisne<\/a>), a en effet \u00e9t\u00e9 class\u00e9e au titre des monuments historiques le 17\u00a0avril 2025. Depuis 1987, l\u2019\u00e9glise poss\u00e9dait une inscription au titre des monuments historiques, le premier niveau de protection. Cette d\u00e9cision du minist\u00e8re de la Culture vient donc renforcer la protection de l\u2019\u00e9difice.<\/p>\n<p>Une \u00e9glise fortifi\u00e9e<\/p>\n<p class=\" wall-content\">L\u2019\u00e9glise Notre-Dame-de-l\u2019Assomption de Plomion est une des plus remarquables et mieux conserv\u00e9es des 71 \u00e9glises fortifi\u00e9es de Thi\u00e9rache. \u00ab\u2009Dans un contexte troubl\u00e9 par les guerres de Religion puis par la guerre de Trente Ans, l\u2019\u00e9glise de Plomion a \u00e9t\u00e9 adapt\u00e9e pour r\u00e9pondre au besoin de mettre un lieu-refuge \u00e0 disposition de la population\u2009\u00bb, raconte la pr\u00e9fecture des Hauts-de-France.<\/p>\n<p class=\" wall-content\">Tour, tourelles, \u00e9chauguettes, une soixantaine de meurtri\u00e8res\u2026 L\u2019\u00e9glise reconstruite aux XVI\u1d49 et XVII\u1d49 si\u00e8cles a de quoi imposer, par son architecture et son dispositif d\u00e9fensif. Le public peut ainsi appr\u00e9cier ce parfait exemple d\u2019\u00e9glise-forteresse, m\u00ealant \u00e9difice religieux et d\u00e9fense. Un parcours mus\u00e9ographique interactif et p\u00e9dagogique est \u00e9galement propos\u00e9 depuis sa restauration en 2022.<\/p>\n<p class=\" wall-content\">Suivez toute l\u2019actualit\u00e9 de vos villes et m\u00e9dias favoris en vous inscrivant \u00e0 <a href=\"https:\/\/moncompte.actu.fr\" title=\"D\u00e9couvez Mon Actu\" rel=\"nofollow noopener\" data-trk=\"{&quot;cta&quot;:{&quot;action&quot;:&quot;https:\\\/\\\/moncompte.actu.fr&quot;,&quot;category&quot;:&quot;mon compte&quot;,&quot;from&quot;:&quot;article footer&quot;,&quot;name&quot;:&quot;Mon actu&quot;,&quot;type&quot;:&quot;cta&quot;}}\" target=\"_blank\">Mon Actu<\/a>.<\/p>\n","protected":false},"excerpt":{"rendered":"Par Rapha\u00ebl Mahlmann Publi\u00e9 le 15 mai 2025 \u00e0 17h52 Elle en impose avec son rare syst\u00e8me d\u00e9fensif.&hellip;\n","protected":false},"author":2,"featured_media":102285,"comment_status":"","ping_status":"","sticky":false,"template":"","format":"standard","meta":{"footnotes":""},"categories":[4],"tags":[11,1011,27,937,12,2551,4020,25,104],"class_list":{"0":"post-102284","1":"post","2":"type-post","3":"status-publish","4":"format-standard","5":"has-post-thumbnail","7":"category-france","8":"tag-actualites","9":"tag-fr","10":"tag-france","11":"tag-histoire","12":"tag-news","13":"tag-patrimoine","14":"tag-religion","15":"tag-republique-francaise","16":"tag-societe"},"share_on_mastodon":{"url":"https:\/\/pubeurope.com\/@fr\/114512694149365207","error":""},"_links":{"self":[{"href":"https:\/\/www.europesays.com\/fr\/wp-json\/wp\/v2\/posts\/102284","targetHints":{"allow":["GET"]}}],"collection":[{"href":"https:\/\/www.europesays.com\/fr\/wp-json\/wp\/v2\/posts"}],"about":[{"href":"https:\/\/www.europesays.com\/fr\/wp-json\/wp\/v2\/types\/post"}],"author":[{"embeddable":true,"href":"https:\/\/www.europesays.com\/fr\/wp-json\/wp\/v2\/users\/2"}],"replies":[{"embeddable":true,"href":"https:\/\/www.europesays.com\/fr\/wp-json\/wp\/v2\/comments?post=102284"}],"version-history":[{"count":0,"href":"https:\/\/www.europesays.com\/fr\/wp-json\/wp\/v2\/posts\/102284\/revisions"}],"wp:featuredmedia":[{"embeddable":true,"href":"https:\/\/www.europesays.com\/fr\/wp-json\/wp\/v2\/media\/102285"}],"wp:attachment":[{"href":"https:\/\/www.europesays.com\/fr\/wp-json\/wp\/v2\/media?parent=102284"}],"wp:term":[{"taxonomy":"category","embeddable":true,"href":"https:\/\/www.europesays.com\/fr\/wp-json\/wp\/v2\/categories?post=102284"},{"taxonomy":"post_tag","embeddable":true,"href":"https:\/\/www.europesays.com\/fr\/wp-json\/wp\/v2\/tags?post=102284"}],"curies":[{"name":"wp","href":"https:\/\/api.w.org\/{rel}","templated":true}]}}