{"id":102291,"date":"2025-05-15T16:08:09","date_gmt":"2025-05-15T16:08:09","guid":{"rendered":"https:\/\/www.europesays.com\/fr\/102291\/"},"modified":"2025-05-15T16:08:09","modified_gmt":"2025-05-15T16:08:09","slug":"motogp-ne-devrait-pas-arriver-en-arabie-saoudite-avant-2028-ou-2029","status":"publish","type":"post","link":"https:\/\/www.europesays.com\/fr\/102291\/","title":{"rendered":"MotoGP ne devrait pas arriver en Arabie Saoudite avant 2028 ou 2029."},"content":{"rendered":"<p>Pour le moment, le MotoGP n\u2019a qu\u2019une seule course au Moyen-Orient \u2013 le GP du Qatar. Mais cela devrait changer dans quelques ann\u00e9es, avec des plans solides pour se rendre en Arabie Saoudite.<\/p>\n<p>Ce pays fait partie de la Formule 1 depuis 2021 avec un circuit urbain \u00e0 Djeddah, mais construit maintenant un nouveau circuit permanent moderne \u00e0 Qiddiya qui pourrait \u00eatre utilis\u00e9 non seulement par la F1, mais aussi par le MotoGP.<\/p>\n<p>Carmelo Ezpeleta, PDG de Dorna, a expliqu\u00e9 au site GPOne.com que, au mieux, cette piste ne sera pr\u00eate que dans trois ans : \u2018L\u2019ouverture est d\u00e9sormais pr\u00e9vue pour 2028 ; cela pourrait \u00e9galement \u00eatre en 2029. C\u2019est un projet ind\u00e9finissablement complexe qui \u00e9claire tout le reste. Tant qu\u2019il ne sera pas termin\u00e9, la Formule 1 continuera \u00e0 courir sur le circuit de la Corniche \u00e0 Djeddah\u2019.<\/p>\n<p>En 2022, Dorna a sign\u00e9 un protocole d\u2019accord avec la Saudi Motorsport Company, posant ainsi les bases d\u2019un futur GP d\u2019Arabie Saoudite dans la nouvelle installation de Qiddiya. De plus, elle a lanc\u00e9 une initiative visant \u00e0 favoriser la moto dans la r\u00e9gion.<\/p>\n","protected":false},"excerpt":{"rendered":"Pour le moment, le MotoGP n\u2019a qu\u2019une seule course au Moyen-Orient \u2013 le GP du Qatar. Mais cela&hellip;\n","protected":false},"author":2,"featured_media":102292,"comment_status":"","ping_status":"","sticky":false,"template":"","format":"standard","meta":{"footnotes":""},"categories":[1413],"tags":[21827,21603,1011,27,11445,1457,1456,1458,60],"class_list":{"0":"post-102291","1":"post","2":"type-post","3":"status-publish","4":"format-standard","5":"has-post-thumbnail","7":"category-moto","8":"tag-carmelo-ezpeleta","9":"tag-dorna","10":"tag-fr","11":"tag-france","12":"tag-gp-darabie-saoudite","13":"tag-moto","14":"tag-motocycle","15":"tag-motogp","16":"tag-sports"},"share_on_mastodon":{"url":"https:\/\/pubeurope.com\/@fr\/114512717641326349","error":""},"_links":{"self":[{"href":"https:\/\/www.europesays.com\/fr\/wp-json\/wp\/v2\/posts\/102291","targetHints":{"allow":["GET"]}}],"collection":[{"href":"https:\/\/www.europesays.com\/fr\/wp-json\/wp\/v2\/posts"}],"about":[{"href":"https:\/\/www.europesays.com\/fr\/wp-json\/wp\/v2\/types\/post"}],"author":[{"embeddable":true,"href":"https:\/\/www.europesays.com\/fr\/wp-json\/wp\/v2\/users\/2"}],"replies":[{"embeddable":true,"href":"https:\/\/www.europesays.com\/fr\/wp-json\/wp\/v2\/comments?post=102291"}],"version-history":[{"count":0,"href":"https:\/\/www.europesays.com\/fr\/wp-json\/wp\/v2\/posts\/102291\/revisions"}],"wp:featuredmedia":[{"embeddable":true,"href":"https:\/\/www.europesays.com\/fr\/wp-json\/wp\/v2\/media\/102292"}],"wp:attachment":[{"href":"https:\/\/www.europesays.com\/fr\/wp-json\/wp\/v2\/media?parent=102291"}],"wp:term":[{"taxonomy":"category","embeddable":true,"href":"https:\/\/www.europesays.com\/fr\/wp-json\/wp\/v2\/categories?post=102291"},{"taxonomy":"post_tag","embeddable":true,"href":"https:\/\/www.europesays.com\/fr\/wp-json\/wp\/v2\/tags?post=102291"}],"curies":[{"name":"wp","href":"https:\/\/api.w.org\/{rel}","templated":true}]}}