{"id":102295,"date":"2025-05-15T16:10:13","date_gmt":"2025-05-15T16:10:13","guid":{"rendered":"https:\/\/www.europesays.com\/fr\/102295\/"},"modified":"2025-05-15T16:10:13","modified_gmt":"2025-05-15T16:10:13","slug":"giro-2025-enorme-chute-abandon-de-jai-hindley-course-neutralisee-temps-geles-cest-le-chaos-sur-le-tour-ditalie-yahoo-actualites","status":"publish","type":"post","link":"https:\/\/www.europesays.com\/fr\/102295\/","title":{"rendered":"Giro 2025 : Enorme chute, abandon de Jai Hindley, course neutralis\u00e9e, temps gel\u00e9s\u2026 C\u2019est le chaos sur le Tour d\u2019Italie &#8211; Yahoo Actualit\u00e9s"},"content":{"rendered":"<ol>\n<li><a href=\"https:\/\/news.google.com\/rss\/articles\/CBMie0FVX3lxTE5HSUNuaG05RnJkN3B3OXRBMXJJOWh5SXFpV0VGVFhvOTE4QUlqSVJKdXZodDEyaUYzYUc2UVdyYmpQOHpQaFRfUHc3SVdPYjdtUXIyWmlib25wQ3dVMVp4Y1hWSlNRRmhsTVJFWnlLTzMxWXZUcDFFWnVjTQ?oc=5\" target=\"_blank\" rel=\"noopener\">Giro 2025 : Enorme chute, abandon de Jai Hindley, course neutralis\u00e9e, temps gel\u00e9s\u2026 C\u2019est le chaos sur le Tour d\u2019Italie<\/a>&nbsp;&nbsp;Yahoo Actualit\u00e9s<\/li>\n<li><a href=\"https:\/\/news.google.com\/rss\/articles\/CBMi3AFBVV95cUxNUFF6ZlkxN1VOVGZ5SGFfS19BaW5aRmdxVzhuRDZyZW9aVHB0NjRRTjV0SGd4aW1rQk83cmdTd0hlbTFDTTZNV0I0LWEwcUt0aklwUEp4M054TFFlZW5Yb0JrQlEwVm1HN3dqdDJjVXY1SE5Xb1lIUVk4ek5vVGRKa2pRY1h4b2tuek8xTWhRejA3dkk4QWVNbGJPQjhxNWtTcTlOOEwxbkxYNDYwTFBWNnp0aFpkYVF0WDU3Z0VsUU5Sa0R5dHNjd2t2akgxTHd1N0lWbXpQdmpmSEdY?oc=5\" target=\"_blank\" rel=\"noopener\">Kaden Groves s&rsquo;adjuge la 6e \u00e9tape du Giro, marqu\u00e9e par une violente chute collective<\/a>&nbsp;&nbsp;L&rsquo;\u00c9quipe<\/li>\n<li><a href=\"https:\/\/news.google.com\/rss\/articles\/CBMikwJBVV95cUxPN3RLTUE1cllfNHBKZmFxMl9zLTFBYjRqMlBDUXhsVEh1T2NvTmJpZFF3OUZ2Y2NiY1NMSXl4MGt4b1ZmV25WMU1Wd2l4emJYZmhUQlpMdmtlT3dUOGR2TTU3Yy1KWGFSTENDMkhmS0JwcGVOeE1wQjZrclZqYk9zbzJvdzRUMGxucVA2ZXpiaHcwSWlPc184eW1lXzFrWHIwUC1NcmZNMmhxTGtRV21FaDQ5bWhtWlJFSVZBR2FzUDNsbVZMMUFsRXY0NXdURkwybXJLbTVyYU4xT1NwYjV1ODF5ZDBQeHVzS3Z4YUhvVHZyRTFhWkp0Y1RuVWlPVUIwY0REcFVVN0FpMk1kU1pEYTN4UQ?oc=5\" target=\"_blank\" rel=\"noopener\">Giro 2025. Le classement g\u00e9n\u00e9ral des sprinteurs apr\u00e8s la 6e \u00e9tape remport\u00e9e par Kaden Groves<\/a>&nbsp;&nbsp;Ouest-France<\/li>\n<li><a href=\"https:\/\/news.google.com\/rss\/articles\/CBMirwFBVV95cUxQQnN5aW9JU2ZMaTFsUEhUOVE3RXBlVW4xa3BCNmJaX2xzdHFQb3BraGRpdlhBNkFwSE9HR251dHdhYUN6NVdHRTByb1Q1UHpFbV9Tc1JkZERrcjBvWnlTYnZobnJMaXB3b1RaWTR4TklRYUgxR1FpSUJMUHBtYkIxdGxSVmhrMEpMU09jNFlZS01CUUxDaHJTR1U4YWZaUDd0MUdxa0ppbEwtSHB6TzlB?oc=5\" target=\"_blank\" rel=\"noopener\">Giro 2025 : Les classements apr\u00e8s la 6e \u00e9tape du Tour d&rsquo;Italie 2025<\/a>&nbsp;&nbsp;20 Minutes<\/li>\n<li><a href=\"https:\/\/news.google.com\/rss\/articles\/CBMi2AFBVV95cUxOclgxMWdJdWtaNVRNaE9FRVQwMkNIeFZUbkNZMzd2VEpmaWRsVFFPTW9Da2dwMDNUaTFFRDlDOFFiT0FLSDZ3QS12U08tX3RHMVppbXF3Q181bnI1cEp0YTFTS3Y1aC10MF9EZ1ktNWYzRzI1UXRzWXAyYUpiRTlLc0M1VHg1T3dqaHVUZXl4b2F4UnlRVXlNWDRrS0pTVVRiUUxkeExvWmpiejJUSElxT0E2c2xsd3poRmtBWDk1bm1XS1Z0SXVwbjk3MEl4UnhfcHNJT3VVU1Y?oc=5\" target=\"_blank\" rel=\"noopener\">\u00ab\u00a0C\u2019est la boucherie\u00a0\u00bb : \u00e9norme chute sur le Tour d\u2019Italie cycliste, un ancien vainqueur abandonne<\/a>&nbsp;&nbsp;L&rsquo;Ind\u00e9pendant<\/li>\n<\/ol>\n","protected":false},"excerpt":{"rendered":"Giro 2025 : Enorme chute, abandon de Jai Hindley, course neutralis\u00e9e, temps gel\u00e9s\u2026 C\u2019est le chaos sur le&hellip;\n","protected":false},"author":2,"featured_media":102296,"comment_status":"","ping_status":"","sticky":false,"template":"","format":"standard","meta":{"footnotes":""},"categories":[1411],"tags":[1154,207,21828,1011,27,21829,12369,18629,21830,60,1139],"class_list":{"0":"post-102295","1":"post","2":"type-post","3":"status-publish","4":"format-standard","5":"has-post-thumbnail","7":"category-cyclisme","8":"tag-cycling","9":"tag-cyclisme","10":"tag-eurosport-france","11":"tag-fr","12":"tag-france","13":"tag-jai-hindley","14":"tag-la-course","15":"tag-primoz-roglic","16":"tag-richard-carapaz","17":"tag-sports","18":"tag-tour-ditalie"},"share_on_mastodon":{"url":"https:\/\/pubeurope.com\/@fr\/114512725480478614","error":""},"_links":{"self":[{"href":"https:\/\/www.europesays.com\/fr\/wp-json\/wp\/v2\/posts\/102295","targetHints":{"allow":["GET"]}}],"collection":[{"href":"https:\/\/www.europesays.com\/fr\/wp-json\/wp\/v2\/posts"}],"about":[{"href":"https:\/\/www.europesays.com\/fr\/wp-json\/wp\/v2\/types\/post"}],"author":[{"embeddable":true,"href":"https:\/\/www.europesays.com\/fr\/wp-json\/wp\/v2\/users\/2"}],"replies":[{"embeddable":true,"href":"https:\/\/www.europesays.com\/fr\/wp-json\/wp\/v2\/comments?post=102295"}],"version-history":[{"count":0,"href":"https:\/\/www.europesays.com\/fr\/wp-json\/wp\/v2\/posts\/102295\/revisions"}],"wp:featuredmedia":[{"embeddable":true,"href":"https:\/\/www.europesays.com\/fr\/wp-json\/wp\/v2\/media\/102296"}],"wp:attachment":[{"href":"https:\/\/www.europesays.com\/fr\/wp-json\/wp\/v2\/media?parent=102295"}],"wp:term":[{"taxonomy":"category","embeddable":true,"href":"https:\/\/www.europesays.com\/fr\/wp-json\/wp\/v2\/categories?post=102295"},{"taxonomy":"post_tag","embeddable":true,"href":"https:\/\/www.europesays.com\/fr\/wp-json\/wp\/v2\/tags?post=102295"}],"curies":[{"name":"wp","href":"https:\/\/api.w.org\/{rel}","templated":true}]}}