{"id":102299,"date":"2025-05-15T16:12:09","date_gmt":"2025-05-15T16:12:09","guid":{"rendered":"https:\/\/www.europesays.com\/fr\/102299\/"},"modified":"2025-05-15T16:12:09","modified_gmt":"2025-05-15T16:12:09","slug":"gros-degueulasse-lio-ecoeuree-par-gerard-depardieu-et-elle-le-crie-tout-haut","status":"publish","type":"post","link":"https:\/\/www.europesays.com\/fr\/102299\/","title":{"rendered":"\u00ab\u00a0Gros d\u00e9gueulasse\u00a0\u00bb : Lio \u00e9c\u0153ur\u00e9e par G\u00e9rard Depardieu et elle le crie tout haut"},"content":{"rendered":"<p>Epilogue d\u2019un proc\u00e8s m\u00e9diatique. Ce mardi 13 mai, le tribunal<br \/>\njudiciaire de Paris a <a href=\"https:\/\/www.closermag.fr\/people\/gerard-depardieu-condamne-pour-agressions-sexuelles-cette-pique-cinglante-qui-fuse-a-lissue-du-proces-3544388\" target=\"_blank\" rel=\"noopener\"><br \/>\ncondamn\u00e9<\/a> G\u00e9rard Depardieu \u00e0 <strong>18 mois de prison avec<br \/>\nsursis<\/strong> pour des faits d\u2019agressions sexuelles sur deux<br \/>\nfemmes. Des faits qui se sont d\u00e9roul\u00e9s sur le tournage du film<br \/>\nLes Volets Verts de Jean Becker en 2021.<\/p>\n<p>\u00ab\u00a0Je suis tr\u00e8s satisfaite de la d\u00e9cision, c&rsquo;est pour moi une<br \/>\nvictoire, une grande avanc\u00e9e\u00a0\u00bb, a d\u00e9clar\u00e9 <a href=\"https:\/\/www.closermag.fr\/people\/abattre-gerard-depardieu-amelie-atterree-a-la-sortie-de-la-salle-daudience-elle-fulmine-3530093\" target=\"_blank\" rel=\"noopener\"><br \/>\nAm\u00e9lie<\/a>, une des plaignantes au micro de<br \/>\nFranceinfo.\u00a0\u00ab\u00a0Je suis tr\u00e8s \u00e9mue, on avance\u00a0\u00bb, a-t-elle<br \/>\najout\u00e9. Des personnalit\u00e9s ont \u00e9galement r\u00e9agi, \u00e0 l\u2019image de Lio,<br \/>\nqui n\u2019a pas m\u00e2ch\u00e9 ses mots sur les r\u00e9seaux sociaux.<\/p>\n<p>G\u00e9rard Depardieu condamn\u00e9 : Lio compare l&rsquo;acteur \u00e0 un porc<\/p>\n<p>C\u2019est dans sa story Instagram que Lio a dit tout ce<br \/>\nqu\u2019elle pensait de G\u00e9rard Depardieu. La chanteuse et com\u00e9dienne,<br \/>\nqui vient de subir une douloureuse \u00e9preuve avec <a href=\"https:\/\/www.closermag.fr\/people\/lio-inconsolable-apres-le-suicide-de-son-fils-de-21-ans-ces-mots-qui-resonnent-douloureusement-3525366\" target=\"_blank\" rel=\"noopener\"><br \/>\nla perte de son fils<\/a>, a partag\u00e9 la publication du m\u00e9dia<br \/>\nFra\u00eeches, faisant \u00e9tat de la condamnation de celui qui est<br \/>\nsurnomm\u00e9 le monstre sacr\u00e9 du cin\u00e9ma fran\u00e7ais.<\/p>\n<p>Elle a tout simplement <strong>grimer<\/strong> la photo de<br \/>\nl\u2019acteur en lui collant <strong>un nez de cochon<\/strong> sur le<br \/>\nvisage, et en ajoutant <strong>la musique intitul\u00e9e Gros<br \/>\nd\u00e9gueulasse<\/strong>. Voil\u00e0 qui a le m\u00e9rite de r\u00e9v\u00e9ler le fond de<br \/>\nsa pens\u00e9e au sujet de l\u2019issue de ce proc\u00e8s retentissant qui a men\u00e9<br \/>\nG\u00e9rard Depardieu devant les tribunaux. Lio n\u2019en a pas dit plus.<br \/>\nPour l\u2019interpr\u00e8te de Banana Split, tout est dit.<\/p>\n<p>G\u00e9rard Depardieu condamn\u00e9\u00a0: \u00ab\u00a0Tout<br \/>\nle monde sait, mais personne ne dit rien\u00a0\u00bb<\/p>\n<p>En janvier dernier, sur le plateau de <a href=\"https:\/\/www.closermag.fr\/people\/affaire-depardieu-lio-livre-un-temoignage-fort-contre-lacteur-et-evoque-ces-listes-qui-circulent-dans-le-metier-3358066#item=1\" target=\"_blank\" rel=\"noopener\"><br \/>\nC l\u2019hebdo<\/a>, Lio avait pris la parole au sujet de l\u2019affaire<br \/>\nDepardieu. Elle avait d\u00e9nonc\u00e9 un syst\u00e8me prot\u00e9geant\u00a0\u00ab\u00a0les<br \/>\npr\u00e9dateurs\u00a0\u00bb, et s&rsquo;\u00e9tait \u00e9tonn\u00e9e du fait que \u00ab\u00a0cet ancien<br \/>\nmonde ait encore autant de pouvoir\u00a0\u00bb. La com\u00e9dienne avait<br \/>\ninsist\u00e9 sur <strong>la complicit\u00e9 du show-business<\/strong> dans<br \/>\nles affaires d\u2019agressions sexuelles et de viols.<\/p>\n<p>\u00ab\u00a0C\u2019est tout ce que l\u2019on peut faire sur un plateau depuis des<br \/>\nann\u00e9es, <strong>avec la complicit\u00e9 de tout un milieu<\/strong>, qui<br \/>\nest en cause aujourd\u2019hui. Ce sont des comportements inadmissibles<br \/>\nqui d\u00e9truisent. J\u2019en ai \u00e9t\u00e9 victime, je ne suis pas la seule\u00a0\u00bb,<br \/>\navait-t-elle confi\u00e9. Avant de conclure : \u00ab\u00a0Tout le monde sait,<br \/>\nmais personne ne dit rien. Il y a des listes qui circulent dans le<br \/>\nm\u00e9tier, tout le monde conna\u00eet les pr\u00e9dateurs sexuels qui sont dans<br \/>\nle m\u00e9tier, qui font du mal.\u00a0\u00bb<\/p>\n","protected":false},"excerpt":{"rendered":"Epilogue d\u2019un proc\u00e8s m\u00e9diatique. Ce mardi 13 mai, le tribunal judiciaire de Paris a condamn\u00e9 G\u00e9rard Depardieu \u00e0&hellip;\n","protected":false},"author":2,"featured_media":102300,"comment_status":"","ping_status":"","sticky":false,"template":"","format":"standard","meta":{"footnotes":""},"categories":[1359],"tags":[548,4073,58,59,1011,27,302,5633,973],"class_list":{"0":"post-102299","1":"post","2":"type-post","3":"status-publish","4":"format-standard","5":"has-post-thumbnail","7":"category-people","8":"tag-article-simple","9":"tag-condamnation","10":"tag-divertissement","11":"tag-entertainment","12":"tag-fr","13":"tag-france","14":"tag-gerard-depardieu","15":"tag-lio","16":"tag-people"},"share_on_mastodon":{"url":"https:\/\/pubeurope.com\/@fr\/114512733405893848","error":""},"_links":{"self":[{"href":"https:\/\/www.europesays.com\/fr\/wp-json\/wp\/v2\/posts\/102299","targetHints":{"allow":["GET"]}}],"collection":[{"href":"https:\/\/www.europesays.com\/fr\/wp-json\/wp\/v2\/posts"}],"about":[{"href":"https:\/\/www.europesays.com\/fr\/wp-json\/wp\/v2\/types\/post"}],"author":[{"embeddable":true,"href":"https:\/\/www.europesays.com\/fr\/wp-json\/wp\/v2\/users\/2"}],"replies":[{"embeddable":true,"href":"https:\/\/www.europesays.com\/fr\/wp-json\/wp\/v2\/comments?post=102299"}],"version-history":[{"count":0,"href":"https:\/\/www.europesays.com\/fr\/wp-json\/wp\/v2\/posts\/102299\/revisions"}],"wp:featuredmedia":[{"embeddable":true,"href":"https:\/\/www.europesays.com\/fr\/wp-json\/wp\/v2\/media\/102300"}],"wp:attachment":[{"href":"https:\/\/www.europesays.com\/fr\/wp-json\/wp\/v2\/media?parent=102299"}],"wp:term":[{"taxonomy":"category","embeddable":true,"href":"https:\/\/www.europesays.com\/fr\/wp-json\/wp\/v2\/categories?post=102299"},{"taxonomy":"post_tag","embeddable":true,"href":"https:\/\/www.europesays.com\/fr\/wp-json\/wp\/v2\/tags?post=102299"}],"curies":[{"name":"wp","href":"https:\/\/api.w.org\/{rel}","templated":true}]}}