{"id":102301,"date":"2025-05-15T16:13:09","date_gmt":"2025-05-15T16:13:09","guid":{"rendered":"https:\/\/www.europesays.com\/fr\/102301\/"},"modified":"2025-05-15T16:13:09","modified_gmt":"2025-05-15T16:13:09","slug":"une-statue-de-melania-trump-se-volatilise-mysterieusement-en-slovenie-son-pays-natal","status":"publish","type":"post","link":"https:\/\/www.europesays.com\/fr\/102301\/","title":{"rendered":"Une statue de Melania Trump se volatilise myst\u00e9rieusement en Slov\u00e9nie, son pays natal"},"content":{"rendered":"<p>C\u2019est pas de chance\u00a0! Une fois encore, les <a href=\"https:\/\/www.20minutes.fr\/monde\/election-presidentielle-americaine\/4112526-20241003-elections-americaines-2024-melania-trump-bien-plus-semblable-mari-parait\" class=\"color-ultramarine c-link\" rel=\"nofollow noopener\" target=\"_blank\">repr\u00e9sentations de Melania Trump<\/a>, Premi\u00e8re dame des Etats-Unis, connaissent dans sa Slov\u00e9nie natale, un dr\u00f4le de sort. Une premi\u00e8re statue, repr\u00e9sentant l\u2019ancien mannequin dans sa c\u00e9l\u00e8bre robe bleu ciel, avait \u00e9t\u00e9 r\u00e9duite en cendres en juillet\u00a02020. <a href=\"https:\/\/www.20minutes.fr\/high-tech\/2558235-20190706-statue-melania-trump-affublee-tete-buche-moquee-reseaux-sociaux\" class=\"color-ultramarine c-link\" rel=\"nofollow noopener\" target=\"_blank\">Grossi\u00e8rement sculpt\u00e9e \u00e0 la tron\u00e7onneuse<\/a> dans un tronc d\u2019arbre et compar\u00e9e \u00e0 un \u00e9pouvantail \u00e0 oiseaux, elle avait en effet \u00e9t\u00e9 br\u00fbl\u00e9e par des inconnus. La nouvelle, en bronze cette fois-ci, a carr\u00e9ment disparu. L\u2019incident a \u00e9t\u00e9 signal\u00e9 mardi. Est-ce pour s\u2019emparer de ce m\u00e9tal devenu pr\u00e9cieux pour le revendre au kilo\u00a0? Pas s\u00fbr\u2026<\/p>\n<\/p>\n<p>Grandeur nature et <a href=\"https:\/\/www.20minutes.fr\/insolite\/2863067-20200916-slovenie-nouvelle-statue-melania-trump-installee-pres-ville-natale\" class=\"color-ultramarine c-link\" rel=\"nofollow noopener\" target=\"_blank\">juch\u00e9e sur un tronc d\u2019arbre<\/a> au beau milieu d\u2019un champ priv\u00e9, pr\u00e8s de Sevnica, une ville de l\u2019est du pays o\u00f9 <a href=\"https:\/\/www.20minutes.fr\/arts-stars\/people\/4132179-20250106-melania-trump-quoi-documentaire-amazon-va-consacrer-premiere-dame-us-2025\" class=\"color-ultramarine c-link\" rel=\"nofollow noopener\" target=\"_blank\">Melania Trump<\/a> a pass\u00e9 son enfance, cette statue en bronze d\u00e9voil\u00e9e en\u00a02020 la pr\u00e9sentait saluant de la main, un geste inspir\u00e9 de la pose du couple pr\u00e9sidentiel lors de l\u2019investiture de <a href=\"https:\/\/www.20minutes.fr\/monde\/2956215-20210119-etats-unis-video-adieu-melania-trump-glisse-violence-jamais-solution\" class=\"color-ultramarine c-link\" rel=\"nofollow noopener\" target=\"_blank\">Donald Trump en\u00a02017<\/a>.<\/p>\n<p>Son auteur, l\u2019artiste conceptuel am\u00e9ricain Brad Downey, avait voulu en faire un \u00ab\u00a0non-monument, de contre-propagande\u00a0\u00bb, expliquant vouloir critiquer la politique du locataire de la Maison-Blanche, en rappelant que sa propre femme, n\u00e9e Melania Knavs en Yougoslavie, est une immigr\u00e9e. Il s\u2019est dit \u00ab\u00a0triste\u00a0\u00bb de la disparition de l\u2019\u0153uvre, pourtant solidement fix\u00e9e au tronc par du b\u00e9ton et des barres de fer, obligeant les voleurs \u00e0 la sectionner au-dessus des chevilles. \u00ab\u00a0J\u2019ai le sentiment que cela a un rapport\u00a0\u00bb avec le retour du <a href=\"https:\/\/www.20minutes.fr\/dossier\/donald_trump\" class=\"color-ultramarine c-link\" rel=\"nofollow noopener\" target=\"_blank\">milliardaire au pouvoir<\/a>, \u00ab\u00a0mais qui sait\u00a0?\u00a0\u00bb, a-t-il dit \u00e0 l\u2019AFP.<\/p>\n<p>L\u2019enqu\u00eate le d\u00e9terminera peut-\u00eatre\u2026 \u00ab\u00a0Des policiers se sont imm\u00e9diatement rendus sur les lieux et une enqu\u00eate a \u00e9t\u00e9 ouverte\u00a0\u00bb pour trouver le coupable, a d\u00e9clar\u00e9 jeudi \u00e0 l\u2019AFP une porte-parole de la police.<\/p>\n","protected":false},"excerpt":{"rendered":"C\u2019est pas de chance\u00a0! Une fois encore, les repr\u00e9sentations de Melania Trump, Premi\u00e8re dame des Etats-Unis, connaissent dans&hellip;\n","protected":false},"author":2,"featured_media":102302,"comment_status":"","ping_status":"","sticky":false,"template":"","format":"standard","meta":{"footnotes":""},"categories":[1358],"tags":[47,1348,1384,1385,1386,58,75,59,674,118,1011,27,21831,74,21832,316,21170,104,11600,10912],"class_list":{"0":"post-102301","1":"post","2":"type-post","3":"status-publish","4":"format-standard","5":"has-post-thumbnail","7":"category-arts-et-design","8":"tag-actualite","9":"tag-arts","10":"tag-arts-and-design","11":"tag-arts-et-design","12":"tag-design","13":"tag-divertissement","14":"tag-donald-trump","15":"tag-entertainment","16":"tag-europe","17":"tag-faits-divers","18":"tag-fr","19":"tag-france","20":"tag-melania-trump","21":"tag-monde","22":"tag-oeuvre-dart","23":"tag-politique","24":"tag-slovenie","25":"tag-societe","26":"tag-statue","27":"tag-voleur"},"share_on_mastodon":{"url":"https:\/\/pubeurope.com\/@fr\/114512737273490263","error":""},"_links":{"self":[{"href":"https:\/\/www.europesays.com\/fr\/wp-json\/wp\/v2\/posts\/102301","targetHints":{"allow":["GET"]}}],"collection":[{"href":"https:\/\/www.europesays.com\/fr\/wp-json\/wp\/v2\/posts"}],"about":[{"href":"https:\/\/www.europesays.com\/fr\/wp-json\/wp\/v2\/types\/post"}],"author":[{"embeddable":true,"href":"https:\/\/www.europesays.com\/fr\/wp-json\/wp\/v2\/users\/2"}],"replies":[{"embeddable":true,"href":"https:\/\/www.europesays.com\/fr\/wp-json\/wp\/v2\/comments?post=102301"}],"version-history":[{"count":0,"href":"https:\/\/www.europesays.com\/fr\/wp-json\/wp\/v2\/posts\/102301\/revisions"}],"wp:featuredmedia":[{"embeddable":true,"href":"https:\/\/www.europesays.com\/fr\/wp-json\/wp\/v2\/media\/102302"}],"wp:attachment":[{"href":"https:\/\/www.europesays.com\/fr\/wp-json\/wp\/v2\/media?parent=102301"}],"wp:term":[{"taxonomy":"category","embeddable":true,"href":"https:\/\/www.europesays.com\/fr\/wp-json\/wp\/v2\/categories?post=102301"},{"taxonomy":"post_tag","embeddable":true,"href":"https:\/\/www.europesays.com\/fr\/wp-json\/wp\/v2\/tags?post=102301"}],"curies":[{"name":"wp","href":"https:\/\/api.w.org\/{rel}","templated":true}]}}