{"id":10231,"date":"2025-04-08T12:52:12","date_gmt":"2025-04-08T12:52:12","guid":{"rendered":"https:\/\/www.europesays.com\/fr\/10231\/"},"modified":"2025-04-08T12:52:12","modified_gmt":"2025-04-08T12:52:12","slug":"une-montre-connectee-pour-enfants-compatible-localiser-et-abordable","status":"publish","type":"post","link":"https:\/\/www.europesays.com\/fr\/10231\/","title":{"rendered":"une montre connect\u00e9e pour enfants compatible Localiser (et abordable\u00a0!)"},"content":{"rendered":"<p>                    <b>Apr\u00e8s avoir conquis le march\u00e9 des montres color\u00e9es, Ice-Watch se positionne d\u00e9sormais sur le segment des objets connect\u00e9s \u00e0 destination des enfants. La marque belge annonce aujourd\u2019hui la sortie de la ICE smart junior 3.0 Find My, une montre connect\u00e9e compatible avec le r\u00e9seau Localiser d\u2019Apple, et surtout sans abonnement requis, une premi\u00e8re sur ce segment.<\/b><\/p>\n<p>                                                                                                                                                        <img decoding=\"async\" src=\"https:\/\/www.europesays.com\/fr\/wp-content\/uploads\/2025\/04\/4fd7840c8c_ice-smart-union-3-0-smartwatch.webp.webp\" alt=\"ICE smart union 3.0 smartwatch\" width=\"1200\" height=\"542\" loading=\"lazy\"\/>        <\/p>\n<p>Compatible Localiser, sans carte SIM ni abonnement<\/p>\n<p>Pens\u00e9e pour les enfants et rassurante pour les parents, <b>la ICE smart junior 3.0 Find My int\u00e8gre la technologie Localiser d\u2019Apple, et permet de localiser la montre depuis n\u2019importe quel appareil Apple.<\/b> Gr\u00e2ce \u00e0 cette int\u00e9gration, il devient possible de retrouver la montre depuis l\u2019application sur son iPhone ou son Mac, que ce soit \u00e0 proximit\u00e9 (via Bluetooth) ou \u00e0 distance, en s\u2019appuyant sur le r\u00e9seau s\u00e9curis\u00e9 et chiffr\u00e9 d\u2019Apple compos\u00e9 de centaines de millions d\u2019appareils Apple. <b>Aucun abonnement, ni carte SIM n\u2019est requis pour cette fonction<\/b>. L\u2019entreprise indique \u00e9galement avoir prot\u00e9g\u00e9 cette innovation par le brevet FR2502521.<\/p>\n<p>                                                                                                                                                        <img decoding=\"async\" src=\"https:\/\/www.europesays.com\/fr\/wp-content\/uploads\/2025\/04\/3f8439e2ba_ice-smart-junior-3-0-une-montre-connectee-pour-enfants-compatible-localiser-et-abordable..webp\" alt=\"ICE smart junior 3.0\u00a0: une montre connect\u00e9e pour enfants compatible Localiser (et abordable\u00a0!)\" width=\"1200\" height=\"599\" loading=\"lazy\"\/>        <\/p>\n<p>Une montre compl\u00e8te pour les enfants<\/p>\n<p>Au-del\u00e0 de la localisation,<b> la ICE smart junior 3.0 Find My est une montre connect\u00e9e \u00e0 part enti\u00e8re<\/b>. Elle a en effet tout d&rsquo;une grande\u00a0! <\/p>\n<p>Elle propose un \u00e9cran AMOLED de 1,75\u2019\u2019 avec fonction Always-On, un podom\u00e8tre, un suivi d\u2019activit\u00e9 et des d\u00e9fis ludiques, des rappels de s\u00e9dentarit\u00e9 et un suivi de sant\u00e9. A cela s&rsquo;ajoutent une m\u00e9moire interne de 128 Mo, une autonomie annonc\u00e9e de 5 \u00e0 7 jours, une certification IP68 (r\u00e9sistance \u00e0 l\u2019eau et \u00e0 la poussi\u00e8re).<\/p>\n<p>Elle dispose d&rsquo;un bracelet en silicone d\u00e9clin\u00e9 en plusieurs coloris (Blue, Light Blue, Pink White, Purple Soft-Blue), et d&rsquo;une application ICE JUNIOR d\u00e9di\u00e9e avec contr\u00f4le parental int\u00e9gr\u00e9 (heures d\u2019utilisation, limitation des jeux, etc.).<\/p>\n<p>Une solution pratique pour le quotidien des familles<\/p>\n<p>En int\u00e9grant la technologie Apple Find My sans surco\u00fbt mensuel, Ice-Watch propose une alternative aux montres GPS classiques. Ce positionnement technologique permet aux familles de rester connect\u00e9es sans abonnement, tout en assurant la s\u00e9curit\u00e9 et la localisation de l\u2019enfant, qu\u2019il soit \u00e0 l\u2019\u00e9cole, en sortie ou en vacances.<\/p>\n<p><b>La montre est d\u2019ores et d\u00e9j\u00e0 disponible <a target=\"_blank\" href=\"https:\/\/shop.mac4ever.com\/gateway?pid=deeplink&amp;mid=am&amp;ml=6tll&amp;st=article&amp;sid=188482&amp;said=2220&amp;sp=www\" rel=\"nofollow noopener\">au prix de 99 euros<\/a>, en boutique et sur le site officiel de la marque.<\/b><\/p>\n","protected":false},"excerpt":{"rendered":"Apr\u00e8s avoir conquis le march\u00e9 des montres color\u00e9es, Ice-Watch se positionne d\u00e9sormais sur le segment des objets connect\u00e9s&hellip;\n","protected":false},"author":2,"featured_media":10232,"comment_status":"","ping_status":"","sticky":false,"template":"","format":"standard","meta":{"footnotes":""},"categories":[7],"tags":[1011,27,4994,4995,43,40,41,39,42,44],"class_list":{"0":"post-10231","1":"post","2":"type-post","3":"status-publish","4":"format-standard","5":"has-post-thumbnail","7":"category-sciences-et-technologies","8":"tag-fr","9":"tag-france","10":"tag-ice","11":"tag-icesmartjunior","12":"tag-science","13":"tag-science-and-technology","14":"tag-sciences","15":"tag-sciences-et-technologies","16":"tag-technologies","17":"tag-technology"},"share_on_mastodon":{"url":"https:\/\/pubeurope.com\/@fr\/114302441503908685","error":""},"_links":{"self":[{"href":"https:\/\/www.europesays.com\/fr\/wp-json\/wp\/v2\/posts\/10231","targetHints":{"allow":["GET"]}}],"collection":[{"href":"https:\/\/www.europesays.com\/fr\/wp-json\/wp\/v2\/posts"}],"about":[{"href":"https:\/\/www.europesays.com\/fr\/wp-json\/wp\/v2\/types\/post"}],"author":[{"embeddable":true,"href":"https:\/\/www.europesays.com\/fr\/wp-json\/wp\/v2\/users\/2"}],"replies":[{"embeddable":true,"href":"https:\/\/www.europesays.com\/fr\/wp-json\/wp\/v2\/comments?post=10231"}],"version-history":[{"count":0,"href":"https:\/\/www.europesays.com\/fr\/wp-json\/wp\/v2\/posts\/10231\/revisions"}],"wp:featuredmedia":[{"embeddable":true,"href":"https:\/\/www.europesays.com\/fr\/wp-json\/wp\/v2\/media\/10232"}],"wp:attachment":[{"href":"https:\/\/www.europesays.com\/fr\/wp-json\/wp\/v2\/media?parent=10231"}],"wp:term":[{"taxonomy":"category","embeddable":true,"href":"https:\/\/www.europesays.com\/fr\/wp-json\/wp\/v2\/categories?post=10231"},{"taxonomy":"post_tag","embeddable":true,"href":"https:\/\/www.europesays.com\/fr\/wp-json\/wp\/v2\/tags?post=10231"}],"curies":[{"name":"wp","href":"https:\/\/api.w.org\/{rel}","templated":true}]}}