{"id":1023112,"date":"2026-06-25T08:20:16","date_gmt":"2026-06-25T08:20:16","guid":{"rendered":"https:\/\/www.europesays.com\/fr\/1023112\/"},"modified":"2026-06-25T08:20:16","modified_gmt":"2026-06-25T08:20:16","slug":"la-canicule-frappe-le-royaume-uni-charles-iii-contraint-de-prendre-une-importante-decision-au-sujet-dune-ancienne-tradition","status":"publish","type":"post","link":"https:\/\/www.europesays.com\/fr\/1023112\/","title":{"rendered":"La canicule frappe le Royaume-Uni\u00a0: Charles III contraint de prendre une importante d\u00e9cision au sujet d&rsquo;une ancienne tradition"},"content":{"rendered":"<p class=\"ap-StoryElement ap-StoryElement--mb ap-StoryText\">Cela ne vous aura pas \u00e9chapp\u00e9 : l&rsquo;Europe traverse une p\u00e9riode caniculaire. Ce d\u00e9but d&rsquo;\u00e9t\u00e9 2026 est en effet marqu\u00e9 par des temp\u00e9ratures record, sur plusieurs pays du continent. Et le Royaume-Uni, connu pour son climat plut\u00f4t maussade \u00e0 l&rsquo;instar de la Belgique, ne fait pas exception. Le pays insulaire conna\u00eet une vague de chaleur sans pr\u00e9c\u00e9dent, avec un mercure qui pourrait bien atteindre les 40 degr\u00e9s ces prochaines heures.<\/p>\n<p class=\"ap-StoryElement ap-StoryElement--mb ap-StoryText\">Et ce n&rsquo;est pas sans cons\u00e9quence sur les activit\u00e9s royales. Bien que Charles III n&rsquo;ait pas modifi\u00e9 son agenda des jours \u00e0 venir, d&rsquo;autres repr\u00e9sentants embl\u00e9matiques de la royaut\u00e9 britannique voient leurs habitudes drastiquement chamboul\u00e9es. Et cela impacte \u00e9galement les touristes qui fr\u00e9quentent les abords de lieux comme Windsor, puisqu&rsquo;il s&rsquo;agit des soldats de la Garde royale.<\/p>\n","protected":false},"excerpt":{"rendered":"Cela ne vous aura pas \u00e9chapp\u00e9 : l&rsquo;Europe traverse une p\u00e9riode caniculaire. Ce d\u00e9but d&rsquo;\u00e9t\u00e9 2026 est en&hellip;\n","protected":false},"author":2,"featured_media":1023113,"comment_status":"","ping_status":"","sticky":false,"template":"","format":"standard","meta":{"footnotes":"","_share_on_mastodon":"0"},"categories":[1588],"tags":[11,32342,581,1777,674,78458,12,52334,473,1853,11232,3140,1851,1850,1852,547],"class_list":["post-1023112","post","type-post","status-publish","format-standard","has-post-thumbnail","category-royaume-uni","tag-actualites","tag-buckingham","tag-charles-iii","tag-eu","tag-europe","tag-garde-royale","tag-news","tag-releve-de-la-garde","tag-royaume-uni","tag-royaume-uni-de-grande-bretagne-et-dirlande-du-nord","tag-soldats","tag-spectacle","tag-uk","tag-united-kingdom","tag-united-kingdom-of-great-britain-and-northern-ireland","tag-windsor"],"share_on_mastodon":{"url":"https:\/\/pubeurope.com\/@fr\/116809775616410042","error":""},"_links":{"self":[{"href":"https:\/\/www.europesays.com\/fr\/wp-json\/wp\/v2\/posts\/1023112","targetHints":{"allow":["GET"]}}],"collection":[{"href":"https:\/\/www.europesays.com\/fr\/wp-json\/wp\/v2\/posts"}],"about":[{"href":"https:\/\/www.europesays.com\/fr\/wp-json\/wp\/v2\/types\/post"}],"author":[{"embeddable":true,"href":"https:\/\/www.europesays.com\/fr\/wp-json\/wp\/v2\/users\/2"}],"replies":[{"embeddable":true,"href":"https:\/\/www.europesays.com\/fr\/wp-json\/wp\/v2\/comments?post=1023112"}],"version-history":[{"count":0,"href":"https:\/\/www.europesays.com\/fr\/wp-json\/wp\/v2\/posts\/1023112\/revisions"}],"wp:featuredmedia":[{"embeddable":true,"href":"https:\/\/www.europesays.com\/fr\/wp-json\/wp\/v2\/media\/1023113"}],"wp:attachment":[{"href":"https:\/\/www.europesays.com\/fr\/wp-json\/wp\/v2\/media?parent=1023112"}],"wp:term":[{"taxonomy":"category","embeddable":true,"href":"https:\/\/www.europesays.com\/fr\/wp-json\/wp\/v2\/categories?post=1023112"},{"taxonomy":"post_tag","embeddable":true,"href":"https:\/\/www.europesays.com\/fr\/wp-json\/wp\/v2\/tags?post=1023112"}],"curies":[{"name":"wp","href":"https:\/\/api.w.org\/{rel}","templated":true}]}}