{"id":102319,"date":"2025-05-15T16:22:09","date_gmt":"2025-05-15T16:22:09","guid":{"rendered":"https:\/\/www.europesays.com\/fr\/102319\/"},"modified":"2025-05-15T16:22:09","modified_gmt":"2025-05-15T16:22:09","slug":"ces-mesures-radicales-que-propose-la-gauche-au-senat","status":"publish","type":"post","link":"https:\/\/www.europesays.com\/fr\/102319\/","title":{"rendered":"ces mesures radicales que propose la gauche au S\u00e9nat"},"content":{"rendered":"<p><strong>D\u00c9CRYPTAGE &#8211;<\/strong> La Chambre haute d\u00e9bat ce jeudi d\u2019une proposition de loi socialiste visant \u00e0 dissuader les grandes entreprises qui versent des dividendes ou re\u00e7oivent des aides publiques de licencier.<\/p>\n<p class=\"fig-paragraph\">Ce fut son cheval de bataille depuis 2017\u202f; c\u2019est aujourd\u2019hui une vuln\u00e9rabilit\u00e9 que ses adversaires ne se privent pas de cibler. Mardi soir, sur TF1,\u00a0<a href=\"http:\/\/www.lefigaro.fr\/conjoncture\/mon-job-pour-les-deux-ans-a-venir-c-est-la-stabilite-declare-emmanuel-macron-devant-des-investisseurs-20250515\" data-fig-type=\"NewsFlash\" data-gtm-custom-categorie=\"navigation\" data-gtm-custom-action=\"crossclick\" data-gtm-custom-label=\"Contextuel\" data-gtm-event=\"customEventSPE\" data-fig-domain=\"LEFIGARO\" target=\"_blank\" rel=\"noopener\">Emmanuel Macron<\/a>\u00a0a \u00e9t\u00e9 pris \u00e0 partie par la secr\u00e9taire g\u00e9n\u00e9rale de la CGT, qui lui a livr\u00e9 la liste des \u00ab<a href=\"http:\/\/www.lefigaro.fr\/societes\/crise-de-l-acier-pourquoi-les-salaries-d-arcelormittal-manifestent-ce-mardi-20250513\" data-fig-type=\"Article\" data-gtm-custom-categorie=\"navigation\" data-gtm-custom-action=\"crossclick\" data-gtm-custom-label=\"Contextuel\" data-gtm-event=\"customEventSPE\" data-fig-domain=\"LEFIGARO\" target=\"_blank\" rel=\"noopener\">400 plans de licenciement<\/a> \u00bb en cours en France. D\u00e9non\u00e7ant des entreprises \u00abqui touchent des aides publiques et distribuent des dividendes\u00bb, Sophie Binet a mis le chef de l\u2019\u00c9tat devant l\u2019\u00e9chec, \u00e0 ses yeux, de sa politique de l\u2019offre, lui qui avait fait du retour au plein-emploi l\u2019une des priorit\u00e9s de son second mandat.<\/p>\n<p class=\"fig-paragraph\">Selon la centrale de Montreuil, les annonces de plans de sauvegarde de l\u2019emploi se multiplient, depuis 2023, une dynamique qui se poursuit cette ann\u00e9e. Mais alors que l\u2019ex\u00e9cutif est somm\u00e9 d\u2019agir par les syndicats et la gauche, le chef de l\u2019\u00c9tat, interpell\u00e9 mardi soir au sujet d\u2019ArcelorMittal, a d\u2019embl\u00e9e \u00e9cart\u00e9\u00a0<a href=\"http:\/\/www.lefigaro.fr\/flash-eco\/macron-ecarte-toute-nationalisation-d-arcelormittal-et-promet-de-sauver-les-sites-de-fos-et-dunkerque-20250513\" data-fig-type=\"NewsFlash\" data-gtm-custom-categorie=\"navigation\" data-gtm-custom-action=\"crossclick\" data-gtm-custom-label=\"Contextuel\" data-gtm-event=\"customEventSPE\" data-fig-domain=\"LEFIGARO\" target=\"_blank\" rel=\"noopener\">l\u2019option de la nationalisation<\/a>\u00a0et rejette tout moratoire sur les licenciements. Pas de quoi satisfaire la gauche s\u00e9natoriale, qui d\u00e9fend, ce jeudi, une proposition de loi visant justement \u00e0 interdire aux entreprises de plus de 250 salari\u00e9s de licencier leurs salari\u00e9s, d\u00e8s lors qu\u2019elles affichent des r\u00e9sultats dans le vert ou verseraient des dividendes \u00e0 leurs actionnaires.<\/p>\n<p class=\"fig-premium-paywall__infos\">\n        Cet article est r\u00e9serv\u00e9 aux abonn\u00e9s.        Il vous reste 70% \u00e0 d\u00e9couvrir.\n    <\/p>\n<p>                <img  data- alt=\"Le Figaro\" class=\"fig-img--complete fig-img\"\/><\/p>\n<p class=\"fig-premium-paywall__title\">Vente Flash<\/p>\n<p class=\"fig-premium-paywall__subtitle\">4,99\u20ac par mois pendant 12 mois. Sans engagement.<\/p>\n<p class=\"fig-premium-paywall__connect\">\n                D\u00e9j\u00e0 abonn\u00e9\u00a0?                <a class=\"fig-premium-paywall__connect-link\" href=\"https:\/\/connect.lefigaro.fr\/login?client=horizon_web&amp;type=main&amp;redirect_uri=https%3A%2F%2Fwww.lefigaro.fr%2Fconjoncture%2Finterdire-les-licenciements-suspendre-les-subventions-ces-mesures-radicales-que-propose-la-gauche-au-senat-20250515\" data-js-gtm=\"{&quot;customCategorie&quot;: &quot;conversion&quot;, &quot;customAction&quot;: &quot;before_Landing_Connexion_paywall_manuel&quot;, &quot;customLabel&quot;: &quot;bGVmaWdhcm8uZnJfXzFmMDMxODY1LTI5MTItNjQzMC1hMDg4LWZmOWY4ZGViOWM5Ml9fQXJ0aWNsZQ==_Interdire les licenciements, suspendre les subventions\u00a0: ces mesures radicales que propose la gauche au S\u00e9nat_1040&quot;, &quot;customIDSPE&quot;: &quot;bGVmaWdhcm8uZnJfXzFmMDMxODY1LTI5MTItNjQzMC1hMDg4LWZmOWY4ZGViOWM5Ml9fQXJ0aWNsZQ==&quot;, &quot;event&quot;: &quot;customEventSPE&quot;}\" target=\"_blank\" rel=\"noopener\"><br \/>\n                    Connectez-vous<br \/>\n                <\/a>\n            <\/p>\n","protected":false},"excerpt":{"rendered":"D\u00c9CRYPTAGE &#8211; La Chambre haute d\u00e9bat ce jeudi d\u2019une proposition de loi socialiste visant \u00e0 dissuader les grandes&hellip;\n","protected":false},"author":2,"featured_media":102320,"comment_status":"","ping_status":"","sticky":false,"template":"","format":"standard","meta":{"footnotes":""},"categories":[6],"tags":[339,340,35,343,345,214,350,130,344,352,349,33,34,341,313,1011,27,346,342,353,351,347,348,354],"class_list":{"0":"post-102319","1":"post","2":"type-post","3":"status-publish","4":"format-standard","5":"has-post-thumbnail","7":"category-economie","8":"tag-actualite-economique","9":"tag-bourse","10":"tag-business","11":"tag-cac-40","12":"tag-chef-dentreprise","13":"tag-chomage","14":"tag-concurrence","15":"tag-consommation","16":"tag-creation-dentreprise","17":"tag-crise","18":"tag-delocalisations","19":"tag-economie","20":"tag-economy","21":"tag-emploi","22":"tag-entreprises","23":"tag-fr","24":"tag-france","25":"tag-grands-patrons","26":"tag-impots","27":"tag-licenciements","28":"tag-monopole","29":"tag-multinationales","30":"tag-privatisation","31":"tag-unio"},"share_on_mastodon":{"url":"","error":""},"_links":{"self":[{"href":"https:\/\/www.europesays.com\/fr\/wp-json\/wp\/v2\/posts\/102319","targetHints":{"allow":["GET"]}}],"collection":[{"href":"https:\/\/www.europesays.com\/fr\/wp-json\/wp\/v2\/posts"}],"about":[{"href":"https:\/\/www.europesays.com\/fr\/wp-json\/wp\/v2\/types\/post"}],"author":[{"embeddable":true,"href":"https:\/\/www.europesays.com\/fr\/wp-json\/wp\/v2\/users\/2"}],"replies":[{"embeddable":true,"href":"https:\/\/www.europesays.com\/fr\/wp-json\/wp\/v2\/comments?post=102319"}],"version-history":[{"count":0,"href":"https:\/\/www.europesays.com\/fr\/wp-json\/wp\/v2\/posts\/102319\/revisions"}],"wp:featuredmedia":[{"embeddable":true,"href":"https:\/\/www.europesays.com\/fr\/wp-json\/wp\/v2\/media\/102320"}],"wp:attachment":[{"href":"https:\/\/www.europesays.com\/fr\/wp-json\/wp\/v2\/media?parent=102319"}],"wp:term":[{"taxonomy":"category","embeddable":true,"href":"https:\/\/www.europesays.com\/fr\/wp-json\/wp\/v2\/categories?post=102319"},{"taxonomy":"post_tag","embeddable":true,"href":"https:\/\/www.europesays.com\/fr\/wp-json\/wp\/v2\/tags?post=102319"}],"curies":[{"name":"wp","href":"https:\/\/api.w.org\/{rel}","templated":true}]}}