{"id":102321,"date":"2025-05-15T16:23:09","date_gmt":"2025-05-15T16:23:09","guid":{"rendered":"https:\/\/www.europesays.com\/fr\/102321\/"},"modified":"2025-05-15T16:23:09","modified_gmt":"2025-05-15T16:23:09","slug":"un-homme-devore-par-son-lion-qui-vivait-dans-le-jardin-de-sa-propriete","status":"publish","type":"post","link":"https:\/\/www.europesays.com\/fr\/102321\/","title":{"rendered":"Un homme d\u00e9vor\u00e9 par son lion, qui vivait dans le jardin de sa propri\u00e9t\u00e9"},"content":{"rendered":"<p><a href=\"https:\/\/www.20minutes.fr\/dossier\/lion\" class=\"color-ultramarine c-link\" rel=\"nofollow noopener\" target=\"_blank\">Un lion<\/a> a \u00e9t\u00e9 abattu apr\u00e8s avoir tu\u00e9 un homme \u00e2g\u00e9 de 50 ans, le 8\u00a0mai dernier, dans le jardin de la victime \u00e0 Nadjaf (<a href=\"https:\/\/www.20minutes.fr\/monde\/irak\/\" class=\"color-ultramarine c-link\" rel=\"nofollow noopener\" target=\"_blank\">Irak<\/a>). Si l\u2019attaque a eu lieu dans une propri\u00e9t\u00e9 priv\u00e9e, c\u2019est que le f\u00e9lin appartenait \u00e0 l\u2019Irakien d\u00e9c\u00e9d\u00e9, qui poss\u00e9dait par ailleurs plusieurs autres animaux sauvages. Un porte-parole de la police locale cit\u00e9 par le m\u00e9dia <a href=\"https:\/\/www.rudaw.net\/english\/middleeast\/iraq\/080520253\" rel=\"nofollow noopener\" target=\"_blank\" class=\"color-ultramarine c-link\">Rudaw<\/a> a pr\u00e9cis\u00e9 que le quinquag\u00e9naire \u00e9tait d\u00e9c\u00e9d\u00e9 sur le coup.<\/p>\n<p>Un voisin intervient<\/p>\n<p><a href=\"https:\/\/www.20minutes.fr\/planete\/animaux\/\" class=\"color-ultramarine c-link\" rel=\"nofollow noopener\" target=\"_blank\">L\u2019animal<\/a> a d\u00e9vor\u00e9 une grande partie du corps de son ma\u00eetre et la d\u00e9cision de le tuer a \u00e9t\u00e9 prise car il refusait de s\u2019\u00e9loigner, a aussi indiqu\u00e9 le repr\u00e9sentant des forces de l\u2019ordre. C\u2019est un voisin, arm\u00e9 d\u2019un fusil automatique, qui s\u2019en est charg\u00e9. La victime, qui gardait ses autres animaux dans son jardin depuis des ann\u00e9es, avait r\u00e9cemment fait l\u2019acquisition de ce lion qui n\u2019\u00e9tait arriv\u00e9 chez elle que quelques jours plus t\u00f4t, d\u00e9taille <a href=\"https:\/\/www.geo.fr\/animaux\/le-lion-de-compagnie-qui-a-tue-son-maitre-revele-les-failles-dun-trafic-ignore-en-irak-226505\" rel=\"nofollow noopener\" target=\"_blank\" class=\"color-ultramarine c-link\">Geo<\/a>.<\/p>\n<\/p>\n<p>L\u2019Irakien aurait \u00e9t\u00e9 surpris par le fauve, dont il pensait pourtant conna\u00eetre et ma\u00eetriser le comportement. Une enqu\u00eate a \u00e9t\u00e9 diligent\u00e9e pour \u00e9claircir les circonstances dans lesquelles le quinquag\u00e9naire a pu faire vivre un tel animal dans son jardin. Le d\u00e9c\u00e8s du propri\u00e9taire du lion est intervenu dans un pays o\u00f9 le trafic d\u2019esp\u00e8ces animales sauvages demeure r\u00e9pandu et o\u00f9 vivent de nombreux animaux tr\u00e8s demand\u00e9s par des collectionneurs n\u2019h\u00e9sitant pas \u00e0 avoir recours au trafic ill\u00e9gal.<\/p>\n","protected":false},"excerpt":{"rendered":"Un lion a \u00e9t\u00e9 abattu apr\u00e8s avoir tu\u00e9 un homme \u00e2g\u00e9 de 50 ans, le 8\u00a0mai dernier, dans&hellip;\n","protected":false},"author":2,"featured_media":102322,"comment_status":"","ping_status":"","sticky":false,"template":"","format":"standard","meta":{"footnotes":""},"categories":[5],"tags":[47,11,1867,118,1011,27,14,4366,21835,74,12,28],"class_list":{"0":"post-102321","1":"post","2":"type-post","3":"status-publish","4":"format-standard","5":"has-post-thumbnail","7":"category-international","8":"tag-actualite","9":"tag-actualites","10":"tag-animaux","11":"tag-faits-divers","12":"tag-fr","13":"tag-france","14":"tag-international","15":"tag-irak","16":"tag-lion","17":"tag-monde","18":"tag-news","19":"tag-world"},"share_on_mastodon":{"url":"https:\/\/pubeurope.com\/@fr\/114512776642617050","error":""},"_links":{"self":[{"href":"https:\/\/www.europesays.com\/fr\/wp-json\/wp\/v2\/posts\/102321","targetHints":{"allow":["GET"]}}],"collection":[{"href":"https:\/\/www.europesays.com\/fr\/wp-json\/wp\/v2\/posts"}],"about":[{"href":"https:\/\/www.europesays.com\/fr\/wp-json\/wp\/v2\/types\/post"}],"author":[{"embeddable":true,"href":"https:\/\/www.europesays.com\/fr\/wp-json\/wp\/v2\/users\/2"}],"replies":[{"embeddable":true,"href":"https:\/\/www.europesays.com\/fr\/wp-json\/wp\/v2\/comments?post=102321"}],"version-history":[{"count":0,"href":"https:\/\/www.europesays.com\/fr\/wp-json\/wp\/v2\/posts\/102321\/revisions"}],"wp:featuredmedia":[{"embeddable":true,"href":"https:\/\/www.europesays.com\/fr\/wp-json\/wp\/v2\/media\/102322"}],"wp:attachment":[{"href":"https:\/\/www.europesays.com\/fr\/wp-json\/wp\/v2\/media?parent=102321"}],"wp:term":[{"taxonomy":"category","embeddable":true,"href":"https:\/\/www.europesays.com\/fr\/wp-json\/wp\/v2\/categories?post=102321"},{"taxonomy":"post_tag","embeddable":true,"href":"https:\/\/www.europesays.com\/fr\/wp-json\/wp\/v2\/tags?post=102321"}],"curies":[{"name":"wp","href":"https:\/\/api.w.org\/{rel}","templated":true}]}}