{"id":102323,"date":"2025-05-15T16:24:08","date_gmt":"2025-05-15T16:24:08","guid":{"rendered":"https:\/\/www.europesays.com\/fr\/102323\/"},"modified":"2025-05-15T16:24:08","modified_gmt":"2025-05-15T16:24:08","slug":"guy-orsoni-et-anto-simonu-moretti-condamnes-a-13-ans-et-12-ans-de-prison","status":"publish","type":"post","link":"https:\/\/www.europesays.com\/fr\/102323\/","title":{"rendered":"Guy Orsoni et Ant\u00f2 Simonu Moretti condamn\u00e9s \u00e0 13 ans et 12 ans de prison"},"content":{"rendered":"<p>Ce jeudi 15 mai, le tribunal correctionnel de Marseille a condamn\u00e9 Guy Orsoni et Ant\u00f2 Simonu Moretti \u00e0 respectivement 13 et 12 ans de prison pour une <a href=\"https:\/\/www.corsematin.com\/articles\/dossier-jirs-une-mise-en-examen-de-guy-orsoni-annulee-112929\" target=\"_blank\" rel=\"noopener\">association de malfaiteurs en vue de commettre un crime<\/a>. Pour les deux hommes, la d\u00e9cision des magistrats s&rsquo;accompagne d&rsquo;une peine de suret\u00e9 de moiti\u00e9.<\/p>\n<p>Thomas Milani a lui \u00e9t\u00e9\u00a0condamn\u00e9 \u00e0 trois ans de prison, dont deux avec sursis. Il sera laiss\u00e9 libre et plac\u00e9 sous surveillance \u00e9lectronique.\u00a0<\/p>\n<p>Le procureur, Olivier Capaccio, avait requis des peines de 15 et 14 ans, assorties d&rsquo;une p\u00e9riode de s\u00fbret\u00e9 des deux tiers, contre les deux premiers et trois ans dont deux avec sursis pour celui \u00e0 qui il est reproch\u00e9 d&rsquo;avoir apport\u00e9 une aide logistique, dans le cadre de cette association de malfaiteurs. Ce qu&rsquo;il conteste, son avocate, Me Val\u00e9rie Vincenti, ayant plaid\u00e9 l&rsquo;absence totale d&rsquo;intentionnalit\u00e9 de la part de son client.<\/p>\n<p>Ant\u00f2 Simonu Moretti et Guy Orsoni interpell\u00e9s un mois apr\u00e8s une tentative d&rsquo;assassinat sur ce dernier<\/p>\n<p>Les faits sont anciens, ils remontent au 19\u00a0octobre 2018. Un mois apr\u00e8s avoir \u00e9t\u00e9 victime d&rsquo;une tentative d&rsquo;assassinat, Guy Orsoni, accompagn\u00e9 d&rsquo;Ant\u00f2 Simonu Moretti, est arr\u00eat\u00e9 \u00e0 proximit\u00e9 du domicile de Pascal Porri, un membre du Petit Bar, une \u00e9quipe criminelle \u00ab\u00a0rivale\u00a0\u00bb selon la juridiction interr\u00e9gionale sp\u00e9cialis\u00e9e (Jirs) de Marseille. Ils sont appr\u00e9hend\u00e9s au guidon d&rsquo;une BMW GS 1200 vol\u00e9e, \u00ab\u00a0arm\u00e9s jusqu&rsquo;aux dents\u00a0\u00bb, pour reprendre les propos d&rsquo;une juge assesseur durant l&rsquo;audience, qui s&rsquo;est ouverte lundi 12\u00a0mai.<\/p>\n<p>\u00ab\u00a0Il a \u00e9t\u00e9 d\u00e9couvert un pas de tirs, avec un jerricane sur lequel se trouvait l&rsquo;ADN de Guy Orsoni, a rappel\u00e9 le procureur Olivier Capaccio dans son r\u00e9quisitoire. Ils sont porteurs d&rsquo;une arme de destruction, ce n&rsquo;est pas une arme de chasse. C&rsquo;est une arme pour tuer une cible, percer le pare-brise d&rsquo;un v\u00e9hicule blind\u00e9\u00a0\u00bb<\/p>\n<p>\u00c0 la barre, alors qu&rsquo;<a href=\"https:\/\/www.corsematin.com\/article\/faits-diversjustice\/1316649184795614\/si-je-rentre-en-corse-je-finis-entre-quatre-planches-au-proces-orsoni-anto-simonu-moretti-sort-du-silence\" target=\"_blank\" rel=\"noopener\">Ant\u00f2 Simonu Moretti a plut\u00f4t \u00e9conomis\u00e9 sa parole<\/a>, Guy Orsoni s&rsquo;est longuement expliqu\u00e9 sur les raisons qui l&rsquo;ont conduit \u00ab\u00a0\u00e0 monter sur cette moto\u00a0\u00bb. Il a n\u00e9anmoins contest\u00e9 l&rsquo;existence d&rsquo;un projet criminel sur la personne de Pascal Porri. Pour l&rsquo;accusation, la cible du commando \u00ab\u00a0interpell\u00e9 en flagrant d\u00e9lit \u00e9tait parfaitement identifi\u00e9e en la personne de Pascal Porri, m\u00eame si lui-m\u00eame ne se d\u00e9finit pas comme tel\u00a0\u00bb.<\/p>\n<p>Les avocats de Guy Orsoni mart\u00e8lent son intention de s&rsquo;exiler \u00e0 l&rsquo;\u00e9tranger<\/p>\n<p>Les avocats de Guy Orsoni, Mes Martin Reynaud et Camille Romani, ont repris cette ligne de d\u00e9fense durant leurs plaidoiries, actant l&rsquo;exil futur de Guy Orsoni, \u00e0 l&rsquo;\u00e9tranger, une fois sa peine purg\u00e9e. Tous les avocats ont point\u00e9 le quantum des peines requises, les opposant \u00e0 certaines condamnations pour des faits similaires\u00a0: \u00ab\u00a0Quatorze et quinze ans de prison dont deux tiers de s\u00fbret\u00e9 demand\u00e9s pour des gens qui n&rsquo;ont pas tir\u00e9\u00a0! Alors que quand on cherche \u00e0 abattre Alain Orsoni, \u00e7a vaut six ans de prison\u00a0!\u00a0\u00bb<\/p>\n<p>\u00ab\u00a0Dans ce dossier, il n&rsquo;y a pas d&rsquo;acte irr\u00e9versible, pas de tir, ni de mort\u2026 la peine prononc\u00e9e ne devrait pas l&rsquo;\u00eatre non plus\u00a0\u00bb, a aussi plaid\u00e9 Me Aymeric Ros, avocat d&rsquo;Ant\u00f2 Simonu Moretti aux c\u00f4t\u00e9s de Damien Benedetti.<\/p>\n<p>Avant que le tribunal ne se retire pour d\u00e9lib\u00e9rer, Ant\u00f2 Simonu Moretti a prononc\u00e9 quelques mots\u00a0: \u00ab\u00a0Tout ce que je veux, c&rsquo;est quitter la France avec ma femme et fonder une famille.\u00a0\u00bb<\/p>\n<p>Guy Orsoni, lui, a soutenu qu&rsquo;il regrettait \u00ab\u00a0am\u00e8rement les faits\u00a0\u00bb, ajoutant \u00ab\u00a0l&rsquo;homme d&rsquo;aujourd&rsquo;hui ne serait pas mont\u00e9 sur la moto\u00a0\u00bb.<\/p>\n<p>Les magistrats, eux, ne l&rsquo;ont pas entendu ainsi.<\/p>\n","protected":false},"excerpt":{"rendered":"Ce jeudi 15 mai, le tribunal correctionnel de Marseille a condamn\u00e9 Guy Orsoni et Ant\u00f2 Simonu Moretti \u00e0&hellip;\n","protected":false},"author":2,"featured_media":102324,"comment_status":"","ping_status":"","sticky":false,"template":"","format":"standard","meta":{"footnotes":""},"categories":[4],"tags":[17,11,21839,1102,21836,274,1011,27,21837,884,12,21838,25,21840,3693],"class_list":{"0":"post-102323","1":"post","2":"type-post","3":"status-publish","4":"format-standard","5":"has-post-thumbnail","7":"category-france","8":"tag-17","9":"tag-actualites","10":"tag-anto","11":"tag-breakingnews","12":"tag-correctionnel","13":"tag-faits-divers-justice","14":"tag-fr","15":"tag-france","16":"tag-guy","17":"tag-marseille","18":"tag-news","19":"tag-orsoni","20":"tag-republique-francaise","21":"tag-simonu","22":"tag-tribunal"},"share_on_mastodon":{"url":"https:\/\/pubeurope.com\/@fr\/114512780570786822","error":""},"_links":{"self":[{"href":"https:\/\/www.europesays.com\/fr\/wp-json\/wp\/v2\/posts\/102323","targetHints":{"allow":["GET"]}}],"collection":[{"href":"https:\/\/www.europesays.com\/fr\/wp-json\/wp\/v2\/posts"}],"about":[{"href":"https:\/\/www.europesays.com\/fr\/wp-json\/wp\/v2\/types\/post"}],"author":[{"embeddable":true,"href":"https:\/\/www.europesays.com\/fr\/wp-json\/wp\/v2\/users\/2"}],"replies":[{"embeddable":true,"href":"https:\/\/www.europesays.com\/fr\/wp-json\/wp\/v2\/comments?post=102323"}],"version-history":[{"count":0,"href":"https:\/\/www.europesays.com\/fr\/wp-json\/wp\/v2\/posts\/102323\/revisions"}],"wp:featuredmedia":[{"embeddable":true,"href":"https:\/\/www.europesays.com\/fr\/wp-json\/wp\/v2\/media\/102324"}],"wp:attachment":[{"href":"https:\/\/www.europesays.com\/fr\/wp-json\/wp\/v2\/media?parent=102323"}],"wp:term":[{"taxonomy":"category","embeddable":true,"href":"https:\/\/www.europesays.com\/fr\/wp-json\/wp\/v2\/categories?post=102323"},{"taxonomy":"post_tag","embeddable":true,"href":"https:\/\/www.europesays.com\/fr\/wp-json\/wp\/v2\/tags?post=102323"}],"curies":[{"name":"wp","href":"https:\/\/api.w.org\/{rel}","templated":true}]}}