{"id":102325,"date":"2025-05-15T16:25:09","date_gmt":"2025-05-15T16:25:09","guid":{"rendered":"https:\/\/www.europesays.com\/fr\/102325\/"},"modified":"2025-05-15T16:25:09","modified_gmt":"2025-05-15T16:25:09","slug":"juliette-binoche-a-cannes-la-palme-de-la-niaiserie","status":"publish","type":"post","link":"https:\/\/www.europesays.com\/fr\/102325\/","title":{"rendered":"\u00abJuliette Binoche \u00e0 Cannes, la palme de la niaiserie\u00bb"},"content":{"rendered":"<p><strong>FIGAROVOX\/HUMEUR &#8211;<\/strong> La pr\u00e9sidente du jury du Festival de Cannes 2025, Juliette Binoche, a \u00e9t\u00e9 raill\u00e9e pour son discours grandiloquent et sa tenue lors de la c\u00e9r\u00e9monie d\u2019ouverture de l\u2019\u00e9v\u00e9nement. L\u2019enseignante Oph\u00e9lie Roque s\u2019amuse de cette performance.<\/p>\n<p class=\"fig-paragraph\">Oph\u00e9lie Roque est professeur de fran\u00e7ais en banlieue parisienne. Elle a notamment publi\u00e9 Antis\u00e8ches d\u2019une prof. Pour survivre \u00e0 l\u2019\u00c9ducation nationale (Les Presses de la cit\u00e9, 2025).<\/p>\n<p class=\"fig-paragraph\">Je n\u2019attendais rien du discours inaugural du\u00a0<a href=\"http:\/\/www.lefigaro.fr\/festival-de-cannes\/juliette-binoche-ouvre-la-ceremonie-d-ouverture-du-festival-de-cannes-avec-un-discours-tres-politique-20250513\" target=\"_blank\" data-fig-type=\"NewsFlash\" rel=\"noopener nofollow\" data-gtm-custom-categorie=\"navigation\" data-gtm-custom-action=\"crossclick\" data-gtm-custom-label=\"Contextuel\" data-gtm-event=\"customEventSPE\" data-fig-domain=\"LEFIGARO\">festival de Cannes<\/a>. J\u2019ai eu tort. Et c\u2019est seulement maintenant que l\u2019\u00e9motion est un peu retomb\u00e9e que je prends pleinement conscience de la port\u00e9e de l\u2019\u00e9v\u00e8nement. Juliette Binoche fut superbe, positivement superbe, et je ne laisserai personne me contredire. \u00c0 dire vrai, j\u2019ai ressenti la m\u00eame \u00e9motion que lors du discours prononc\u00e9 au Z\u00e9nith le\u00a0<a href=\"http:\/\/www.lefigaro.fr\/elections\/presidentielles\/a-paris-valerie-pecresse-francaise-indomptable-promet-une-nouvelle-france-20220213\" target=\"_blank\" data-fig-type=\"NewsFlash\" rel=\"noopener nofollow\" data-gtm-custom-categorie=\"navigation\" data-gtm-custom-action=\"crossclick\" data-gtm-custom-label=\"Contextuel\" data-gtm-event=\"customEventSPE\" data-fig-domain=\"LEFIGARO\">13 f\u00e9vrier 2022 par Val\u00e9rie P\u00e9cresse<\/a>. J\u2019y ai retrouv\u00e9 les m\u00eames impressions, ce m\u00e9lange de g\u00eane palpable et de jeu fauss\u00e9. Bien qu\u2019il faille reconna\u00eetre que la gestuelle de Val\u00e9rie \u00e9tait un tantinet plus \u00e9labor\u00e9e. Elle avait su, tout du long, multiplier les poses audacieuses l\u00e0 o\u00f9 Juliette s\u2019est content\u00e9e d\u2019adopter la posture hi\u00e9ratique d\u2019une colonne dorique. Vous me direz, la faute r\u00e9side peut-\u00eatre moins en l\u2019actrice elle-m\u00eame que dans son invraisemblable tenue \u00e0 mi-chemin entre la Madone et la princesse Leila. On la sentait peu \u00e0 l\u2019aise, avec quelque chose de l\u2019ordre du contraint, au fond vaguement inqui\u00e8te \u00e0 l\u2019id\u00e9e que l\u2019\u00e9toffe ne glisse de sa poitrine\u00a0<a href=\"http:\/\/www.lefigaro.fr\/style\/nudite-interdite-sur-les-marches-du-festival-cannes-depuis-quand-la-croisette-est-elle-plus-prude-que-les-tapis-rouges-de-hollywood-20250513\" target=\"_blank\" data-fig-type=\"Article\" rel=\"noopener nofollow\" data-gtm-custom-categorie=\"navigation\" data-gtm-custom-action=\"crossclick\" data-gtm-custom-label=\"Contextuel\" data-gtm-event=\"customEventSPE\" data-fig-domain=\"LEFIGARO\">et puisse choquer l\u2019\u00e9ventuel Tartuffe<\/a>\u00a0affal\u00e9 devant sa t\u00e9l\u00e9 et qui ne se remettrait probablement jamais d\u2019une mamelle aussi impudiquement d\u00e9voil\u00e9e. En m\u00eame temps, cette fragilit\u00e9 \u00e9meut, elle rappelle notre vuln\u00e9rabilit\u00e9 \u00e0 tous quand, hagards et honteux, on s\u2019enroule \u00e0 la va-vite dans une serviette pour ouvrir au livreur Amazon qui d\u00e9tient notre colis.<\/p>\n<p class=\"fig-paragraph\">On me dira que je m\u2019appesantis trop sur la forme alors qu\u2019en tout c\u2019est le fond qui prime. Soit. Je m\u2019attelle donc \u00e0 d\u00e9cortiquer la substantielle moelle d\u2019un discours qui restera, longtemps, dans les annales. Je passe rapidement sur les premi\u00e8res phrases d\u2019\u00e9chauffement qui ne d\u00e9pareraient pas dans la bouche d\u2019une Miss Camping \u00abdu fond de mon c\u0153ur, je vous remercie\u00bb pour tout de suite aborder le c\u0153ur du message.<\/p>\n<p>On peut virevolter avec des robes de grands couturiers tout en d\u00e9plorant la mis\u00e8re de ceux qui n\u2019ont ni la possibilit\u00e9 ni l\u2019argent ni le temps d\u2019aller au cin\u00e9ma<\/p>\n<p class=\"fig-paragraph\">\u00abLe vent des douleurs emporte les plus faibles, les otages du 7 octobre et tous les otages, les prisonniers, les noy\u00e9s.\u00bb Une phrase pareille, \u00e7a a tout de m\u00eame une autre gueule, mais alors qu\u2019on s\u2019attend \u00e0 un autre chapelet de niaiseries similaires le miracle survient. \u00abGu\u00e9rir nos ignorances et l\u00e2cher nos peurs, notre \u00e9go\u00efsme. Changer de cap et face \u00e0 l\u2019orgueil redonner de l\u2019humidit\u00e9, l\u2019humidit\u00e9, l\u2019humilit\u00e9&#8230;\u00bb Les lapsus et les langues qui fourchent \u00e7a arrive, \u00e0 moi la premi\u00e8re, et je serais bien mauvaise langue de trop m\u2019y attarder mais rien ne nous pr\u00e9parait \u00e0 une telle suite. \u00abL\u2019humidit\u00e9 de l\u2019houmous qui est l\u2019humilit\u00e9\u00a0!\u00bb Ce n\u2019est plus un discours, ce sont les divagations des membres de l\u2019Oulipo. Et la chose continue\u00a0! \u00abIl faut lui redonner toute sa place.\u00bb \u00c0 qui\u00a0? \u00c0 quoi\u00a0?<\/p>\n<p class=\"fig-paragraph\">Fort heureusement revient le temps des poncifs et des phrases aussi grandiloquentes qu\u2019elles sont vaines\u00a0: baudruches toutes pr\u00eates d\u2019un milieu qui se veut engag\u00e9 et n\u00e9cessaire. Au fond, ces guerres c\u2019est tr\u00e8s bien, \u00e7a dramatise la c\u00e9r\u00e9monie. On peut virevolter avec des robes de grands couturiers tout en d\u00e9plorant la mis\u00e8re de ceux qui n\u2019ont ni la possibilit\u00e9 ni l\u2019argent ni le temps d\u2019aller au cin\u00e9ma. \u00abDes artistes luttent tous les jours et font de cette r\u00e9sistance un art\u00bb. De quelle lutte parle-t-on\u00a0? Et d\u2019ailleurs n\u2019est-il pas ind\u00e9cent de parler des \u00abluttes\u00bb de l\u2019artiste apr\u00e8s avoir \u00e9voqu\u00e9 les \u00abotages, les prisonniers, les noy\u00e9s\u00bb. Eux luttent, et pas qu\u2019un peu\u00a0! Ils luttent si fort qu\u2019ils en meurent. Peut-\u00eatre qu\u2019il serait temps, pour \u00eatre enti\u00e8rement raccord avec le fond de son propos, de ne parler que d\u2019eux et uniquement d\u2019eux si c\u2019est l\u00e0 ce qui nous touche. Ne pas ramener tout \u00e0 l\u2019artiste surtout quand les sentences sonnent aussi profondes que les phrases de conclusion d\u2019une copie de brevet\u00a0: \u00abL\u2019art reste, il est le t\u00e9moignage puissant de nos vies, de nos r\u00eaves.\u00bb<\/p>\n<p class=\"fig-body-link\">\n            \u00c0 lire aussi<br \/>\n        <a class=\"fig-body-link__link\" href=\"http:\/\/www.lefigaro.fr\/culture\/les-films-moches-et-le-cauchemar-du-festival-de-cannes-brigitte-bardot-etrille-la-famille-du-cinema-20250512\" target=\"_blank\" data-fig-type=\"NewsFlash\" rel=\"noopener nofollow\" data-gtm-custom-categorie=\"navigation\" data-gtm-custom-action=\"crossclick\" data-gtm-custom-label=\"Contextuel\" data-gtm-event=\"customEventSPE\" data-fig-domain=\"LEFIGARO\">Les films \u00ab\u00a0moches\u00a0\u00bb et le \u00ab\u00a0cauchemar\u00a0\u00bb du Festival de Cannes\u00a0: Brigitte Bardot \u00e9trille la famille du cin\u00e9ma<br \/>\n    <\/a>\n<\/p>\n<p class=\"fig-paragraph\">Alors oui,\u00a0<a href=\"http:\/\/www.lefigaro.fr\/festival-de-cannes\/juliette-binoche-reagit-a-la-condamnation-de-gerard-depardieu-20250513\" target=\"_blank\" data-fig-type=\"NewsFlash\" rel=\"noopener nofollow\" data-gtm-custom-categorie=\"navigation\" data-gtm-custom-action=\"crossclick\" data-gtm-custom-label=\"Contextuel\" data-gtm-event=\"customEventSPE\" data-fig-domain=\"LEFIGARO\">Juliette Binoche<\/a>\u00a0n\u2019est pas la premi\u00e8re \u00e0 endosser le r\u00f4le de l\u2019actrice engag\u00e9e et elle ne sera pas la derni\u00e8re ; se vautrer dans la cause humanitaire est devenu le passage quasi oblig\u00e9 de toute star soucieuse de se donner les apparences de la profondeur intellectuelle. D\u2019ailleurs ce n\u2019est pas la premi\u00e8re fois qu\u2019elle se travestit en lanceuse d\u2019alerte, il suffit de se souvenir de ses prises de positions &#8211; plus que contest\u00e9es &#8211;\u00a0<a href=\"http:\/\/www.lefigaro.fr\/secteur\/high-tech\/5g-juliette-binoche-deboutee-par-le-conseil-d-etat-20211012\" target=\"_blank\" data-fig-type=\"NewsFlash\" rel=\"noopener nofollow\" data-gtm-custom-categorie=\"navigation\" data-gtm-custom-action=\"crossclick\" data-gtm-custom-label=\"Contextuel\" data-gtm-event=\"customEventSPE\" data-fig-domain=\"LEFIGARO\">autour de la 5G<\/a>\u00a0ou des vaccins contre la Covid. Mais il semblerait qu\u2019ici elle oublie une chose, essentielle\u00a0: choisir une cause, c\u2019est aussi choisir son public. Et dans le cas \u00e9ch\u00e9ant, elle n\u2019a su convaincre ni d\u2019un c\u00f4t\u00e9 ni de l\u2019autre. Jug\u00e9e ti\u00e8de par le camp palestinien qui lui reproche de ne pas mentionner le r\u00f4le d\u2019Isra\u00ebl et tenue pour suspecte par le camp isra\u00e9lien qui lui en veut d\u2019avoir plus ou moins amen\u00e9 la question de Gaza \u00e0 Cannes.<\/p>\n<p class=\"fig-paragraph\">Mais j\u2019aurais \u00e9galement pu \u00e9voquer la tr\u00e8s audacieuse tirade de Laurent Lafitte qui \u00e9voque, sans fr\u00e9mir \u00able climat, l\u2019\u00e9quit\u00e9, le f\u00e9minisme, les LGBTQIA+ , les migrants, le racisme\u00bb, autant \u00abde mots bannis par la premi\u00e8re puissance du monde\u00bb (qu\u2019on ne nomme d\u2019ailleurs pas, le courage sait, lui aussi, avoir ses limites).<\/p>\n<p class=\"fig-paragraph\">Ni le cin\u00e9ma ni les diff\u00e9rentes causes humanitaires \u00e9num\u00e9r\u00e9es avec une comptabilit\u00e9 soucieuse n\u2019en sortent grandis. La palme de l\u2019engagement ne saurait se contenter d\u2019un vain bruit. Merci aux travailleurs sociaux, merci aux b\u00e9n\u00e9voles, merci \u00e0 tous ceux qui, d\u2019une mani\u00e8re ou d\u2019une autre, contribuent \u00e0 l\u2019am\u00e9lioration de la soci\u00e9t\u00e9. Car, in fine, c\u2019est \u00e0 eux que revient la palme de l\u2019engagement.<\/p>\n","protected":false},"excerpt":{"rendered":"FIGAROVOX\/HUMEUR &#8211; La pr\u00e9sidente du jury du Festival de Cannes 2025, Juliette Binoche, a \u00e9t\u00e9 raill\u00e9e pour son&hellip;\n","protected":false},"author":2,"featured_media":102326,"comment_status":"","ping_status":"","sticky":false,"template":"","format":"standard","meta":{"footnotes":""},"categories":[2],"tags":[11,7306,1428,650,1292,12195,1429,1011,27,5683,500,12,1427,1426],"class_list":{"0":"post-102325","1":"post","2":"type-post","3":"status-publish","4":"format-standard","5":"has-post-thumbnail","7":"category-actualites","8":"tag-actualites","9":"tag-cannes","10":"tag-chroniqueurs","11":"tag-cinema","12":"tag-debat","13":"tag-debats-medias","14":"tag-figarovox","15":"tag-fr","16":"tag-france","17":"tag-juliette-binoche","18":"tag-medias","19":"tag-news","20":"tag-opinions","21":"tag-questions"},"share_on_mastodon":{"url":"https:\/\/pubeurope.com\/@fr\/114512784465645124","error":""},"_links":{"self":[{"href":"https:\/\/www.europesays.com\/fr\/wp-json\/wp\/v2\/posts\/102325","targetHints":{"allow":["GET"]}}],"collection":[{"href":"https:\/\/www.europesays.com\/fr\/wp-json\/wp\/v2\/posts"}],"about":[{"href":"https:\/\/www.europesays.com\/fr\/wp-json\/wp\/v2\/types\/post"}],"author":[{"embeddable":true,"href":"https:\/\/www.europesays.com\/fr\/wp-json\/wp\/v2\/users\/2"}],"replies":[{"embeddable":true,"href":"https:\/\/www.europesays.com\/fr\/wp-json\/wp\/v2\/comments?post=102325"}],"version-history":[{"count":0,"href":"https:\/\/www.europesays.com\/fr\/wp-json\/wp\/v2\/posts\/102325\/revisions"}],"wp:featuredmedia":[{"embeddable":true,"href":"https:\/\/www.europesays.com\/fr\/wp-json\/wp\/v2\/media\/102326"}],"wp:attachment":[{"href":"https:\/\/www.europesays.com\/fr\/wp-json\/wp\/v2\/media?parent=102325"}],"wp:term":[{"taxonomy":"category","embeddable":true,"href":"https:\/\/www.europesays.com\/fr\/wp-json\/wp\/v2\/categories?post=102325"},{"taxonomy":"post_tag","embeddable":true,"href":"https:\/\/www.europesays.com\/fr\/wp-json\/wp\/v2\/tags?post=102325"}],"curies":[{"name":"wp","href":"https:\/\/api.w.org\/{rel}","templated":true}]}}