{"id":102327,"date":"2025-05-15T16:26:10","date_gmt":"2025-05-15T16:26:10","guid":{"rendered":"https:\/\/www.europesays.com\/fr\/102327\/"},"modified":"2025-05-15T16:26:10","modified_gmt":"2025-05-15T16:26:10","slug":"saint-etienne-un-adolescent-frappe-par-deux-autres-pour-son-telephone-portable","status":"publish","type":"post","link":"https:\/\/www.europesays.com\/fr\/102327\/","title":{"rendered":"Saint-\u00c9tienne. Un adolescent frapp\u00e9 par deux autres pour son t\u00e9l\u00e9phone portable"},"content":{"rendered":"<p>Le 12\u00a0mai vers 20 heures, un adolescent de 15 ans est agress\u00e9 par deux autres dans le quartier de La M\u00e9tare. Les deux agresseurs frappent leur victime pour lui voler son t\u00e9l\u00e9phone portable.<\/p>\n<p>La police est appel\u00e9e et un signalement des suspects donn\u00e9. Tr\u00e8s vite une patrouille de la Brigade anticriminalit\u00e9 (Bac) retrouve la trace de l\u2019un d\u2019eux. \u00c2g\u00e9 de 15 ans lui aussi, il est interpell\u00e9 en possession du t\u00e9l\u00e9phone, qui est restitu\u00e9 \u00e0 la victime.<\/p>\n<p>  Le second arr\u00eat\u00e9 gr\u00e2ce \u00e0 la vid\u00e9osurveillance<\/p>\n<p>Les enqu\u00eateurs de l\u2019Unit\u00e9 des atteintes aux biens vont rapidement retrouver la trace du second. Sur les images d\u2019une cam\u00e9ra de vid\u00e9osurveillance, ils l\u2019aper\u00e7oivent distinctement et parviennent \u00e0 l\u2019identifier. Il sera interpell\u00e9 le lendemain et \u00e0 peine plus \u00e2g\u00e9\u00a0: 17 ans.<\/p>\n<p>Les deux suspects seront convoqu\u00e9s devant le tribunal pour enfants pour vol avec violence et en r\u00e9union.<\/p>\n","protected":false},"excerpt":{"rendered":"Le 12\u00a0mai vers 20 heures, un adolescent de 15 ans est agress\u00e9 par deux autres dans le quartier&hellip;\n","protected":false},"author":2,"featured_media":102328,"comment_status":"","ping_status":"","sticky":false,"template":"","format":"standard","meta":{"footnotes":""},"categories":[9653],"tags":[1111,11,2430,271,272,7539,1777,674,274,1011,27,12,25,4001,7538],"class_list":{"0":"post-102327","1":"post","2":"type-post","3":"status-publish","4":"format-standard","5":"has-post-thumbnail","7":"category-saint-etienne","8":"tag-actu","9":"tag-actualites","10":"tag-auvergne-rhone-alpes","11":"tag-crime","12":"tag-delit-et-contravention","13":"tag-edition-loire-sud","14":"tag-eu","15":"tag-europe","16":"tag-faits-divers-justice","17":"tag-fr","18":"tag-france","19":"tag-news","20":"tag-republique-francaise","21":"tag-saint-etienne","22":"tag-saint-etienne-ville"},"share_on_mastodon":{"url":"https:\/\/pubeurope.com\/@fr\/114512788329732012","error":""},"_links":{"self":[{"href":"https:\/\/www.europesays.com\/fr\/wp-json\/wp\/v2\/posts\/102327","targetHints":{"allow":["GET"]}}],"collection":[{"href":"https:\/\/www.europesays.com\/fr\/wp-json\/wp\/v2\/posts"}],"about":[{"href":"https:\/\/www.europesays.com\/fr\/wp-json\/wp\/v2\/types\/post"}],"author":[{"embeddable":true,"href":"https:\/\/www.europesays.com\/fr\/wp-json\/wp\/v2\/users\/2"}],"replies":[{"embeddable":true,"href":"https:\/\/www.europesays.com\/fr\/wp-json\/wp\/v2\/comments?post=102327"}],"version-history":[{"count":0,"href":"https:\/\/www.europesays.com\/fr\/wp-json\/wp\/v2\/posts\/102327\/revisions"}],"wp:featuredmedia":[{"embeddable":true,"href":"https:\/\/www.europesays.com\/fr\/wp-json\/wp\/v2\/media\/102328"}],"wp:attachment":[{"href":"https:\/\/www.europesays.com\/fr\/wp-json\/wp\/v2\/media?parent=102327"}],"wp:term":[{"taxonomy":"category","embeddable":true,"href":"https:\/\/www.europesays.com\/fr\/wp-json\/wp\/v2\/categories?post=102327"},{"taxonomy":"post_tag","embeddable":true,"href":"https:\/\/www.europesays.com\/fr\/wp-json\/wp\/v2\/tags?post=102327"}],"curies":[{"name":"wp","href":"https:\/\/api.w.org\/{rel}","templated":true}]}}