{"id":102331,"date":"2025-05-15T16:28:19","date_gmt":"2025-05-15T16:28:19","guid":{"rendered":"https:\/\/www.europesays.com\/fr\/102331\/"},"modified":"2025-05-15T16:28:19","modified_gmt":"2025-05-15T16:28:19","slug":"la-fondation-du-patrimoine-lorraine-lance-un-concours-inedit-en-2025","status":"publish","type":"post","link":"https:\/\/www.europesays.com\/fr\/102331\/","title":{"rendered":"La Fondation du patrimoine Lorraine lance un concours in\u00e9dit en 2025"},"content":{"rendered":"<p>Depuis quelques ann\u00e9es, les <strong>concours en ligne <\/strong>ne cessent de gagner en popularit\u00e9. La <strong>Fondation du patrimoine <\/strong>l\u2019a bien compris et a d\u00e9cid\u00e9 de lancer son premier vote grand public.<strong> 12 monuments de Lorraine seront en comp\u00e9tition <\/strong>du lundi 19 mai au dimanche 1er juin 2025.\u00a0<\/p>\n<p><img fetchpriority=\"high\" decoding=\"async\" width=\"1200\" height=\"800\" src=\"https:\/\/www.europesays.com\/fr\/wp-content\/uploads\/2025\/05\/conference-club-presse-fondation-patrimoine-concours-2025-IMG_2863-1200x800.jpg\" alt=\"\" class=\"wp-image-241444\"  \/>Marie PETITCOLAS, charg\u00e9e de mission, et Denis SCHAMING, d\u00e9l\u00e9gu\u00e9 r\u00e9gional de la Fondation du patrimoine, au club de la presse de Metz. <\/p>\n<p>Pour cette grande premi\u00e8re, la Fondation du patrimoine Lorraine a s\u00e9lectionn\u00e9 <strong>12 \u00ab tr\u00e9sors \u00bb architecturaux parmi les 120 actuellement accompagn\u00e9s<\/strong> par ses \u00e9quipes. 3 projets ont \u00e9t\u00e9 choisis pour chacun des 4 d\u00e9partements de la Moselle, Meurthe-et-Moselle, Meuse et Vosges.<\/p>\n<p>Les<strong> internautes pourront voter librement pour leur monument pr\u00e9f\u00e9r\u00e9 <\/strong>du 19 mai au 1er juin sur <a href=\"https:\/\/www.fondation-patrimoine.org\/campagnes\" target=\"_blank\" rel=\"noreferrer noopener nofollow\">page web d\u00e9di\u00e9e en cliquant ici<\/a>. Les r\u00e9sultats du vote seront annonc\u00e9s le 2 juin, avant une remise des prix \u00e0 l\u2019automne. <\/p>\n<p>Le projet qui aura recueilli le plus de voix dans chaque d\u00e9partement se verra remettre un <strong>ch\u00e8que de 10 000 \u20ac pour aider aux travaux de restauration<\/strong>, soit un total de 40 000 \u20ac. <\/p>\n<p>Les 12 sites en comp\u00e9tition sont les suivants :<\/p>\n<p>Comme le rappelle Denis SCHAMING, d\u00e9l\u00e9gu\u00e9 r\u00e9gional de la Fondation du patrimoine, ce concours est avant tout<strong> l\u2019occasion d\u2019attirer les regards<\/strong> vers les initiatives soutenues en Lorraine, qu\u2019elles soient priv\u00e9es ou publiques.\u00a0<\/p>\n<p>Il revient sur l\u2019organisation du concours, ses objectifs, et le besoin de b\u00e9n\u00e9voles de la Fondation du Patrimoine : <\/p>\n<\/p>\n<p>SoundCoud de TOUT-METZ.com<\/p>\n<p>La<strong> Fondation du patrimoine Lorraine agit \u00e9galement pour promouvoir le patrimoine naturel et vivant<\/strong>, souhaitant devenir avec le temps la \u00ab Fondation des patrimoines \u00bb. C\u2019est en lien avec cette nouvelle politique qu\u2019une <a href=\"https:\/\/tout-metz.com\/fondation-patrimoine-pavillon-biodiversite-metz-cherche-mecenes-2024-513659.php\" target=\"_blank\" rel=\"noreferrer noopener nofollow\">campagne de m\u00e9c\u00e9nat est men\u00e9 pour soutenir l\u2019ouverture du futur Pavillon de la Biodiversit\u00e9 de Metz<\/a>. <\/p>\n","protected":false},"excerpt":{"rendered":"Depuis quelques ann\u00e9es, les concours en ligne ne cessent de gagner en popularit\u00e9. La Fondation du patrimoine l\u2019a&hellip;\n","protected":false},"author":2,"featured_media":102332,"comment_status":"","ping_status":"","sticky":false,"template":"","format":"standard","meta":{"footnotes":""},"categories":[9635],"tags":[1111,11,21841,1777,674,1011,27,775,776,1702,12,2551,25],"class_list":{"0":"post-102331","1":"post","2":"type-post","3":"status-publish","4":"format-standard","5":"has-post-thumbnail","7":"category-nancy","8":"tag-actu","9":"tag-actualites","10":"tag-concours-bons-plans","11":"tag-eu","12":"tag-europe","13":"tag-fr","14":"tag-france","15":"tag-grand-est","16":"tag-lorraine","17":"tag-nancy","18":"tag-news","19":"tag-patrimoine","20":"tag-republique-francaise"},"share_on_mastodon":{"url":"https:\/\/pubeurope.com\/@fr\/114512796346365860","error":""},"_links":{"self":[{"href":"https:\/\/www.europesays.com\/fr\/wp-json\/wp\/v2\/posts\/102331","targetHints":{"allow":["GET"]}}],"collection":[{"href":"https:\/\/www.europesays.com\/fr\/wp-json\/wp\/v2\/posts"}],"about":[{"href":"https:\/\/www.europesays.com\/fr\/wp-json\/wp\/v2\/types\/post"}],"author":[{"embeddable":true,"href":"https:\/\/www.europesays.com\/fr\/wp-json\/wp\/v2\/users\/2"}],"replies":[{"embeddable":true,"href":"https:\/\/www.europesays.com\/fr\/wp-json\/wp\/v2\/comments?post=102331"}],"version-history":[{"count":0,"href":"https:\/\/www.europesays.com\/fr\/wp-json\/wp\/v2\/posts\/102331\/revisions"}],"wp:featuredmedia":[{"embeddable":true,"href":"https:\/\/www.europesays.com\/fr\/wp-json\/wp\/v2\/media\/102332"}],"wp:attachment":[{"href":"https:\/\/www.europesays.com\/fr\/wp-json\/wp\/v2\/media?parent=102331"}],"wp:term":[{"taxonomy":"category","embeddable":true,"href":"https:\/\/www.europesays.com\/fr\/wp-json\/wp\/v2\/categories?post=102331"},{"taxonomy":"post_tag","embeddable":true,"href":"https:\/\/www.europesays.com\/fr\/wp-json\/wp\/v2\/tags?post=102331"}],"curies":[{"name":"wp","href":"https:\/\/api.w.org\/{rel}","templated":true}]}}