{"id":102335,"date":"2025-05-15T16:30:10","date_gmt":"2025-05-15T16:30:10","guid":{"rendered":"https:\/\/www.europesays.com\/fr\/102335\/"},"modified":"2025-05-15T16:30:10","modified_gmt":"2025-05-15T16:30:10","slug":"terre-de-provence-une-immersion-totale-dans-les-traditions-du-sud-ce-dimanche-a-la-garde","status":"publish","type":"post","link":"https:\/\/www.europesays.com\/fr\/102335\/","title":{"rendered":"\u00ab\u00a0Terre de Provence\u00a0\u00bb: une immersion totale dans les traditions du sud ce dimanche \u00e0 La Garde"},"content":{"rendered":"<p>Dimanche, la Ville de La Garde mettra \u00e0 l\u2019honneur son identit\u00e9 proven\u00e7ale \u00e0 l\u2019occasion de \u00ab\u00a0Terre de Provence\u00a0\u00bb: toute une journ\u00e9e pour d\u00e9couvrir les coutumes d\u2019autrefois, mettre \u00e0 l\u2019honneur les artisans d\u2019aujourd\u2019hui et transmettre aux nouvelles g\u00e9n\u00e9rations la richesse d\u2019un h\u00e9ritage culturel unique!<\/p>\n<p>En avant-premi\u00e8re de cette journ\u00e9e, samedi \u00e0 15h, \u00e0 l\u2019auditorium G\u00e9rard-Philipe, la pi\u00e8ce de th\u00e9\u00e2tre en proven\u00e7al For\u00e7o energ\u00eco \u00e0 Rougon, sera pr\u00e9sent\u00e9e par l\u2019association ACAMP.<\/p>\n<p>Une immersion totale dans les traditions du sud: dimanche d\u00e8s 9h, le centre-ville se transformera en village proven\u00e7al anim\u00e9, avec un superbe march\u00e9 d\u2019artisans.<\/p>\n<p>Huile d\u2019olive, tapenade, savons artisanaux, tissus proven\u00e7aux, produits du terroir, il y en aura pour tous les go\u00fbts et toutes les papilles! La place de la R\u00e9publique accueillera \u00e9galement une ferme p\u00e9dagogique.<\/p>\n<p>\u00c0 10h, le grand d\u00e9fil\u00e9 traditionnel marquera le coup d\u2019envoi des festivit\u00e9s, avec fifres et tambours du 1er R\u00e9giment de Provence, La Miougrano, La Farigouleto et les Bravadeurs des Amis de Saint Fran\u00e7ois de Paule.<\/p>\n<p>\u00c0 d\u00e9couvrir (ou red\u00e9couvrir) \u00e9galement, une bravade, v\u00e9ritable tradition varoise o\u00f9 costumes, musique et d\u00e9tonations rythment une c\u00e9l\u00e9bration haute en couleurs.<\/p>\n<p>\u00c0 l\u2019issue des ces premi\u00e8res festivit\u00e9s, l\u2019inauguration aura lieu \u00e0 11h: H\u00e9l\u00e8ne Bill, maire de La Garde, signera la charte d\u2019adh\u00e9sion au label \u00ab\u00a0Ci\u00e9uta mistralenco\u00a0\u00bb, qui \u0153uvre pour la culture proven\u00e7ale et r\u00e9compense l\u2019engagement de la municipalit\u00e9 en faveur de la valorisation de la culture proven\u00e7ale.<\/p>\n<p><strong>Des animations vari\u00e9es<\/strong><\/p>\n<p>\u00c0 14h45, un grand spectacle de danse folklorique sera propos\u00e9 par La Farigouleto, La Miougrano et La Respelido.<\/p>\n<p>\u00c0 16h15, m\u00ealant musique traditionnelle et instruments modernes, le groupe Les Cigales Engats\u00e9es r\u00e9interpr\u00e8tera des standards, ou des compositions, une v\u00e9ritable plong\u00e9e dans le \u00ab\u00a0rock trad proven\u00e7al\u00a0\u00bb.<\/p>\n<p>Les m\u00e9tiers d\u2019antan seront aussi \u00e0 l\u2019honneur: des d\u00e9monstrateurs costum\u00e9s pr\u00e9senteront des outils et des instruments d\u2019\u00e9poque (association Giens 1900).<\/p>\n<p>Des ateliers et des rencontres avec des artisans: initiez-vous \u00e0 la d\u00e9gustation d\u2019huiles d\u2019olive de Provence (Dimension Sud), \u00e0 la langue proven\u00e7ale (ACAMP, La Respelido et La Voio), fabriquez un baume anti-moustiques \u00e0 base d\u2019huiles essentielles (So Naturelle), ou encore un instrument de musique en canne de Provence, et d\u00e9couvrez des jeux en bois \u00e0 l\u2019ancienne.<\/p>\n<p>Vous pourrez \u00e9galement partir \u00e0 la rencontre des artisans de la vieille ville de La Garde, visiter l\u2019ateliers du bois d\u2019olivier, l\u2019atelier de calligraphie et l\u2019espace d\u2019exposition monolithe.<\/p>\n","protected":false},"excerpt":{"rendered":"Dimanche, la Ville de La Garde mettra \u00e0 l\u2019honneur son identit\u00e9 proven\u00e7ale \u00e0 l\u2019occasion de \u00ab\u00a0Terre de Provence\u00a0\u00bb:&hellip;\n","protected":false},"author":2,"featured_media":102336,"comment_status":"","ping_status":"","sticky":false,"template":"","format":"standard","meta":{"footnotes":""},"categories":[9619],"tags":[1111,11,1777,674,1011,27,12,882,25,2310,3366],"class_list":{"0":"post-102335","1":"post","2":"type-post","3":"status-publish","4":"format-standard","5":"has-post-thumbnail","7":"category-toulon","8":"tag-actu","9":"tag-actualites","10":"tag-eu","11":"tag-europe","12":"tag-fr","13":"tag-france","14":"tag-news","15":"tag-provence-alpes-cote-dazur","16":"tag-republique-francaise","17":"tag-toulon","18":"tag-vie-locale"},"share_on_mastodon":{"url":"https:\/\/pubeurope.com\/@fr\/114512804120349269","error":""},"_links":{"self":[{"href":"https:\/\/www.europesays.com\/fr\/wp-json\/wp\/v2\/posts\/102335","targetHints":{"allow":["GET"]}}],"collection":[{"href":"https:\/\/www.europesays.com\/fr\/wp-json\/wp\/v2\/posts"}],"about":[{"href":"https:\/\/www.europesays.com\/fr\/wp-json\/wp\/v2\/types\/post"}],"author":[{"embeddable":true,"href":"https:\/\/www.europesays.com\/fr\/wp-json\/wp\/v2\/users\/2"}],"replies":[{"embeddable":true,"href":"https:\/\/www.europesays.com\/fr\/wp-json\/wp\/v2\/comments?post=102335"}],"version-history":[{"count":0,"href":"https:\/\/www.europesays.com\/fr\/wp-json\/wp\/v2\/posts\/102335\/revisions"}],"wp:featuredmedia":[{"embeddable":true,"href":"https:\/\/www.europesays.com\/fr\/wp-json\/wp\/v2\/media\/102336"}],"wp:attachment":[{"href":"https:\/\/www.europesays.com\/fr\/wp-json\/wp\/v2\/media?parent=102335"}],"wp:term":[{"taxonomy":"category","embeddable":true,"href":"https:\/\/www.europesays.com\/fr\/wp-json\/wp\/v2\/categories?post=102335"},{"taxonomy":"post_tag","embeddable":true,"href":"https:\/\/www.europesays.com\/fr\/wp-json\/wp\/v2\/tags?post=102335"}],"curies":[{"name":"wp","href":"https:\/\/api.w.org\/{rel}","templated":true}]}}