{"id":102343,"date":"2025-05-15T16:34:10","date_gmt":"2025-05-15T16:34:10","guid":{"rendered":"https:\/\/www.europesays.com\/fr\/102343\/"},"modified":"2025-05-15T16:34:10","modified_gmt":"2025-05-15T16:34:10","slug":"les-votes-sont-ouverts-a-vous-de-jouer","status":"publish","type":"post","link":"https:\/\/www.europesays.com\/fr\/102343\/","title":{"rendered":"les votes sont ouverts, \u00e0 vous de jouer\u00a0!"},"content":{"rendered":"<p>            Par<br \/>\n        <strong><br \/>\n            <a href=\"https:\/\/actu.fr\/auteur\/julien-bouteiller\" title=\"Consulter tous les articles de Julien Bouteiller\" target=\"_blank\" rel=\"noopener\">Julien Bouteiller<\/a><br \/>\n        <\/strong><\/p>\n<p>        Publi\u00e9 le<\/p>\n<p>            15 mai 2025 \u00e0 17h56        <\/p>\n<p>C\u2019est officiel, <a href=\"https:\/\/actu.fr\/normandie\/rouen_76540\/quel-est-le-bar-prefere-des-rouennais-cinq-bonnes-raisons-de-s-inscrire-au-concours_60953804.html\" target=\"_blank\" rel=\"noopener\">le concours du Bar pr\u00e9f\u00e9r\u00e9 des Rouennais 2025<\/a> est lanc\u00e9 ! 76actu et C\u00f4t\u00e9 Rouen <strong>ouvrent d\u00e8s aujourd\u2019hui les votes<\/strong> pour que vous puissiez d\u00e9signer <strong>votre \u00e9tablissement favori \u00e0 Rouen<\/strong>. Dans quelques semaines, nous saurons ainsi qui succ\u00e8dera <a href=\"https:\/\/actu.fr\/normandie\/rouen_76540\/vous-avez-vote-le-bar-prefere-des-rouennais-est-le-milk_61544804.html\" target=\"_blank\" rel=\"noopener\">au Milk, \u00e9lu Bar pr\u00e9f\u00e9r\u00e9 des Rouennais en 2024<\/a>.<\/p>\n<p>Votez pour le Bar pr\u00e9f\u00e9r\u00e9 des Rouennais 2025 !<\/p>\n<p class=\" wall-content\">Cette ann\u00e9e, ce sont<strong> 51 \u00e9tablissements qui sont soumis \u00e0 vos votes<\/strong>, propos\u00e9s par nos internautes ou qui se sont port\u00e9s eux-m\u00eames candidats. Le Milk, vainqueur l\u2019an dernier, ne pouvait pas se repr\u00e9senter cette ann\u00e9e.\u00a0<\/p>\n<p class=\" wall-content\">L\u2019an dernier, vous avez \u00e9t\u00e9 plus de 3400 \u00e0 voter. On fait encore plus fort cette fois-ci ?\u00a0<\/p>\n<p class=\" wall-content\">Pour voter, c\u2019est simple,<strong> il suffit de remplir le formulaire ci-dessous<\/strong>. Que le meilleur bar gagne !<\/p>\n<p>    <a href=\"https:\/\/docs.google.com\/forms\/d\/e\/1FAIpQLSfscLj4Cl30nmZQSVitUII0TLLKW0rkLa1IpSMHcao_YnPlnQ\/viewform?embedded=true\" title=\"Ouvrie le lien\" target=\"_blank\" rel=\"noopener\">Cliquez ici pour visualiser le contenu<\/a><\/p>\n<p>Vid\u00e9os : en ce moment sur ActuSuivez l\u2019actualit\u00e9 de Rouen <a href=\"https:\/\/www.whatsapp.com\/channel\/0029VaKfnf99hXF2ddApFB1D\" target=\"_blank\" rel=\"noopener\">sur notre cha\u00eene WhatsApp<\/a> et <a href=\"https:\/\/www.tiktok.com\/@76actu.fr?lang=fr\" target=\"_blank\" rel=\"noopener\">sur notre compte TikTok<\/a><\/p>\n<p class=\" wall-content\">Suivez toute l\u2019actualit\u00e9 de vos villes et m\u00e9dias favoris en vous inscrivant \u00e0 <a href=\"https:\/\/moncompte.actu.fr\" title=\"D\u00e9couvez Mon Actu\" rel=\"nofollow noopener\" data-trk=\"{&quot;cta&quot;:{&quot;action&quot;:&quot;https:\\\/\\\/moncompte.actu.fr&quot;,&quot;category&quot;:&quot;mon compte&quot;,&quot;from&quot;:&quot;article footer&quot;,&quot;name&quot;:&quot;Mon actu&quot;,&quot;type&quot;:&quot;cta&quot;}}\" target=\"_blank\">Mon Actu<\/a>.<\/p>\n<ul class=\"ac-article-tag wall-content\">\n<li><a href=\"https:\/\/actu.fr\/tag\/bon-plan-a-rouen\" data-trk=\"{&quot;cta&quot;:{&quot;action&quot;:&quot;Bon plan \\u00e0 Rouen&quot;,&quot;category&quot;:&quot;tag&quot;,&quot;from&quot;:&quot;article footer&quot;,&quot;name&quot;:&quot;Bon plan \\u00e0 Rouen&quot;,&quot;type&quot;:&quot;cta&quot;}}\" target=\"_blank\" rel=\"noopener\">#Bon plan \u00e0 Rouen<\/a><\/li>\n<li><a href=\"https:\/\/actu.fr\/tag\/insolite\" data-trk=\"{&quot;cta&quot;:{&quot;action&quot;:&quot;Insolite&quot;,&quot;category&quot;:&quot;tag&quot;,&quot;from&quot;:&quot;article footer&quot;,&quot;name&quot;:&quot;Insolite&quot;,&quot;type&quot;:&quot;cta&quot;}}\" target=\"_blank\" rel=\"noopener\">#Insolite<\/a><\/li>\n<\/ul>\n<p>                    <script async src=\"\/\/www.tiktok.com\/embed.js\"><\/script><\/p>\n","protected":false},"excerpt":{"rendered":"Par Julien Bouteiller Publi\u00e9 le 15 mai 2025 \u00e0 17h56 C\u2019est officiel, le concours du Bar pr\u00e9f\u00e9r\u00e9 des&hellip;\n","protected":false},"author":2,"featured_media":102344,"comment_status":"","ping_status":"","sticky":false,"template":"","format":"standard","meta":{"footnotes":""},"categories":[9587],"tags":[1111,11,9086,9782,1777,674,1011,27,1757,1652,12,5161,25,9590],"class_list":{"0":"post-102343","1":"post","2":"type-post","3":"status-publish","4":"format-standard","5":"has-post-thumbnail","7":"category-rouen","8":"tag-actu","9":"tag-actualites","10":"tag-bon-plan-a-rouen","11":"tag-dans-les-bars","12":"tag-eu","13":"tag-europe","14":"tag-fr","15":"tag-france","16":"tag-insolite","17":"tag-loisirs-culture","18":"tag-news","19":"tag-normandie","20":"tag-republique-francaise","21":"tag-rouen"},"share_on_mastodon":{"url":"https:\/\/pubeurope.com\/@fr\/114512819929338529","error":""},"_links":{"self":[{"href":"https:\/\/www.europesays.com\/fr\/wp-json\/wp\/v2\/posts\/102343","targetHints":{"allow":["GET"]}}],"collection":[{"href":"https:\/\/www.europesays.com\/fr\/wp-json\/wp\/v2\/posts"}],"about":[{"href":"https:\/\/www.europesays.com\/fr\/wp-json\/wp\/v2\/types\/post"}],"author":[{"embeddable":true,"href":"https:\/\/www.europesays.com\/fr\/wp-json\/wp\/v2\/users\/2"}],"replies":[{"embeddable":true,"href":"https:\/\/www.europesays.com\/fr\/wp-json\/wp\/v2\/comments?post=102343"}],"version-history":[{"count":0,"href":"https:\/\/www.europesays.com\/fr\/wp-json\/wp\/v2\/posts\/102343\/revisions"}],"wp:featuredmedia":[{"embeddable":true,"href":"https:\/\/www.europesays.com\/fr\/wp-json\/wp\/v2\/media\/102344"}],"wp:attachment":[{"href":"https:\/\/www.europesays.com\/fr\/wp-json\/wp\/v2\/media?parent=102343"}],"wp:term":[{"taxonomy":"category","embeddable":true,"href":"https:\/\/www.europesays.com\/fr\/wp-json\/wp\/v2\/categories?post=102343"},{"taxonomy":"post_tag","embeddable":true,"href":"https:\/\/www.europesays.com\/fr\/wp-json\/wp\/v2\/tags?post=102343"}],"curies":[{"name":"wp","href":"https:\/\/api.w.org\/{rel}","templated":true}]}}