{"id":102347,"date":"2025-05-15T16:36:28","date_gmt":"2025-05-15T16:36:28","guid":{"rendered":"https:\/\/www.europesays.com\/fr\/102347\/"},"modified":"2025-05-15T16:36:28","modified_gmt":"2025-05-15T16:36:28","slug":"grenoble-un-homme-de-30-ans-blesse-par-balle-apres-une-fusillade-dans-le-quartier-hoche","status":"publish","type":"post","link":"https:\/\/www.europesays.com\/fr\/102347\/","title":{"rendered":"Grenoble. Un homme de 30 ans bless\u00e9 par balle apr\u00e8s une fusillade dans le quartier Hoche"},"content":{"rendered":"<p>Les services de police ont ouvert une enqu\u00eate sur une fusillade survenue au cours de la nuit de mercredi \u00e0 jeudi dans le quartier Hoche. Des tirs ont en effet \u00e9t\u00e9 entendus vers 0\u00a0h\u00a045, mais les reconnaissances men\u00e9es par les forces de l\u2018ordre dans le quartier n\u2019ont pas permis de d\u00e9couvrir de victime.\u00a0<\/p>\n<p>Deux heures plus tard, un homme de 30 ans, probablement d\u00e9pos\u00e9 l\u00e0 par une autre personne, a \u00e9t\u00e9 pris en charge aux urgences du CHU pour une blessure par balle. La victime a tr\u00e8s probablement \u00e9t\u00e9 atteinte par un projectile lors de la fusillade du quartier Hoche o\u00f9 se trouve un important point de deal.<\/p>\n<p>Ce contenu est bloqu\u00e9 car vous n&rsquo;avez pas accept\u00e9 les cookies et autres traceurs.<\/p>\n<p>En cliquant sur \u00ab J\u2019accepte \u00bb, les cookies et autres traceurs seront d\u00e9pos\u00e9s et vous pourrez visualiser les contenus  (<a href=\"\" class=\"consentModule_policy\" target=\"_blank\" title=\"Consulter la politique de protection des donn\u00e9es du fournisseur\">plus d&rsquo;informations<\/a>).<\/p>\n<p>En cliquant sur \u00ab J\u2019accepte tous les cookies \u00bb, vous autorisez des d\u00e9p\u00f4ts de cookies et autres traceurs pour le stockage de vos donn\u00e9es sur nos sites et applications \u00e0 des fins de personnalisation et de ciblage publicitaire.<\/p>\n<p class=\"consentModule_secondaryText\">Vous gardez la possibilit\u00e9 de retirer votre consentement \u00e0 tout moment en consultant notre <a href=\"https:\/\/www.ledauphine.com\/protection-des-donnees\" target=\"_blank\" title=\"Consulter notre politique de protection des donn\u00e9es\" rel=\"nofollow noopener\">politique de protection des donn\u00e9es<\/a>. <br \/>&#13;<br \/>\n            <a href=\"https:\/\/www.ledauphine.com\/faits-divers-justice\/2025\/05\/15\/javascript:Didomi.notice.show()\" class=\"consentModule_cmp\" rel=\"nofollow noopener\" target=\"_blank\">G\u00e9rer mes choix<\/a>&#13;\n        <\/p>\n<p>&#13;<br \/>\n                        J&rsquo;accepte&#13;<br \/>\n            J&rsquo;accepte tous les cookies&#13;\n        <\/p>\n<p class=\"xsm-p\">L\u2019homme, dont le pronostic vital n\u2019est pas engag\u00e9, n\u2019a fait aucun commentaire sur les circonstances de son agression.<\/p>\n<p class=\"xsm-p\">Le 22\u00a0octobre 2024, un adolescent de 15 ans avait \u00e9t\u00e9<a href=\"https:\/\/www.ledauphine.com\/faits-divers-justice\/2024\/10\/23\/un-adolescent-de-15-ans-tue-par-balle-dans-le-quartier-hoche\" target=\"_blank\" rel=\"nofollow noopener\"> tu\u00e9 par balle<\/a> \u00e0 proximit\u00e9 de ce point de deal.<\/p>\n","protected":false},"excerpt":{"rendered":"Les services de police ont ouvert une enqu\u00eate sur une fusillade survenue au cours de la nuit de&hellip;\n","protected":false},"author":2,"featured_media":102348,"comment_status":"","ping_status":"","sticky":false,"template":"","format":"standard","meta":{"footnotes":""},"categories":[9566],"tags":[1111,11,2430,271,272,112,1777,674,274,107,1011,27,2731,2732,108,12,25],"class_list":{"0":"post-102347","1":"post","2":"type-post","3":"status-publish","4":"format-standard","5":"has-post-thumbnail","7":"category-grenoble","8":"tag-actu","9":"tag-actualites","10":"tag-auvergne-rhone-alpes","11":"tag-crime","12":"tag-delit-et-contravention","13":"tag-edition-grenoble-agglomeration","14":"tag-eu","15":"tag-europe","16":"tag-faits-divers-justice","17":"tag-fil-info","18":"tag-fr","19":"tag-france","20":"tag-grenoble","21":"tag-grenoble-bassin","22":"tag-isere","23":"tag-news","24":"tag-republique-francaise"},"share_on_mastodon":{"url":"https:\/\/pubeurope.com\/@fr\/114512827681870982","error":""},"_links":{"self":[{"href":"https:\/\/www.europesays.com\/fr\/wp-json\/wp\/v2\/posts\/102347","targetHints":{"allow":["GET"]}}],"collection":[{"href":"https:\/\/www.europesays.com\/fr\/wp-json\/wp\/v2\/posts"}],"about":[{"href":"https:\/\/www.europesays.com\/fr\/wp-json\/wp\/v2\/types\/post"}],"author":[{"embeddable":true,"href":"https:\/\/www.europesays.com\/fr\/wp-json\/wp\/v2\/users\/2"}],"replies":[{"embeddable":true,"href":"https:\/\/www.europesays.com\/fr\/wp-json\/wp\/v2\/comments?post=102347"}],"version-history":[{"count":0,"href":"https:\/\/www.europesays.com\/fr\/wp-json\/wp\/v2\/posts\/102347\/revisions"}],"wp:featuredmedia":[{"embeddable":true,"href":"https:\/\/www.europesays.com\/fr\/wp-json\/wp\/v2\/media\/102348"}],"wp:attachment":[{"href":"https:\/\/www.europesays.com\/fr\/wp-json\/wp\/v2\/media?parent=102347"}],"wp:term":[{"taxonomy":"category","embeddable":true,"href":"https:\/\/www.europesays.com\/fr\/wp-json\/wp\/v2\/categories?post=102347"},{"taxonomy":"post_tag","embeddable":true,"href":"https:\/\/www.europesays.com\/fr\/wp-json\/wp\/v2\/tags?post=102347"}],"curies":[{"name":"wp","href":"https:\/\/api.w.org\/{rel}","templated":true}]}}