{"id":1023480,"date":"2026-06-25T12:01:27","date_gmt":"2026-06-25T12:01:27","guid":{"rendered":"https:\/\/www.europesays.com\/fr\/1023480\/"},"modified":"2026-06-25T12:01:27","modified_gmt":"2026-06-25T12:01:27","slug":"affaire-lyhanna-la-demande-des-parents-apres-la-publication-du-rapport-dautopsie","status":"publish","type":"post","link":"https:\/\/www.europesays.com\/fr\/1023480\/","title":{"rendered":"Affaire Lyhanna\u00a0: la demande des parents apr\u00e8s la publication du rapport d\u2019autopsie"},"content":{"rendered":"<p>        <img decoding=\"async\" loading=\"lazy\" src=\"https:\/\/www.europesays.com\/fr\/wp-content\/uploads\/2026\/06\/cc94f88_upload-1-w146eada9e33-afp-20260614-hl-isouriment-3196448-v1-highres-francelyhannacemeterygra.jpeg\"  width=\"728\" height=\"409\" alt=\"Une plaque comm\u00e9morative sur la tombe de Lyhanna au cimeti\u00e8re de Fleurance, dans le Gers, le 14\u00a0juin 2026.\"\/>  <\/p>\n<p>ISABELLE SOURIMENT \/ Hans Lucas via AFP<\/p>\n<p>Une plaque comm\u00e9morative sur la tombe de Lyhanna au cimeti\u00e8re de Fleurance, dans le Gers, le 14\u00a0juin 2026.<\/p>\n<p class=\"asset asset-text\">Le parquet d\u2019Agen a communiqu\u00e9 sur <a href=\"https:\/\/www.huffingtonpost.fr\/politique\/article\/sebastien-lecornu-a-recu-le-pre-rapport-administratif-sur-l-affaire-lyhanna-et-annonce-trois-mesures_274925.html\" rel=\"nofollow noopener\" target=\"_blank\">l\u2019affaire Lyhanna<\/a> ce mercredi 24\u00a0juin en d\u00e9but de soir\u00e9e. \u00ab\u00a0\u00c0 l\u2019issue des examens r\u00e9alis\u00e9s, la cause du d\u00e9c\u00e8s (de l\u2019adolescente) ne peut pas \u00eatre d\u00e9termin\u00e9e avec certitude\u00a0\u00bb, ont \u00e9crit dans un communiqu\u00e9 les m\u00e9decins l\u00e9gistes dans leur rapport d\u2019autopsie cit\u00e9 par le procureur Olivier Naboulet.<\/p>\n<p class=\"asset asset-text\">Les poursuites contre le principal suspect, J\u00e9r\u00f4me Barella, ont aussi \u00e9t\u00e9 \u00e9largies aux chefs de \u00ab\u00a0meurtre sur mineure de quinze ans, pr\u00e9c\u00e9d\u00e9 ou accompagn\u00e9 d\u2019un viol\u00a0\u00bb et \u00ab\u00a0viol sur mineure de quinze ans par violence, contrainte, menace ou surprise\u00a0\u00bb, des chefs pour lesquels la r\u00e9clusion criminelle \u00e0 perp\u00e9tuit\u00e9 est encourue.<\/p>\n<p class=\"asset asset-text\">Par ailleurs, les parents de Lyhanna \u00ab\u00a0demandent que toute r\u00e9cup\u00e9ration politique cesse\u00a0\u00bb et \u00ab\u00a0appellent au respect de l\u2019image\u00a0\u00bb de la fillette, regrettant notamment son utilisation \u00ab\u00a0par l\u2019intelligence artificielle\u00a0\u00bb, a indiqu\u00e9 ce mercredi leur avocat.<\/p>\n<p class=\"asset asset-text\">Pour les parents, qui ont pris connaissance du rapport d\u2019autopsie, \u00ab\u00a0les investigations doivent continuer dans de bonnes conditions\u00a0\u00bb, \u00e9crit dans un communiqu\u00e9 Me Fran\u00e7ois Roujou de Boub\u00e9e, pr\u00e9cisant qu\u2019\u00ab\u00a0ils ne r\u00e9pondront plus \u00e0 aucune sollicitation, quelle qu\u2019en soit la nature ou la personnalit\u00e9\u00a0\u00bb.<\/p>\n<p class=\"asset asset-text\">Le procureur Olivier Naboulet a lui donn\u00e9 plus de d\u00e9tails sur l\u2019autopsie. Les examens, effectu\u00e9s apr\u00e8s que la d\u00e9pouille de Lyhanna a \u00e9t\u00e9 transport\u00e9e par h\u00e9licopt\u00e8re jusqu\u2019\u00e0 l\u2019Institut de recherche criminelle de la gendarmerie nationale \u00e0 Pontoise (Val-d\u2019Oise), ont permis de constater l\u2019absence de l\u00e9sions \u00ab\u00a0traumatique cervicale visible\u00a0\u00bb ou \u00ab\u00a0traumatique interne permettant d\u2019expliquer le d\u00e9c\u00e8s\u00a0\u00bb.<\/p>\n<p>    \u00ab\u00a0Des examens compl\u00e9mentaires (&#8230;) n\u00e9cessaires\u00a0\u00bb    <\/p>\n<p class=\"asset asset-text\">Le rapport l\u00e9giste fait en revanche \u00e9tat de marques aux membres inf\u00e9rieurs et sup\u00e9rieurs \u00ab\u00a0hautement \u00e9vocatrices de l\u00e9sions d\u2019entrave\u00a0\u00bb &#8211; m\u00eame si le corps n\u2019\u00e9tait pas ligot\u00e9 au moment de sa d\u00e9couverte -, et de \u00ab\u00a0contusions aux commissures et face interne de la bouche\u00a0\u00bb.<\/p>\n<p class=\"asset asset-text\">\u00ab\u00a0Les constatations du rapport d\u2019autopsie, combin\u00e9es avec les analyses biologiques pr\u00e9c\u00e9dentes am\u00e8nent \u00e0 conclure \u00e0 la commission d\u2019un viol sur la victime\u00a0\u00bb, ajoute le procureur d\u2019Agen dans son communiqu\u00e9.<\/p>\n<p class=\"asset asset-text\">\u00ab\u00a0Des examens compl\u00e9mentaires en anatomopathologie sont n\u00e9cessaires, de m\u00eame qu\u2019une analyse toxicologique\u00a0\u00bb, note le procureur, qui indique qu\u2019ils sont en cours mais que \u00ab\u00a0les processus scientifiques mis en oeuvre sont n\u00e9cessairement longs\u00a0\u00bb.<\/p>\n<p class=\"asset asset-text\">Les magistrats du parquet, <a href=\"https:\/\/www.huffingtonpost.fr\/france\/article\/apres-le-rapport-sur-l-affaire-lyhanna-deux-gendarmes-mutes-d-office-par-le-ministre-de-l-interieur_275156.html\" rel=\"nofollow noopener\" target=\"_blank\">en particulier de celui d\u2019Auch o\u00f9 l\u2019affaire \u00e9tait trait\u00e9e<\/a>, ont \u00e9t\u00e9 sous le feu des critiques depuis que des rat\u00e9s dans la proc\u00e9dure ont sembl\u00e9 \u00e9merger.<\/p>\n<p class=\"asset asset-text\">Lyhanna, 11\u00a0ans, a \u00e9t\u00e9 retrouv\u00e9e morte dans le Gers le 4\u00a0juin, plusieurs jours apr\u00e8s sa disparition. Le principal suspect, J\u00e9r\u00f4me Barella, n\u2019avait jamais \u00e9t\u00e9 interpell\u00e9 ou convoqu\u00e9 malgr\u00e9 plusieurs plaintes et signalements pour des violences sexuelles sur d\u2019autres mineurs.<\/p>\n","protected":false},"excerpt":{"rendered":"ISABELLE SOURIMENT \/ Hans Lucas via AFP Une plaque comm\u00e9morative sur la tombe de Lyhanna au cimeti\u00e8re de&hellip;\n","protected":false},"author":2,"featured_media":1023481,"comment_status":"","ping_status":"","sticky":false,"template":"","format":"standard","meta":{"footnotes":"","_share_on_mastodon":"0"},"categories":[2],"tags":[11,103546,10258,1011,27,11328,303,12,25],"class_list":["post-1023480","post","type-post","status-publish","format-standard","has-post-thumbnail","category-actualites","tag-actualites","tag-affaire-lyhanna","tag-autopsie","tag-fr","tag-france","tag-gers","tag-justice","tag-news","tag-republique-francaise"],"share_on_mastodon":{"url":"https:\/\/pubeurope.com\/@fr\/116810645036703005","error":""},"_links":{"self":[{"href":"https:\/\/www.europesays.com\/fr\/wp-json\/wp\/v2\/posts\/1023480","targetHints":{"allow":["GET"]}}],"collection":[{"href":"https:\/\/www.europesays.com\/fr\/wp-json\/wp\/v2\/posts"}],"about":[{"href":"https:\/\/www.europesays.com\/fr\/wp-json\/wp\/v2\/types\/post"}],"author":[{"embeddable":true,"href":"https:\/\/www.europesays.com\/fr\/wp-json\/wp\/v2\/users\/2"}],"replies":[{"embeddable":true,"href":"https:\/\/www.europesays.com\/fr\/wp-json\/wp\/v2\/comments?post=1023480"}],"version-history":[{"count":0,"href":"https:\/\/www.europesays.com\/fr\/wp-json\/wp\/v2\/posts\/1023480\/revisions"}],"wp:featuredmedia":[{"embeddable":true,"href":"https:\/\/www.europesays.com\/fr\/wp-json\/wp\/v2\/media\/1023481"}],"wp:attachment":[{"href":"https:\/\/www.europesays.com\/fr\/wp-json\/wp\/v2\/media?parent=1023480"}],"wp:term":[{"taxonomy":"category","embeddable":true,"href":"https:\/\/www.europesays.com\/fr\/wp-json\/wp\/v2\/categories?post=1023480"},{"taxonomy":"post_tag","embeddable":true,"href":"https:\/\/www.europesays.com\/fr\/wp-json\/wp\/v2\/tags?post=1023480"}],"curies":[{"name":"wp","href":"https:\/\/api.w.org\/{rel}","templated":true}]}}