{"id":102349,"date":"2025-05-15T16:38:14","date_gmt":"2025-05-15T16:38:14","guid":{"rendered":"https:\/\/www.europesays.com\/fr\/102349\/"},"modified":"2025-05-15T16:38:14","modified_gmt":"2025-05-15T16:38:14","slug":"le-plus-gros-collectif-citoyen-de-grenoble-en-appelle-a-alain-carignon","status":"publish","type":"post","link":"https:\/\/www.europesays.com\/fr\/102349\/","title":{"rendered":"le plus gros collectif citoyen de Grenoble en appelle \u00e0 Alain Carignon"},"content":{"rendered":"<p>\t\t\t\t\t\t\t\t\t\t\t<img loading=\"lazy\" decoding=\"async\" width=\"1110\" title=\"&quot;R\u00e9concilier Grenoble&quot; : le plus gros collectif citoyen de Grenoble en appelle \u00e0 Alain Carignon\" class=\"img-fluid not_lzld mb-3\" src=\"https:\/\/www.europesays.com\/fr\/wp-content\/uploads\/2025\/05\/1110x624_reconcilier-grenoble-le-plus-gros-collectif-citoyen-de-grenoble-en-appelle-a-alain-carignon\" alt=\"&quot;R\u00e9concilier Grenoble&quot; : le plus gros collectif citoyen de Grenoble en appelle \u00e0 Alain Carignon\" itemprop=\"image\" height=\"624\"\/>\t\t\t\t\t\t\t\t\t\t\t\t<\/p>\n<p>\u00ab\u00a0R\u00e9concilier Grenoble\u00a0\u00bb : le plus gros collectif citoyen de Grenoble en appelle \u00e0 Alain Carignon &#8211; DR<\/p>\n<p itemprop=\"description\"><strong>A un des \u00e9lections municipales, les strat\u00e9gies et alliances se forment.<\/strong><\/p>\n<p>En alignant 30 noms de forces vives grenobloises \u00e0 parit\u00e9, future \u00e9bauche de liste municipale, le collectif \u00ab\u00a0R\u00e9concilier Grenoble\u00a0\u00bb a montr\u00e9 ses muscles autour de son animateur, Cl\u00e9ment Chappet, pr\u00e9sident d\u2019une Union de Quartier de la ville.<\/p>\n<p>Avec un ancien patron du Raid et de la police d\u00e9partementale pour la s\u00e9curit\u00e9, un canc\u00e9rologue r\u00e9put\u00e9 pour la sant\u00e9, des figures embl\u00e9matiques venues de la gauche pour la solidarit\u00e9, le pr\u00e9sident du plus important collectif de commer\u00e7ants, des avocats, ing\u00e9nieurs et cadres, ils ont livr\u00e9 une analyse s\u00e9v\u00e8re de la gestion de la ville par Eric Piolle et mis en garde \u00ab\u00a0contre la continuit\u00e9 qu\u2019incarne sa candidate Laurence Ruffin\u00a0\u00bb, la successeure annonc\u00e9e de l&rsquo;\u00e9dile \u00e9cologiste.<\/p>\n<p>Le plus important, \u00e0 ce jour, des groupes constitu\u00e9s \u00e0 Grenoble pour pr\u00e9parer l\u2019alternance en a appel\u00e9 \u00e0 la candidature d\u2019Alain Carignon : \u00ab\u00a0Quand on a Zidane dans son \u00e9quipe, on ne le laisse pas au vestiaire. Il est celui qui apportera les solutions, qui fera le lien entre le pass\u00e9 et le futur et qui sera en capacit\u00e9 de former la nouvelle g\u00e9n\u00e9ration amen\u00e9e \u00e0 prendre des responsabilit\u00e9\u00a0\u00bb, a d\u00e9clar\u00e9 Cl\u00e9ment Chappet \u00e0 nos confr\u00e8res du Dauphin\u00e9 Lib\u00e9r\u00e9.<\/p>\n<p>Au moment o\u00f9 la municipalit\u00e9 traverse des turbulences internes et externes, ce nouvel \u00e9pisode acc\u00e9l\u00e8re la comp\u00e9tition engag\u00e9e apr\u00e8s deux mandats de gestion contest\u00e9e des \u00e9cologistes avec LFI.<\/p>\n","protected":false},"excerpt":{"rendered":"\u00ab\u00a0R\u00e9concilier Grenoble\u00a0\u00bb : le plus gros collectif citoyen de Grenoble en appelle \u00e0 Alain Carignon &#8211; DR A&hellip;\n","protected":false},"author":2,"featured_media":102350,"comment_status":"","ping_status":"","sticky":false,"template":"","format":"standard","meta":{"footnotes":""},"categories":[9566],"tags":[1111,11,7733,8279,2430,7736,650,7734,2889,2263,1777,674,1011,27,2731,8280,6417,1114,108,4662,12,3725,1825,25,7737],"class_list":{"0":"post-102349","1":"post","2":"type-post","3":"status-publish","4":"format-standard","5":"has-post-thumbnail","7":"category-grenoble","8":"tag-actu","9":"tag-actualites","10":"tag-alpes","11":"tag-alpes1","12":"tag-auvergne-rhone-alpes","13":"tag-cds","14":"tag-cinema","15":"tag-ecoute","16":"tag-emission","17":"tag-equipe","18":"tag-eu","19":"tag-europe","20":"tag-fr","21":"tag-france","22":"tag-grenoble","23":"tag-haute","24":"tag-information","25":"tag-infos","26":"tag-isere","27":"tag-journal","28":"tag-news","29":"tag-podcast","30":"tag-radio","31":"tag-republique-francaise","32":"tag-winamp"},"share_on_mastodon":{"url":"https:\/\/pubeurope.com\/@fr\/114512835623849218","error":""},"_links":{"self":[{"href":"https:\/\/www.europesays.com\/fr\/wp-json\/wp\/v2\/posts\/102349","targetHints":{"allow":["GET"]}}],"collection":[{"href":"https:\/\/www.europesays.com\/fr\/wp-json\/wp\/v2\/posts"}],"about":[{"href":"https:\/\/www.europesays.com\/fr\/wp-json\/wp\/v2\/types\/post"}],"author":[{"embeddable":true,"href":"https:\/\/www.europesays.com\/fr\/wp-json\/wp\/v2\/users\/2"}],"replies":[{"embeddable":true,"href":"https:\/\/www.europesays.com\/fr\/wp-json\/wp\/v2\/comments?post=102349"}],"version-history":[{"count":0,"href":"https:\/\/www.europesays.com\/fr\/wp-json\/wp\/v2\/posts\/102349\/revisions"}],"wp:featuredmedia":[{"embeddable":true,"href":"https:\/\/www.europesays.com\/fr\/wp-json\/wp\/v2\/media\/102350"}],"wp:attachment":[{"href":"https:\/\/www.europesays.com\/fr\/wp-json\/wp\/v2\/media?parent=102349"}],"wp:term":[{"taxonomy":"category","embeddable":true,"href":"https:\/\/www.europesays.com\/fr\/wp-json\/wp\/v2\/categories?post=102349"},{"taxonomy":"post_tag","embeddable":true,"href":"https:\/\/www.europesays.com\/fr\/wp-json\/wp\/v2\/tags?post=102349"}],"curies":[{"name":"wp","href":"https:\/\/api.w.org\/{rel}","templated":true}]}}