{"id":10235,"date":"2025-04-08T12:54:17","date_gmt":"2025-04-08T12:54:17","guid":{"rendered":"https:\/\/www.europesays.com\/fr\/10235\/"},"modified":"2025-04-08T12:54:17","modified_gmt":"2025-04-08T12:54:17","slug":"le-kremlin-pas-chaud-pour-faire-une-treve-macron-sagace","status":"publish","type":"post","link":"https:\/\/www.europesays.com\/fr\/10235\/","title":{"rendered":"Le Kremlin pas chaud pour faire une tr\u00eave, Macron s\u2019agace"},"content":{"rendered":"<p>Vous avez rat\u00e9 les derniers \u00e9v\u00e9nements sur la <a href=\"https:\/\/www.20minutes.fr\/monde\/ukraine\/\" class=\"color-ultramarine c-link\" rel=\"nofollow noopener\" target=\"_blank\">guerre en Ukraine<\/a>\u00a0? 20 Minutes fait le point pour vous tous les soirs. Entre les d\u00e9clarations fortes, les avanc\u00e9es sur le front et le bilan des combats, voici l\u2019essentiel de ce lundi 7\u00a0avril 2025, au 1.139e jour de la guerre.<\/p>\n<p>Le fait du jour<\/p>\n<p>La tr\u00eave propos\u00e9e fin mars par les <a href=\"https:\/\/www.20minutes.fr\/monde\/etats-unis\/\" class=\"color-ultramarine c-link\" rel=\"nofollow noopener\" target=\"_blank\">Etats-Unis<\/a> et l\u2019Ukraine semble avoir plus que jamais du plomb dans l\u2019aile. Ce lundi, le <a href=\"https:\/\/www.20minutes.fr\/dossier\/kremlin\" class=\"color-ultramarine c-link\" rel=\"nofollow noopener\" target=\"_blank\">Kremlin<\/a> a estim\u00e9 que de nombreuses questions restaient \u00e0 r\u00e9gler en vue de conclure un accord de cessez-le-feu global avec l\u2019Ukraine, au moment o\u00f9 les pourparlers initi\u00e9s par Washington peinent \u00e0 aboutir \u00e0 des r\u00e9sultats concrets.<\/p>\n<p>La pr\u00e9sidence russe reproche une nouvelle fois au gouvernement ukrainien d\u2019emp\u00eacher les n\u00e9gociations d\u2019avancer. \u00ab\u00a0Vladimir Poutine soutient l\u2019id\u00e9e de la n\u00e9cessit\u00e9 d\u2019un cessez-le-feu mais, avant cela, toute une s\u00e9rie de questions reste en suspens\u00a0\u00bb, a d\u00e9clar\u00e9 lundi le porte-parole du Kremlin, Dmitri Peskov. Selon lui, ces questions concernent notamment \u00ab\u00a0l\u2019incapacit\u00e9 du r\u00e9gime de Kiev \u00e0 contr\u00f4ler plusieurs groupes extr\u00e9mistes\u00a0\u00bb et \u00ab\u00a0les projets de militarisation ult\u00e9rieure\u00a0\u00bb de l\u2019Ukraine. La Russie explique en particulier son assaut contre ce pays voisin par une volont\u00e9 de le \u00ab\u00a0d\u00e9nazifier\u00a0\u00bb et de le \u00ab\u00a0d\u00e9militariser\u00a0\u00bb.<\/p>\n<p>Apr\u00e8s trois ans d\u2019un conflit qui a fait des dizaines de milliers de morts, l\u2019Ukraine avait accept\u00e9, mi-mars, sous pression am\u00e9ricaine, une <a href=\"https:\/\/www.20minutes.fr\/monde\/ukraine\/4143242-20250312-guerre-ukraine-russie-reserve-reponse-continue-bombarder\" class=\"color-ultramarine c-link\" rel=\"nofollow noopener\" target=\"_blank\">cessation des combats pour 30 jours<\/a>. La Russie avait rejet\u00e9 cette initiative en l\u2019\u00e9tat mais accept\u00e9 une tr\u00eave plus limit\u00e9e en mer Noire et dans les frappes sur les infrastructures \u00e9nerg\u00e9tiques, dont la mise en \u0153uvre reste incertaine.<\/p>\n<p>Dimanche, le chef de l\u2019Etat ukrainien Volodymyr Zelensky a regrett\u00e9 l\u2019absence de \u00ab\u00a0r\u00e9ponse\u00a0\u00bb am\u00e9ricaine face au \u00ab\u00a0refus\u00a0\u00bb par Vladimir Poutine d\u2019un cessez-le-feu complet et inconditionnel en Ukraine, apr\u00e8s de nouveaux bombardements meurtriers.<\/p>\n<p>La d\u00e9claration du jour<\/p>\n<blockquote class=\"mx-m@xs mx-xxl@md color-ultramarine c-citation\">\n<p class=\"font-weight-regular@xs text-italic font-source-serif-pro text-l@xs c-citation__content\">\u00ab\u00a0Il est d\u00e9sormais urgent que la Russie cesse les faux-semblants et les tactiques dilatoires et accepte le cessez-le-feu sans condition qui a \u00e9t\u00e9 la proposition du pr\u00e9sident Trump, proposition agr\u00e9\u00e9e par le pr\u00e9sident Zelensky \u00e0 Jeddah le 11\u00a0mars dernier.\u00a0\u00bb\u00a0\u00bb<\/p>\n<\/blockquote>\n<p>Les paroles sont sign\u00e9es Emmanuel Macron. Le pr\u00e9sident fran\u00e7ais a exprim\u00e9 ce lundi son exasp\u00e9ration face \u00e0 l\u2019attitude de la Russie vis-\u00e0-vis d\u2019un \u00e9ventuel cessez-le-feu. \u00ab\u00a0Cela fait presque un mois que non seulement la Russie y oppose une fin de non-recevoir, mais qu\u2019elle accro\u00eet les bombardements contre les civils avec encore des pertes tragiques il y a quelques jours en Ukraine\u00a0\u00bb, s\u2019est offusqu\u00e9 Emmanuel Macron <a href=\"https:\/\/www.20minutes.fr\/diaporama\/diaporama-4146660-images-emmanuel-macron-egypte-revivez-plus-belles-cartes-postales-depuis-president\" class=\"color-ultramarine c-link\" rel=\"nofollow noopener\" target=\"_blank\">lors d\u2019une visite au\u00a0Caire<\/a>.<\/p>\n<p>\u00ab\u00a0Nous soutenons l\u2019objectif de mettre fin \u00e0 la guerre, objectif poursuivi par le pr\u00e9sident Trump, et nous souhaitons une paix solide et durable qui garantisse, vous le savez, la s\u00e9curit\u00e9 de l\u2019Ukraine et celle de tous les Europ\u00e9ens\u00a0\u00bb, a-t-il ajout\u00e9.<\/p>\n<p>Le chiffre du jour<\/p>\n<p>20. C\u2019est le bilan du nombre de morts, parmi lesquels neuf enfants, lors d\u2019<a href=\"https:\/\/www.20minutes.fr\/monde\/ukraine\/4147187-20250405-guerre-ukraine-zelensky-colere-contre-etats-unis-russie-tous-tous\" target=\"_blank\" class=\"color-ultramarine c-link\" rel=\"nofollow noopener\">une frappe de missile pr\u00e8s d\u2019une aire de jeux \u00e0 Kryvy\u00ef Rig<\/a>, ville natale du pr\u00e9sident Zelensky dans le centre de l\u2019Ukraine, vendredi. Celle-ci, l\u2019une des pires des derni\u00e8res semaines, a particuli\u00e8rement choqu\u00e9 le pays en raison du jeune \u00e2ge des victimes et de sa localisation. Elle a \u00e9t\u00e9 imput\u00e9e par les autorit\u00e9s ukrainiennes \u00e0 la Russie.<\/p>\n<p>Mais ce lundi, le Kremlin a d\u00e9menti lundi avoir vis\u00e9 des \u00ab\u00a0infrastructures\u00a0\u00bb civiles. \u00ab\u00a0Il n\u2019y a pas de frappes sur les installations sociales\u00a0\u00bb, a affirm\u00e9 le porte-parole de la pr\u00e9sidence russe, Dmitri Peskov, au cours de son briefing quotidien, auquel participait l\u2019AFP.<\/p>\n<p>Donald Trump a d\u00e9nonc\u00e9 dimanche la multiplication des frappes russes ayant vis\u00e9 l\u2019Ukraine ces derniers jours.<\/p>\n<p>La tendance<\/p>\n<p>L\u2019Ukraine enverra une d\u00e9l\u00e9gation \u00ab\u00a0cette semaine\u00a0\u00bb \u00e0 Washington pour discuter de l\u2019accord d\u00e9battu sur les minerais strat\u00e9giques auxquels les Etats-Unis veulent obtenir un acc\u00e8s pr\u00e9f\u00e9rentiel, a annonc\u00e9 lundi le gouvernement ukrainien. L\u2019\u00e9quipe ukrainienne aura pour mission de \u00ab\u00a0faire avancer les n\u00e9gociations\u00a0\u00bb sur ce document \u00ab\u00a0strat\u00e9gique\u00a0\u00bb et comprendra des repr\u00e9sentants des \u00ab\u00a0minist\u00e8res de l\u2019Economie, des Affaires \u00e9trang\u00e8res, de la Justice et des Finances\u00a0\u00bb, a expliqu\u00e9 la vice-Premi\u00e8re ministre ukrainienne Ioulia Svyrydenko.<\/p>\n<p>Le \u00ab\u00a0dialogue\u00a0\u00bb ukraino-am\u00e9ricain sur ce texte refl\u00e8te \u00ab\u00a0notre engagement commun \u00e0 b\u00e2tir un partenariat solide et transparent\u00a0\u00bb, a assur\u00e9 Ioulia Svyrydenko alors que la nouvelle version de ce document avait \u00e9t\u00e9 d\u00e9crite comme tr\u00e8s d\u00e9savantageuse pour Kiev par plusieurs m\u00e9dias et des d\u00e9put\u00e9s ukrainiens.<\/p>\n<p><a href=\"https:\/\/www.20minutes.fr\/monde\/ukraine\/\" class=\"c-link c-btn c-btn--primary\" rel=\"nofollow noopener\" target=\"_blank\">Notre dossier sur la guerre en Ukraine<\/a><\/p>\n<p>L\u2019Ukraine a re\u00e7u fin mars une nouvelle version de ce texte, la signature d\u2019un premier accord-cadre en ce sens ayant \u00e9chou\u00e9 en f\u00e9vrier, \u00e0 la suite d\u2019un <a href=\"https:\/\/www.20minutes.fr\/monde\/ukraine\/4141265-20250228-guerre-ukraine-affrontement-trump-zelensky-choque-russie-montre-offensive\" class=\"color-ultramarine c-link\" rel=\"nofollow noopener\" target=\"_blank\">spectaculaire clash entre les pr\u00e9sidents ukrainien et am\u00e9ricain<\/a> \u00e0 la Maison-Blanche. Le 30 mars, Donald Trump avait averti Volodymyr Zelensky qu\u2019il aurait de \u00ab\u00a0gros probl\u00e8mes\u00a0\u00bb en cas de rejet de ce texte.<\/p>\n<p>Le pr\u00e9sident am\u00e9ricain r\u00e9clame cet accord en tant que compensation de l\u2019aide militaire et \u00e9conomique octroy\u00e9e \u00e0 l\u2019Ukraine par son pr\u00e9d\u00e9cesseur <a href=\"https:\/\/www.20minutes.fr\/dossier\/joe_biden\" class=\"color-ultramarine c-link\" rel=\"nofollow noopener\" target=\"_blank\">Joe Biden<\/a> depuis le d\u00e9but il y a trois ans de l\u2019invasion de l\u2019Ukraine. Kiev de son c\u00f4t\u00e9 insiste sur la n\u00e9cessit\u00e9 d\u2019inclure dans le document des garanties de s\u00e9curit\u00e9 am\u00e9ricaines pour l\u2019Ukraine afin d\u2019\u00e9viter toute future attaque russe. Selon les m\u00e9dias, la nouvelle version du document ne mentionne pas de telles garanties.<\/p>\n","protected":false},"excerpt":{"rendered":"Vous avez rat\u00e9 les derniers \u00e9v\u00e9nements sur la guerre en Ukraine\u00a0? 20 Minutes fait le point pour vous&hellip;\n","protected":false},"author":2,"featured_media":10236,"comment_status":"","ping_status":"","sticky":false,"template":"","format":"standard","meta":{"footnotes":""},"categories":[5],"tags":[47,11,1813,75,1073,73,1011,27,1146,131,14,4997,4998,74,1916,12,132,135,134,2744,28],"class_list":{"0":"post-10235","1":"post","2":"type-post","3":"status-publish","4":"format-standard","5":"has-post-thumbnail","7":"category-international","8":"tag-actualite","9":"tag-actualites","10":"tag-armee","11":"tag-donald-trump","12":"tag-emmanuel-macron","13":"tag-etats-unis","14":"tag-fr","15":"tag-france","16":"tag-guerre","17":"tag-guerre-en-ukraine","18":"tag-international","19":"tag-kiev-kyiv","20":"tag-kremlin","21":"tag-monde","22":"tag-moscou","23":"tag-news","24":"tag-russie","25":"tag-vladimir-poutine","26":"tag-volodymyr-zelensky","27":"tag-washington","28":"tag-world"},"share_on_mastodon":{"url":"https:\/\/pubeurope.com\/@fr\/114302449278865518","error":""},"_links":{"self":[{"href":"https:\/\/www.europesays.com\/fr\/wp-json\/wp\/v2\/posts\/10235","targetHints":{"allow":["GET"]}}],"collection":[{"href":"https:\/\/www.europesays.com\/fr\/wp-json\/wp\/v2\/posts"}],"about":[{"href":"https:\/\/www.europesays.com\/fr\/wp-json\/wp\/v2\/types\/post"}],"author":[{"embeddable":true,"href":"https:\/\/www.europesays.com\/fr\/wp-json\/wp\/v2\/users\/2"}],"replies":[{"embeddable":true,"href":"https:\/\/www.europesays.com\/fr\/wp-json\/wp\/v2\/comments?post=10235"}],"version-history":[{"count":0,"href":"https:\/\/www.europesays.com\/fr\/wp-json\/wp\/v2\/posts\/10235\/revisions"}],"wp:featuredmedia":[{"embeddable":true,"href":"https:\/\/www.europesays.com\/fr\/wp-json\/wp\/v2\/media\/10236"}],"wp:attachment":[{"href":"https:\/\/www.europesays.com\/fr\/wp-json\/wp\/v2\/media?parent=10235"}],"wp:term":[{"taxonomy":"category","embeddable":true,"href":"https:\/\/www.europesays.com\/fr\/wp-json\/wp\/v2\/categories?post=10235"},{"taxonomy":"post_tag","embeddable":true,"href":"https:\/\/www.europesays.com\/fr\/wp-json\/wp\/v2\/tags?post=10235"}],"curies":[{"name":"wp","href":"https:\/\/api.w.org\/{rel}","templated":true}]}}