{"id":102351,"date":"2025-05-15T16:39:08","date_gmt":"2025-05-15T16:39:08","guid":{"rendered":"https:\/\/www.europesays.com\/fr\/102351\/"},"modified":"2025-05-15T16:39:08","modified_gmt":"2025-05-15T16:39:08","slug":"divorce-litiges-besoin-de-conseils-juridiques-des-specialistes-vous-aident-gratuitement-a-rennes","status":"publish","type":"post","link":"https:\/\/www.europesays.com\/fr\/102351\/","title":{"rendered":"Divorce, litiges\u2026 Besoin de conseils juridiques ? Des sp\u00e9cialistes vous aident (gratuitement) \u00e0 Rennes"},"content":{"rendered":"<p>            Par<br \/>\n        <strong><br \/>\n            <a href=\"https:\/\/actu.fr\/auteur\/lou-batteux\" title=\"Consulter tous les articles de Lou Batteux\" target=\"_blank\" rel=\"noopener\">Lou Batteux<\/a><br \/>\n        <\/strong><\/p>\n<p>        Publi\u00e9 le<\/p>\n<p>            15 mai 2025 \u00e0 18h16        <\/p>\n<p>Vous souhaitez divorcer\u2009? Vous voulez demander un titre de s\u00e9jour\u2009? Vous \u00eates en litige avec votre employeur, votre voisin ou votre propri\u00e9taire\u2009? \u00c0 l\u2019occasion de la <strong>Journ\u00e9e nationale de l\u2019acc\u00e8s au droit<\/strong>, le vendredi 23\u00a0mai 2025, Rennes met \u00e0 disposition un annuaire des permanences juridiques et propose plusieurs actions pour mieux faire conna\u00eetre les dispositifs existants.<\/p>\n<p>\u00ab\u2009Lutter contre le non-recours aux droits\u2009\u00bb<\/p>\n<p class=\" wall-content\">Tout au long de l\u2019ann\u00e9e, la Ville de Rennes et le Conseil D\u00e9partemental de l\u2019Acc\u00e8s au Droit d\u2019Ille-et-Vilaine (CDAD 35) mettent en place des permanences accessibles au sein de diff\u00e9rentes structures rennaises\u2009: mairies, maisons de quartier, centres sociaux, associations\u2026 Couvrant un large \u00e9ventail de probl\u00e9matiques juridiques, elles permettent d\u2019offrir des services d\u2019information et d\u2019orientation gratuits, confidentiels et anonymes.<\/p>\n<p class=\" wall-content\">Pour cette Journ\u00e9e nationale de l\u2019acc\u00e8s au droit, la Ville de Rennes souhaite<strong> \u00ab\u2009lutter contre le non-recours aux droits<\/strong> et accompagner les citoyens face \u00e0 la<strong> complexit\u00e9 croissante des d\u00e9marches juridiques\u2009\u00bb.<\/strong><\/p>\n<p>Des permanences t\u00e9l\u00e9phoniques personnalis\u00e9es<\/p>\n<p class=\" wall-content\">Du <strong>lundi\u00a019<\/strong> <strong>au vendredi 23\u00a0mai<\/strong>, la Ville de Rennes et le CDAD 35 mettront \u00e0 disposition des permanences t\u00e9l\u00e9phoniques \u00ab\u2009gratuites, personnalis\u00e9es et confidentielles\u2009\u00bb avec des professionnels du droit. Elles permettront aux habitants de recevoir des <strong>conseils<\/strong> dans les divers domaines juridiques \u00e9voqu\u00e9s plus t\u00f4t.<\/p>\n<p>Les rendez-vous peuvent \u00eatre pris en appelant le service Info Sociale au 08\u200900\u200995\u200935\u200945 entre 9h et 18h.<\/p>\n<p>Vid\u00e9os : en ce moment sur ActuLe forum \u00ab\u2009Place des droits\u2009\u00bb<\/p>\n<p class=\" wall-content\">Le <strong>jeudi 22\u00a0mai<\/strong>, le forum \u00ab\u2009Place des droits, mieux les conna\u00eetre pour mieux agir\u2009\u00bb se tiendra au <strong>4 bis, cours des Alli\u00e9s<\/strong>, \u00e0 Rennes. Cet \u00e9v\u00e8nement est l\u2019occasion pour les Rennaises et Rennais de \u00ab\u2009venir rencontrer des <strong>sp\u00e9cialistes du droit<\/strong>, d\u2019\u00e9changer sur leurs probl\u00e9matiques juridiques et de d\u00e9couvrir les ressources locales disponibles\u2009\u00bb.<\/p>\n<p class=\" wall-content\"><strong>Avocats, notaires, juristes,<\/strong> et <strong>d\u00e9l\u00e9gu\u00e9s du d\u00e9fenseur des droits<\/strong> seront pr\u00e9sents pour r\u00e9pondre \u00e0 toutes vos questions juridiques et vous orienter vers les <strong>solutions<\/strong> les mieux adapt\u00e9es \u00e0 votre situation.<\/p>\n<p>Des accueils de groupes, notamment pour les jeunes, sont aussi possibles. Pour plus d\u2019informations, contactez\u2009: <a href=\"https:\/\/actu.fr\/cdn-cgi\/l\/email-protection\" class=\"__cf_email__\" data-cfemail=\"760506121b36001f1a1a135b041318181305581004\" target=\"_blank\" rel=\"noopener\">[email\u00a0protected]<\/a>.Pour l\u2019\u00e9v\u00e8nement, la Ville de Rennes a \u00e9galement fourni un <a href=\"https:\/\/www.calameo.com\/rennes-ville-et-metropole\/read\/005416234b999427c5949\" target=\"_blank\" rel=\"noopener\">annuaire<\/a>\u00a0qui r\u00e9pertorie l\u2019ensemble des\u00a0permanences disponibles afin de \u00ab\u2009faciliter l\u2019orientation des habitants vers les professionnels comp\u00e9tents\u2009\u00bb. Parmi elles\u2009: des permanences g\u00e9n\u00e9ralistes, des permanences relatives au droit de la famille, des permanences concernant le droit des \u00e9trangers, d\u2019autres sur le droit du travail et de la consommation ou encore des permanences \u00e0 destination des jeunes.<\/p>\n<p class=\" wall-content\">Suivez toute l\u2019actualit\u00e9 de vos villes et m\u00e9dias favoris en vous inscrivant \u00e0 <a href=\"https:\/\/moncompte.actu.fr\" title=\"D\u00e9couvez Mon Actu\" rel=\"nofollow noopener\" data-trk=\"{&quot;cta&quot;:{&quot;action&quot;:&quot;https:\\\/\\\/moncompte.actu.fr&quot;,&quot;category&quot;:&quot;mon compte&quot;,&quot;from&quot;:&quot;article footer&quot;,&quot;name&quot;:&quot;Mon actu&quot;,&quot;type&quot;:&quot;cta&quot;}}\" target=\"_blank\">Mon Actu<\/a>.<\/p>\n","protected":false},"excerpt":{"rendered":"Par Lou Batteux Publi\u00e9 le 15 mai 2025 \u00e0 18h16 Vous souhaitez divorcer\u2009? Vous voulez demander un titre&hellip;\n","protected":false},"author":2,"featured_media":102352,"comment_status":"","ping_status":"","sticky":false,"template":"","format":"standard","meta":{"footnotes":""},"categories":[2821],"tags":[1111,11,18489,829,15787,1777,674,1011,27,303,12,584,25,104],"class_list":{"0":"post-102351","1":"post","2":"type-post","3":"status-publish","4":"format-standard","5":"has-post-thumbnail","7":"category-rennes","8":"tag-actu","9":"tag-actualites","10":"tag-aides-sociales","11":"tag-bretagne","12":"tag-droit-des-travailleurs","13":"tag-eu","14":"tag-europe","15":"tag-fr","16":"tag-france","17":"tag-justice","18":"tag-news","19":"tag-rennes","20":"tag-republique-francaise","21":"tag-societe"},"share_on_mastodon":{"url":"https:\/\/pubeurope.com\/@fr\/114512839535177874","error":""},"_links":{"self":[{"href":"https:\/\/www.europesays.com\/fr\/wp-json\/wp\/v2\/posts\/102351","targetHints":{"allow":["GET"]}}],"collection":[{"href":"https:\/\/www.europesays.com\/fr\/wp-json\/wp\/v2\/posts"}],"about":[{"href":"https:\/\/www.europesays.com\/fr\/wp-json\/wp\/v2\/types\/post"}],"author":[{"embeddable":true,"href":"https:\/\/www.europesays.com\/fr\/wp-json\/wp\/v2\/users\/2"}],"replies":[{"embeddable":true,"href":"https:\/\/www.europesays.com\/fr\/wp-json\/wp\/v2\/comments?post=102351"}],"version-history":[{"count":0,"href":"https:\/\/www.europesays.com\/fr\/wp-json\/wp\/v2\/posts\/102351\/revisions"}],"wp:featuredmedia":[{"embeddable":true,"href":"https:\/\/www.europesays.com\/fr\/wp-json\/wp\/v2\/media\/102352"}],"wp:attachment":[{"href":"https:\/\/www.europesays.com\/fr\/wp-json\/wp\/v2\/media?parent=102351"}],"wp:term":[{"taxonomy":"category","embeddable":true,"href":"https:\/\/www.europesays.com\/fr\/wp-json\/wp\/v2\/categories?post=102351"},{"taxonomy":"post_tag","embeddable":true,"href":"https:\/\/www.europesays.com\/fr\/wp-json\/wp\/v2\/tags?post=102351"}],"curies":[{"name":"wp","href":"https:\/\/api.w.org\/{rel}","templated":true}]}}