{"id":102355,"date":"2025-05-15T16:41:08","date_gmt":"2025-05-15T16:41:08","guid":{"rendered":"https:\/\/www.europesays.com\/fr\/102355\/"},"modified":"2025-05-15T16:41:08","modified_gmt":"2025-05-15T16:41:08","slug":"plus-haute-que-les-black-swans-cette-tour-de-logements-va-dominer-strasbourg-ce-quil-faut-savoir","status":"publish","type":"post","link":"https:\/\/www.europesays.com\/fr\/102355\/","title":{"rendered":"Plus haute que les \u00ab\u00a0Black swans\u00a0\u00bb, cette tour de logements va dominer Strasbourg : ce qu&rsquo;il faut savoir"},"content":{"rendered":"<p>            Par<br \/>\n        <strong><br \/>\n            <a href=\"https:\/\/actu.fr\/auteur\/ivan-capecchi\" title=\"Consulter tous les articles de Ivan CAPECCHI\" rel=\"nofollow noopener\" target=\"_blank\">Ivan CAPECCHI<\/a><br \/>\n        <\/strong><\/p>\n<p>        Publi\u00e9 le<\/p>\n<p>            15 mai 2025 \u00e0 18h15        <\/p>\n<p>D\u2019ici fin 2028, une toute nouvelle tour de <a href=\"https:\/\/actu.fr\/tag\/logement\" rel=\"nofollow noopener\" target=\"_blank\">logements<\/a> verra le jour au sein du <strong>quartier Citadelle<\/strong>, \u00e0 <strong>Strasbourg<\/strong>.<\/p>\n<p class=\" wall-content\">Appel\u00e9e <strong>Emergence<\/strong>, elle culminera \u00e0 <strong>63\u00a0m\u00e8tres de hauteur<\/strong>, soit plus haut que les c\u00e9l\u00e8bres \u00ab<strong>\u2009Black swans<\/strong>\u2009\u00bb.<\/p>\n<p class=\" wall-content\">Sa commercialisation est en cours.<\/p>\n<p>Des logements \u00e9tudiants et de standing<\/p>\n<p class=\" wall-content\">La tour sera compos\u00e9e de deux parties. La premi\u00e8re, <strong>du rez-de-chauss\u00e9e au 4e \u00e9tage<\/strong>, comportera des <strong>logements \u00e9tudiants<\/strong>.<\/p>\n<p class=\" wall-content\">La seconde, <strong>du 5e au 12e \u00e9tage<\/strong>, abritera des <strong>logements de standing<\/strong>.<\/p>\n<p>Vid\u00e9os : en ce moment sur ActuEspace de coworking et terrasses<\/p>\n<p class=\" wall-content\">Dans le d\u00e9tail, la premi\u00e8re partie comptera <strong>51 studios<\/strong> allant de 17,2\u00a0m2 \u00e0 36,5\u00a0m2. Cette partie de la tour comprendra \u00e9galement un <strong>espace de coworking<\/strong>.<\/p>\n<p class=\" wall-content\">La deuxi\u00e8me partie proposera <strong>37 appartements haut de gamme<\/strong>, allant du 1 pi\u00e8ce de 34,7\u00a0m2 aux 4\u00a0pi\u00e8ces de 91,6\u00a0m2. Ils seront tous dot\u00e9s de <strong>terrasses<\/strong> ou <strong>loggias<\/strong>.<\/p>\n<p>Entre 5\u2009000\u00a0et 7\u2009000 \u20ac le m\u00e8tre carr\u00e9<\/p>\n<p class=\" wall-content\">Les <a href=\"https:\/\/actu.fr\/grand-est\/strasbourg_67482\/immobilier-voici-les-prix-au-metre-carre-dans-chaque-quartier-de-strasbourg-edition-2023_58298703.html\" rel=\"nofollow noopener\" target=\"_blank\">prix au m\u00e8tre carr\u00e9<\/a>, qu\u2019il s\u2019agisse des logements \u00e9tudiants ou des appartements haut de gamme, oscillent grosso modo <strong>entre 5\u2009000\u00a0et 7\u2009000 \u20ac<\/strong>.<\/p>\n<p class=\" wall-content\">La r\u00e9sidence b\u00e9n\u00e9ficiera \u00e9galement d\u2019un <strong>parking silo \u00e0 100\u00a0m<\/strong>.<\/p>\n<p class=\" wall-content\">Suivez toute l\u2019actualit\u00e9 de vos villes et m\u00e9dias favoris en vous inscrivant \u00e0 <a href=\"https:\/\/moncompte.actu.fr\" title=\"D\u00e9couvez Mon Actu\" rel=\"nofollow noopener\" data-trk=\"{&quot;cta&quot;:{&quot;action&quot;:&quot;https:\\\/\\\/moncompte.actu.fr&quot;,&quot;category&quot;:&quot;mon compte&quot;,&quot;from&quot;:&quot;article footer&quot;,&quot;name&quot;:&quot;Mon actu&quot;,&quot;type&quot;:&quot;cta&quot;}}\" target=\"_blank\">Mon Actu<\/a>.<\/p>\n","protected":false},"excerpt":{"rendered":"Par Ivan CAPECCHI Publi\u00e9 le 15 mai 2025 \u00e0 18h15 D\u2019ici fin 2028, une toute nouvelle tour de&hellip;\n","protected":false},"author":2,"featured_media":102356,"comment_status":"","ping_status":"","sticky":false,"template":"","format":"standard","meta":{"footnotes":""},"categories":[2820],"tags":[1111,11,1777,674,1011,27,775,1116,1908,12,25,104,640],"class_list":{"0":"post-102355","1":"post","2":"type-post","3":"status-publish","4":"format-standard","5":"has-post-thumbnail","7":"category-strasbourg","8":"tag-actu","9":"tag-actualites","10":"tag-eu","11":"tag-europe","12":"tag-fr","13":"tag-france","14":"tag-grand-est","15":"tag-immobilier","16":"tag-logement","17":"tag-news","18":"tag-republique-francaise","19":"tag-societe","20":"tag-strasbourg"},"share_on_mastodon":{"url":"https:\/\/pubeurope.com\/@fr\/114512847523084837","error":""},"_links":{"self":[{"href":"https:\/\/www.europesays.com\/fr\/wp-json\/wp\/v2\/posts\/102355","targetHints":{"allow":["GET"]}}],"collection":[{"href":"https:\/\/www.europesays.com\/fr\/wp-json\/wp\/v2\/posts"}],"about":[{"href":"https:\/\/www.europesays.com\/fr\/wp-json\/wp\/v2\/types\/post"}],"author":[{"embeddable":true,"href":"https:\/\/www.europesays.com\/fr\/wp-json\/wp\/v2\/users\/2"}],"replies":[{"embeddable":true,"href":"https:\/\/www.europesays.com\/fr\/wp-json\/wp\/v2\/comments?post=102355"}],"version-history":[{"count":0,"href":"https:\/\/www.europesays.com\/fr\/wp-json\/wp\/v2\/posts\/102355\/revisions"}],"wp:featuredmedia":[{"embeddable":true,"href":"https:\/\/www.europesays.com\/fr\/wp-json\/wp\/v2\/media\/102356"}],"wp:attachment":[{"href":"https:\/\/www.europesays.com\/fr\/wp-json\/wp\/v2\/media?parent=102355"}],"wp:term":[{"taxonomy":"category","embeddable":true,"href":"https:\/\/www.europesays.com\/fr\/wp-json\/wp\/v2\/categories?post=102355"},{"taxonomy":"post_tag","embeddable":true,"href":"https:\/\/www.europesays.com\/fr\/wp-json\/wp\/v2\/tags?post=102355"}],"curies":[{"name":"wp","href":"https:\/\/api.w.org\/{rel}","templated":true}]}}