{"id":102357,"date":"2025-05-15T16:42:09","date_gmt":"2025-05-15T16:42:09","guid":{"rendered":"https:\/\/www.europesays.com\/fr\/102357\/"},"modified":"2025-05-15T16:42:09","modified_gmt":"2025-05-15T16:42:09","slug":"j-2-les-infos-pratiques-2","status":"publish","type":"post","link":"https:\/\/www.europesays.com\/fr\/102357\/","title":{"rendered":"J-2 : Les infos pratiques"},"content":{"rendered":"<p class=\"text-align-justify chapo\"><strong>La saison touche \u00e0 sa fin, et ce samedi 17 mai, la SIG Strasbourg vous donne rendez-vous pour le dernier match \u00e0 domicile au Rhenus Sport. Le match n\u2019est pas complet : il reste des places pour venir pousser derri\u00e8re nos SIGmen. Toutes les infos pratiques sont \u00e0 retrouver juste en dessous !<\/strong><\/p>\n<p>Les portes du Rhenus ouvriront\u00a0<strong>d\u00e8s 16h30<\/strong>, alors n\u2019h\u00e9sitez pas \u00e0 arriver t\u00f4t pour profiter pleinement des animations et des services propos\u00e9s sur place.<\/p>\n<p class=\"text-align-justify\">\u00a0<\/p>\n<p><strong>MATCH DES ESPOIRS A 14H30<\/strong><br \/>\nAvant l\u2019\u00e9quipe pro, les Espoirs de la SIG Strasbourg joueront \u00e9galement leur dernier match de la saison au Rhenus, et l\u2019entr\u00e9e est libre !<br \/>Un speaker sera pr\u00e9sent pour mettre l\u2019ambiance, et nos jeunes SIGmen auront plus que jamais besoin de votre soutien pour finir leur saison en beaut\u00e9. Venez nombreux les encourager !<\/p>\n<p class=\"text-align-justify\">\u00a0<\/p>\n<p><strong>SE RESTAURER<\/strong><br \/>\nComme d\u2019habitude, les buvettes du Rhenus seront ouvertes pour satisfaire les petites faims avec un large choix de snacks et de boissons.<br \/>\n<strong>Attention, info importante<\/strong> : exceptionnellement, le SIG Truck ne sera pas pr\u00e9sent lors de ce match. Pr\u00e9voyez donc de vous restaurer directement dans les coursives.<\/p>\n<p class=\"text-align-justify\">\u00a0<\/p>\n<p><strong>DERNIER MATCH = BONNES AFFAIRES !<\/strong><br \/>\n\u00c0 l\u2019occasion de cette derni\u00e8re soir\u00e9e \u00e0 la maison, profitez d\u2019une r\u00e9duction exceptionnelle de -20% sur tous les produits de la boutique au Rhenus !<br \/>C\u2019est le moment id\u00e9al pour repartir avec un souvenir de cette saison ou pour faire plaisir \u00e0 vos proches.<\/p>\n<p class=\"text-align-justify\">\u00a0<\/p>\n<p>\u00a0<\/p>\n<p><strong>ANIMATIONS &amp; CONCERT EN LIVE<\/strong><br \/>\nPour lancer la soir\u00e9e comme il se doit, un concert en live vous attend d\u00e8s 16h45 sur la sc\u00e8ne Top Music dans les coursives.<br \/>Et les \u00e9quipes de Unis vers le Sport seront \u00e9galement pr\u00e9sentes pour vous proposer des animations gratuites \u00e0 partir de l\u2019ouverture des portes.<\/p>\n<p class=\"text-align-justify\">\u00a0<\/p>\n<p><strong>REPAREZ VOTRE VENUE AU RHENUS<\/strong><\/p>\n<p class=\"text-align-center\">\u00a0<\/p>\n<p>Privil\u00e9giez les transports en commun ou le covoiturage si possible. Si vous venez en voiture, anticipez pour trouver une place de stationnement et rejoindre le Rhenus en toute s\u00e9r\u00e9nit\u00e9.<\/p>\n<p class=\"text-align-justify\">\u00a0<\/p>\n<p><strong>OUVERTURE DES PORTES \u00c0 16H30<\/strong><br \/>\nLes portes du Rhenus ouvriront \u00e0 <strong>16h30<\/strong> pour vous permettre de profiter pleinement des animations, de la boutique et de l\u2019ambiance avant le coup d\u2019envoi du match pro pr\u00e9vu \u00e0 <strong>18h00<\/strong>.<\/p>\n<p class=\"text-align-justify\">\u00a0<\/p>\n<p><strong>COMMENT VENIR\u00a0?<\/strong><br \/>\n<strong>En voiture\u00a0:<\/strong><br \/>Parking Europe Wacken\u00a0: 6 Boulevard de Dresde<br \/>Parking de l\u2019Aar\u00a0: Rue Fr\u00e9d\u00e9ric-Guillaume-Raiffeisen<br \/>Parking Coubertin\u00a0: 6 rue Pierre de Coubertin<br \/><strong>\u00a0<\/strong><br \/><strong>Parking-Relais :<\/strong><br \/>\n<strong>Compte tenu des difficult\u00e9s de stationnement aux abords du Rhenus et des risques d\u2019encombrements, nous conseillons aux personnes se rendant au match en voiture d\u2019utiliser les Parking-Relais<\/strong>. Ils permettent \u00e0 tous les passagers d\u2019un v\u00e9hicule (jusqu\u2019\u00e0 7 personnes) de b\u00e9n\u00e9ficier d\u2019une place de stationnement et d\u2019un titre de transport aller-retour au prix de 4,10\u20ac (sauf le Parking-Relais Rotonde \u00e0 4,60\u20ac).<br \/>A noter que les P+R Rives de l&rsquo;Aar, Robertsau Boecklin et Hoenheim Gare (lignes B et E du tram) offrent une liaison directe.<br \/><strong>\u00a0<\/strong><br \/><strong>En tramway\u00a0:<\/strong><br \/>Ticket Aller-Retour SPECIAL SIG \u00e0 2.20 \u20ac pour tous les matchs\u00a0<br \/>\u00a0Le titre sp\u00e9cial SIG est disponible \u00e0 l\u2019occasion de tous les matchs de la saison.<br \/>Il est en vente permanente aupr\u00e8s des distributeurs automatiques\u00a0des stations trams, des lignes de bus L1, L3, L6 et de la ligne G et sur l\u2019appli CTS.<br \/>\nLe titre de transport pourra donc \u00eatre achet\u00e9 \u00e0 l\u2019avance et en dehors des jours de matchs. Toutefois, il ne sera valable que les soirs de matchs de la SIG, \u00e0 partir de 4 heures avant la rencontre.<br \/>\u00a0<\/p>\n<p class=\"text-align-justify\"><a href=\"https:\/\/www.cts-strasbourg.eu\/fr\/se-deplacer\/comment-sy-rendre-stade-de-la-meinau-et-rhenus\/\" rel=\"nofollow noopener\" target=\"_blank\"><img decoding=\"async\" src=\"https:\/\/www.europesays.com\/fr\/wp-content\/uploads\/2025\/05\/abonnez vous bandeau.png\" width=\"1300\" height=\"229\" alt=\"CTS\" loading=\"lazy\"\/><\/a><\/p>\n<p>\u00a0<\/p>\n<p class=\"text-align-justify\">\u00a0<\/p>\n<p><strong>C\u2019est le dernier rendez-vous de la saison \u00e0 la maison, et toute la SIGArmy est attendue pour mettre le feu au Rhenus une derni\u00e8re fois.<\/strong><br \/>\u00a0<\/p>\n","protected":false},"excerpt":{"rendered":"La saison touche \u00e0 sa fin, et ce samedi 17 mai, la SIG Strasbourg vous donne rendez-vous pour&hellip;\n","protected":false},"author":2,"featured_media":102358,"comment_status":"","ping_status":"","sticky":false,"template":"","format":"standard","meta":{"footnotes":""},"categories":[2820],"tags":[1111,11,3146,1777,674,1011,27,775,3145,12,25,3144,640],"class_list":{"0":"post-102357","1":"post","2":"type-post","3":"status-publish","4":"format-standard","5":"has-post-thumbnail","7":"category-strasbourg","8":"tag-actu","9":"tag-actualites","10":"tag-betclic-elite","11":"tag-eu","12":"tag-europe","13":"tag-fr","14":"tag-france","15":"tag-grand-est","16":"tag-lnb","17":"tag-news","18":"tag-republique-francaise","19":"tag-sig","20":"tag-strasbourg"},"share_on_mastodon":{"url":"https:\/\/pubeurope.com\/@fr\/114512851516884502","error":""},"_links":{"self":[{"href":"https:\/\/www.europesays.com\/fr\/wp-json\/wp\/v2\/posts\/102357","targetHints":{"allow":["GET"]}}],"collection":[{"href":"https:\/\/www.europesays.com\/fr\/wp-json\/wp\/v2\/posts"}],"about":[{"href":"https:\/\/www.europesays.com\/fr\/wp-json\/wp\/v2\/types\/post"}],"author":[{"embeddable":true,"href":"https:\/\/www.europesays.com\/fr\/wp-json\/wp\/v2\/users\/2"}],"replies":[{"embeddable":true,"href":"https:\/\/www.europesays.com\/fr\/wp-json\/wp\/v2\/comments?post=102357"}],"version-history":[{"count":0,"href":"https:\/\/www.europesays.com\/fr\/wp-json\/wp\/v2\/posts\/102357\/revisions"}],"wp:featuredmedia":[{"embeddable":true,"href":"https:\/\/www.europesays.com\/fr\/wp-json\/wp\/v2\/media\/102358"}],"wp:attachment":[{"href":"https:\/\/www.europesays.com\/fr\/wp-json\/wp\/v2\/media?parent=102357"}],"wp:term":[{"taxonomy":"category","embeddable":true,"href":"https:\/\/www.europesays.com\/fr\/wp-json\/wp\/v2\/categories?post=102357"},{"taxonomy":"post_tag","embeddable":true,"href":"https:\/\/www.europesays.com\/fr\/wp-json\/wp\/v2\/tags?post=102357"}],"curies":[{"name":"wp","href":"https:\/\/api.w.org\/{rel}","templated":true}]}}