{"id":102363,"date":"2025-05-15T16:45:41","date_gmt":"2025-05-15T16:45:41","guid":{"rendered":"https:\/\/www.europesays.com\/fr\/102363\/"},"modified":"2025-05-15T16:45:41","modified_gmt":"2025-05-15T16:45:41","slug":"une-jeune-cycliste-gravement-blessee-apres-un-choc-avec-un-tramway","status":"publish","type":"post","link":"https:\/\/www.europesays.com\/fr\/102363\/","title":{"rendered":"Une jeune cycliste gravement bless\u00e9e apr\u00e8s un choc avec un tramway"},"content":{"rendered":"<p>Ce jeudi vers 8h55, un accident s\u2019est produit entre un v\u00e9lo et un tramway, boulevard Mendes-France \u00e0 <a href=\"https:\/\/www.orvault.fr\/\" target=\"_blank\" class=\"color-ultramarine c-link\" rel=\"noopener\">Orvault, <\/a>dans la banlieue de Nantes. La cycliste, une jeune fille de 12 ans, a \u00e9t\u00e9 transport\u00e9e dans un \u00e9tat grave par le Smur vers les urgences p\u00e9diatriques de Nantes. Six engins et 13 sapeurs-pompiers ont \u00e9t\u00e9 engag\u00e9s dans l\u2019op\u00e9ration de secours, rapporte le <a href=\"https:\/\/www.sdis44.fr\/\" target=\"_blank\" class=\"color-ultramarine c-link\" rel=\"noopener\">Service d\u00e9partemental d\u2019incendie et de secours de Loire-Atlantique<\/a>.<\/p>\n<p>Un deuxi\u00e8me accident en une semaine<\/p>\n<p>C\u2019est la deuxi\u00e8me fois en une semaine qu\u2019un accident opposant un cycliste et un tramway se produit dans la m\u00e9tropole nantaise. Mardi dernier, selon <a href=\"https:\/\/www.ouest-france.fr\/societe\/faits-divers\/accident-entre-un-cycliste-et-un-tramway-a-nantes-un-homme-gravement-blesse-6194c9ba-3031-11f0-a780-38f15a8a5638\" target=\"_blank\" class=\"color-ultramarine c-link\" rel=\"noopener\">Ouest-France<\/a>, un homme de 45 ans avait \u00e9t\u00e9 transport\u00e9 dans un \u00e9tat grave au CHU de Nantes apr\u00e8s une collision avec un tramway, boulevard des Martyrs-Nantais, \u00e0 Nantes.<\/p>\n","protected":false},"excerpt":{"rendered":"Ce jeudi vers 8h55, un accident s\u2019est produit entre un v\u00e9lo et un tramway, boulevard Mendes-France \u00e0 Orvault,&hellip;\n","protected":false},"author":2,"featured_media":102364,"comment_status":"","ping_status":"","sticky":false,"template":"","format":"standard","meta":{"footnotes":""},"categories":[2818],"tags":[119,1111,11,1777,674,118,1011,27,3047,766,12,2636,1311,1306,25,2221,2216,208],"class_list":{"0":"post-102363","1":"post","2":"type-post","3":"status-publish","4":"format-standard","5":"has-post-thumbnail","7":"category-nantes","8":"tag-accident","9":"tag-actu","10":"tag-actualites","11":"tag-eu","12":"tag-europe","13":"tag-faits-divers","14":"tag-fr","15":"tag-france","16":"tag-loire-atlantique","17":"tag-nantes","18":"tag-news","19":"tag-pays-de-la-loire","20":"tag-pompiers","21":"tag-regions","22":"tag-republique-francaise","23":"tag-tram","24":"tag-transports-en-commun","25":"tag-velo"},"share_on_mastodon":{"url":"https:\/\/pubeurope.com\/@fr\/114512863158338487","error":""},"_links":{"self":[{"href":"https:\/\/www.europesays.com\/fr\/wp-json\/wp\/v2\/posts\/102363","targetHints":{"allow":["GET"]}}],"collection":[{"href":"https:\/\/www.europesays.com\/fr\/wp-json\/wp\/v2\/posts"}],"about":[{"href":"https:\/\/www.europesays.com\/fr\/wp-json\/wp\/v2\/types\/post"}],"author":[{"embeddable":true,"href":"https:\/\/www.europesays.com\/fr\/wp-json\/wp\/v2\/users\/2"}],"replies":[{"embeddable":true,"href":"https:\/\/www.europesays.com\/fr\/wp-json\/wp\/v2\/comments?post=102363"}],"version-history":[{"count":0,"href":"https:\/\/www.europesays.com\/fr\/wp-json\/wp\/v2\/posts\/102363\/revisions"}],"wp:featuredmedia":[{"embeddable":true,"href":"https:\/\/www.europesays.com\/fr\/wp-json\/wp\/v2\/media\/102364"}],"wp:attachment":[{"href":"https:\/\/www.europesays.com\/fr\/wp-json\/wp\/v2\/media?parent=102363"}],"wp:term":[{"taxonomy":"category","embeddable":true,"href":"https:\/\/www.europesays.com\/fr\/wp-json\/wp\/v2\/categories?post=102363"},{"taxonomy":"post_tag","embeddable":true,"href":"https:\/\/www.europesays.com\/fr\/wp-json\/wp\/v2\/tags?post=102363"}],"curies":[{"name":"wp","href":"https:\/\/api.w.org\/{rel}","templated":true}]}}