{"id":102366,"date":"2025-05-15T16:47:08","date_gmt":"2025-05-15T16:47:08","guid":{"rendered":"https:\/\/www.europesays.com\/fr\/102366\/"},"modified":"2025-05-15T16:47:08","modified_gmt":"2025-05-15T16:47:08","slug":"avec-une-terrasse-et-des-concerts-ce-nouveau-lieu-culturel-ouvre-sur-la-rive-droite-de-bordeaux","status":"publish","type":"post","link":"https:\/\/www.europesays.com\/fr\/102366\/","title":{"rendered":"Avec une terrasse et des concerts, ce nouveau lieu culturel ouvre sur la rive droite de Bordeaux"},"content":{"rendered":"<p>            Par<br \/>\n        <strong><br \/>\n            <a href=\"https:\/\/actu.fr\/auteur\/juliette-cardinale\" title=\"Consulter tous les articles de Juliette Cardinale\" rel=\"nofollow noopener\" target=\"_blank\">Juliette Cardinale<\/a><br \/>\n        <\/strong><\/p>\n<p>        Publi\u00e9 le<\/p>\n<p>            15 mai 2025 \u00e0 18h36        <\/p>\n<p>C\u2019est le nouveau lieu culturel de la rive droite <a href=\"https:\/\/actu.fr\/bordeaux\/\" rel=\"nofollow noopener\" target=\"_blank\">\u00e0 Bordeaux.<\/a> Bien Public ouvre ses portes ce jeudi 15\u00a0mai 2025 avec le lancement de sa <strong>premi\u00e8re saison estivale<\/strong> au c\u0153ur du nouveau quartier Belv\u00e9d\u00e8re.<\/p>\n<p class=\" wall-content\">Bien Public, c\u2019est \u00ab\u2009un lieu ind\u00e9pendant, <strong>culinaire, culturel et festif<\/strong> qui s\u2019installe face \u00e0 la Garonne\u2009\u00bb sur plus de 2\u2009000\u00a0m\u00e8tres carr\u00e9s, cr\u00e9\u00e9 par Cultplace (La Bellevilloise \u00e0 Paris, La Fabuleuse Cantine \u00e0 La\u00a0Rochelle\u2026). Il mettra en avant la riche sc\u00e8ne locale \u2013 tout en invitant des artistes plus \u00e9loign\u00e9s.<\/p>\n<p>Un espace pluridisciplinaire<\/p>\n<p class=\" wall-content\">\u00ab\u2009Il y aura toujours quelque chose \u00e0 faire ou \u00e0 voir\u2009\u00bb, <a href=\"https:\/\/www.instagram.com\/bien_public_bordeaux\/\" rel=\"nofollow noopener\" target=\"_blank\">promet Bien Public.<\/a> Et pour cause\u2009: concerts, spectacles, expositions, march\u00e9s\u2026 Les <strong>activit\u00e9s seront vari\u00e9es.<\/strong> Sans compter la grande terrasse ouverte tout l\u2019\u00e9t\u00e9 et l\u2019espace int\u00e9rieur qui peut accueillir 400 couverts.<\/p>\n<p class=\" wall-content\">\u00c0 partir de ce 15\u00a0mai, le lieu est ouvert du jeudi au samedi de 17h \u00e0 2h du matin. Le dimanche, il est ouvert de midi \u00e0 20h. Pour la <strong>premi\u00e8re semaine,<\/strong> la programmation est 100\u2009% f\u00e9minine\u2009: Vitamlyn et DJ Koyla ce jeudi, Pops, V\u00e9nus en R\u00e9trograde et Piaconcept vendredi, Miss Newhouz, DJ Lexx et Romy White samedi et Carlouchina dimanche pour le premier \u00ab\u2009couscous social club\u2009\u00bb mensuel.<\/p>\n<p class=\" wall-content\"><a href=\"https:\/\/www.instagram.com\/p\/DJmlbz0MEo6\/embed\" title=\"Ouvrir le lien sur Instagram\" rel=\"nofollow noopener\" target=\"_blank\">Visualiser le contenu sur Instagram<\/a><\/p>\n<p class=\" wall-content\">La premi\u00e8re exposition du lieu est celle <strong>d\u2019Hazardous collective,<\/strong> des Bordelais sp\u00e9cialis\u00e9s en risographie (illustration, design graphique, photographie\u2026). Elle est visible \u00e0 partir de ce jeudi et pendant tout l\u2019\u00e9t\u00e9.<\/p>\n<p>Vid\u00e9os : en ce moment sur Actu<\/p>\n<p class=\" wall-content\">En septembre d\u00e9marrera <strong>une saison culturelle compl\u00e8te,<\/strong> avec l\u2019ouverture de la salle de concert en sous-sol d\u2019une capacit\u00e9 d\u2019environ 1\u2009000\u00a0personnes. <a href=\"https:\/\/actu.fr\/nouvelle-aquitaine\/bordeaux_33063\/un-nouveau-lieu-culturel-et-gastronomique-de-2-000-metres-carre-ouvrira-bientot-a-bordeaux_60485641.html\" rel=\"nofollow noopener\" target=\"_blank\">Deux ans apr\u00e8s l\u2019ouverture annonc\u00e9e,<\/a> Bien Public est pr\u00eat \u00e0 faire sa place dans le milieu culturel bordelais.<\/p>\n<p>Bien Public est situ\u00e9 68 quai Deschamps \u00e0 Bordeaux, au pied du pont Saint-Jean. L\u2019entr\u00e9e et libre et gratuite pour la plupart des \u00e9v\u00e8nements.<\/p>\n<p class=\" wall-content\">Suivez toute l\u2019actualit\u00e9 de vos villes et m\u00e9dias favoris en vous inscrivant \u00e0 <a href=\"https:\/\/moncompte.actu.fr\" title=\"D\u00e9couvez Mon Actu\" rel=\"nofollow noopener\" data-trk=\"{&quot;cta&quot;:{&quot;action&quot;:&quot;https:\\\/\\\/moncompte.actu.fr&quot;,&quot;category&quot;:&quot;mon compte&quot;,&quot;from&quot;:&quot;article footer&quot;,&quot;name&quot;:&quot;Mon actu&quot;,&quot;type&quot;:&quot;cta&quot;}}\" target=\"_blank\">Mon Actu<\/a>.<\/p>\n<p>                    <script async src=\"\/\/www.instagram.com\/embed.js\"><\/script><\/p>\n","protected":false},"excerpt":{"rendered":"Par Juliette Cardinale Publi\u00e9 le 15 mai 2025 \u00e0 18h36 C\u2019est le nouveau lieu culturel de la rive&hellip;\n","protected":false},"author":2,"featured_media":102367,"comment_status":"","ping_status":"","sticky":false,"template":"","format":"standard","meta":{"footnotes":""},"categories":[2817],"tags":[1111,11,1997,1697,1777,674,1011,27,1652,12,2219,25],"class_list":{"0":"post-102366","1":"post","2":"type-post","3":"status-publish","4":"format-standard","5":"has-post-thumbnail","7":"category-bordeaux","8":"tag-actu","9":"tag-actualites","10":"tag-bordeaux","11":"tag-concert","12":"tag-eu","13":"tag-europe","14":"tag-fr","15":"tag-france","16":"tag-loisirs-culture","17":"tag-news","18":"tag-nouvelle-aquitaine","19":"tag-republique-francaise"},"share_on_mastodon":{"url":"https:\/\/pubeurope.com\/@fr\/114512871114110356","error":""},"_links":{"self":[{"href":"https:\/\/www.europesays.com\/fr\/wp-json\/wp\/v2\/posts\/102366","targetHints":{"allow":["GET"]}}],"collection":[{"href":"https:\/\/www.europesays.com\/fr\/wp-json\/wp\/v2\/posts"}],"about":[{"href":"https:\/\/www.europesays.com\/fr\/wp-json\/wp\/v2\/types\/post"}],"author":[{"embeddable":true,"href":"https:\/\/www.europesays.com\/fr\/wp-json\/wp\/v2\/users\/2"}],"replies":[{"embeddable":true,"href":"https:\/\/www.europesays.com\/fr\/wp-json\/wp\/v2\/comments?post=102366"}],"version-history":[{"count":0,"href":"https:\/\/www.europesays.com\/fr\/wp-json\/wp\/v2\/posts\/102366\/revisions"}],"wp:featuredmedia":[{"embeddable":true,"href":"https:\/\/www.europesays.com\/fr\/wp-json\/wp\/v2\/media\/102367"}],"wp:attachment":[{"href":"https:\/\/www.europesays.com\/fr\/wp-json\/wp\/v2\/media?parent=102366"}],"wp:term":[{"taxonomy":"category","embeddable":true,"href":"https:\/\/www.europesays.com\/fr\/wp-json\/wp\/v2\/categories?post=102366"},{"taxonomy":"post_tag","embeddable":true,"href":"https:\/\/www.europesays.com\/fr\/wp-json\/wp\/v2\/tags?post=102366"}],"curies":[{"name":"wp","href":"https:\/\/api.w.org\/{rel}","templated":true}]}}