{"id":102378,"date":"2025-05-15T16:53:08","date_gmt":"2025-05-15T16:53:08","guid":{"rendered":"https:\/\/www.europesays.com\/fr\/102378\/"},"modified":"2025-05-15T16:53:08","modified_gmt":"2025-05-15T16:53:08","slug":"mobilises-a-marseille-les-surveillants-de-colleges-et-lycees-veulent-sortir-de-leur-precarite","status":"publish","type":"post","link":"https:\/\/www.europesays.com\/fr\/102378\/","title":{"rendered":"Mobilis\u00e9s \u00e0 Marseille, les surveillants de coll\u00e8ges et lyc\u00e9es veulent sortir de leur pr\u00e9carit\u00e9"},"content":{"rendered":"<p>\u00ab\u00a0On est sur le feu tout le temps, en premi\u00e8re ligne pour tout.\u00a0\u00bb Linda, <a href=\"https:\/\/www.laprovence.com\/article\/societe\/1228451009045115\/les-assistants-deducation-en-greve-ce-mardi-forte-mobilisation-dans-les-etablissements-scolaires-aixois\" target=\"_blank\" rel=\"nofollow noopener\">assistante d\u2019\u00e9ducation (AED)<\/a> depuis cinq ans, exerce actuellement dans un coll\u00e8ge de Salon-de-Provence. Son constat est sans appel\u00a0: \u00ab\u00a0On est dans une pr\u00e9carit\u00e9 structurelle, en \u00e9tant embauch\u00e9s ann\u00e9e apr\u00e8s ann\u00e9e, et titulaires seulement au bout de six ans. Les contraintes de budget aboutissent au non-remplacement des AED en arr\u00eat maladie, mais on nous demande d\u2019assurer quel que soit l\u2019effectif en place, s\u2019il y a un probl\u00e8me c\u2019est notre faute, mais si tout se passe bien, personne ne reconna\u00eet notre travail.\u00a0\u00bb<\/p>\n<p>C\u2019est cette absence de reconnaissance que les AED des coll\u00e8ges et lyc\u00e9es sont notamment venus d\u00e9noncer ce jeudi 15\u00a0mai en se rassemblant devant la Direction des services d\u00e9partementaux de l\u2019\u00c9ducation nationale, \u00e0 <a href=\"https:\/\/www.laprovence.com\/bouches-du-rhone\/marseille-13055\" target=\"_blank\" rel=\"nofollow noopener\">Marseille<\/a>, o\u00f9 une d\u00e9l\u00e9gation, emmen\u00e9e par la CGT \u00c9duc\u2019action et Sud \u00c9ducation, \u00e9tait re\u00e7ue.<\/p>\n<p>Soutenus par <a href=\"https:\/\/www.laprovence.com\/article\/region\/2708209423587315\/a-marseille-lappel-a-la-greve-nationale-des-aesh-a-mobilise-jeudi-plus-de-200-personnes\" target=\"_blank\" rel=\"nofollow noopener\">les AESH (accompagnant des \u00e9l\u00e8ves en situation de handicap)<\/a>, ils demandent une augmentation des salaires, la reconnaissance de leur statut, de leur exp\u00e9rience, de leurs dipl\u00f4mes et de leurs comp\u00e9tences, ainsi que des effectifs suffisants pour assurer la s\u00e9curit\u00e9 des \u00e9l\u00e8ves.<\/p>\n<p>\u00ab\u00a0Des missions \u00e9ducatives essentielles\u00a0\u00bb<\/p>\n<p>\u00ab\u00a0On continue de faire croire qu\u2019il ne s\u2019agit que d\u2019un job \u00e9tudiant alors qu\u2019en parall\u00e8le, on recrute des AED de plus en plus \u00e2g\u00e9s et comp\u00e9tents, poursuit Linda. Le boulot n\u2019est plus du tout celui des surveillants de notre jeunesse, on est devenus de v\u00e9ritables assistants des conseillers principaux d\u2019\u00e9ducation, avec des missions \u00e9ducatives essentielles parce que nous sommes ceux qui sont au plus pr\u00e8s du terrain et des \u00e9l\u00e8ves, sans pour autant qu\u2019on soit valoris\u00e9s.\u00a0\u00bb<\/p>\n<p>Dans un communiqu\u00e9, la <a href=\"https:\/\/www.laprovence.com\/article\/region\/21127753670354\/a-marseille-professeurs-lyceens-et-associations-denoncent-largent-public-verse-aux-ecoles-privees\" target=\"_blank\" rel=\"nofollow noopener\">CGT<\/a> demande \u00e9galement la cr\u00e9ation d\u2019une grille salariale comme celle existant pour les AESH. \u00ab\u00a0Ensemble, nous formons le plus grand corps d\u2019employ\u00e9s de l\u2019\u00c9ducation nationale, c\u2019est pourquoi AESH et AED veulent \u00eatre reconnus comme fonctionnaires d\u2019\u00c9tat de cat\u00e9gorie\u00a0B\u00a0\u00bb, ajoute Lionel, AESH d\u2019une \u00e9cole marseillaise venu boulevard Charles-N\u00e9delec (1er) soutenir ses coll\u00e8gues avec lesquels il partage \u00ab\u00a0la pr\u00e9carit\u00e9 des statuts et des salaires au Smic horaire\u00a0\u00bb.<\/p>\n","protected":false},"excerpt":{"rendered":"\u00ab\u00a0On est sur le feu tout le temps, en premi\u00e8re ligne pour tout.\u00a0\u00bb Linda, assistante d\u2019\u00e9ducation (AED) depuis&hellip;\n","protected":false},"author":2,"featured_media":102379,"comment_status":"","ping_status":"","sticky":false,"template":"","format":"standard","meta":{"footnotes":""},"categories":[2814],"tags":[17,1111,11,17262,1777,674,1011,27,151,21194,884,17479,12,882,25,104,808,4925],"class_list":{"0":"post-102378","1":"post","2":"type-post","3":"status-publish","4":"format-standard","5":"has-post-thumbnail","7":"category-marseille","8":"tag-17","9":"tag-actu","10":"tag-actualites","11":"tag-colleges","12":"tag-eu","13":"tag-europe","14":"tag-fr","15":"tag-france","16":"tag-les","17":"tag-lycees","18":"tag-marseille","19":"tag-mobilises","20":"tag-news","21":"tag-provence-alpes-cote-dazur","22":"tag-republique-francaise","23":"tag-societe","24":"tag-surveillants","25":"tag-veulent"},"share_on_mastodon":{"url":"https:\/\/pubeurope.com\/@fr\/114512894604892240","error":""},"_links":{"self":[{"href":"https:\/\/www.europesays.com\/fr\/wp-json\/wp\/v2\/posts\/102378","targetHints":{"allow":["GET"]}}],"collection":[{"href":"https:\/\/www.europesays.com\/fr\/wp-json\/wp\/v2\/posts"}],"about":[{"href":"https:\/\/www.europesays.com\/fr\/wp-json\/wp\/v2\/types\/post"}],"author":[{"embeddable":true,"href":"https:\/\/www.europesays.com\/fr\/wp-json\/wp\/v2\/users\/2"}],"replies":[{"embeddable":true,"href":"https:\/\/www.europesays.com\/fr\/wp-json\/wp\/v2\/comments?post=102378"}],"version-history":[{"count":0,"href":"https:\/\/www.europesays.com\/fr\/wp-json\/wp\/v2\/posts\/102378\/revisions"}],"wp:featuredmedia":[{"embeddable":true,"href":"https:\/\/www.europesays.com\/fr\/wp-json\/wp\/v2\/media\/102379"}],"wp:attachment":[{"href":"https:\/\/www.europesays.com\/fr\/wp-json\/wp\/v2\/media?parent=102378"}],"wp:term":[{"taxonomy":"category","embeddable":true,"href":"https:\/\/www.europesays.com\/fr\/wp-json\/wp\/v2\/categories?post=102378"},{"taxonomy":"post_tag","embeddable":true,"href":"https:\/\/www.europesays.com\/fr\/wp-json\/wp\/v2\/tags?post=102378"}],"curies":[{"name":"wp","href":"https:\/\/api.w.org\/{rel}","templated":true}]}}