{"id":102382,"date":"2025-05-15T16:55:08","date_gmt":"2025-05-15T16:55:08","guid":{"rendered":"https:\/\/www.europesays.com\/fr\/102382\/"},"modified":"2025-05-15T16:55:08","modified_gmt":"2025-05-15T16:55:08","slug":"info-actu-lyon-la-soiree-dans-un-appartement-vire-au-cauchemar-une-bande-armee-attaque","status":"publish","type":"post","link":"https:\/\/www.europesays.com\/fr\/102382\/","title":{"rendered":"INFO ACTU LYON. La soir\u00e9e dans un appartement vire au cauchemar, une bande arm\u00e9e attaque"},"content":{"rendered":"<p>            Par<br \/>\n        <strong><br \/>\n            <a href=\"https:\/\/actu.fr\/auteur\/julien-damboise\" title=\"Consulter tous les articles de Julien Damboise\" target=\"_blank\" rel=\"noopener\">Julien Damboise<\/a><br \/>\n        <\/strong><\/p>\n<p>        Publi\u00e9 le<\/p>\n<p>            15 mai 2025 \u00e0 17h50        <\/p>\n<p><strong>INFO ACTU LYON<\/strong>. Un violent home-jacking a eu lieu en pleine nuit, dans le 5\u1d49 arrondissement de <a href=\"https:\/\/actu.fr\/auvergne-rhone-alpes\/lyon_69123\" target=\"_blank\" rel=\"noopener\">Lyon<\/a>, dans la nuit du mercredi 14 au jeudi 15 mai 2025. Un <strong>commando arm\u00e9<\/strong> a fait irruption dans une soir\u00e9e, avant d\u2019\u00eatre rep\u00e9r\u00e9 et pris en chasse par la police.\u00a0Une <strong>intervention \u00e0 haut risque<\/strong> qui s\u2019est termin\u00e9e avec trois policiers l\u00e9g\u00e8rement bless\u00e9s et les interpellations de cinq jeunes suspects.<\/p>\n<p>    <a href=\"https:\/\/www.google.com\/maps\/embed?pb=!1m18!1m12!1m3!1d1341.459264280314!2d4.8186609247059184!3d45.75095171601623!2m3!1f0!2f0!3f0!3m2!1i1024!2i768!4f13.1!3m3!1m2!1s0x47f4ebb1297e9ce3%3A0xa06a79695a5bd56b!2sQuai%20des%20%C3%89troits%2C%2069005%20Lyon!5e1!3m2!1sfr!2sfr!4v1747320508252!5m2!1sfr!2sfr\" title=\"Ouvrie le lien\" target=\"_blank\" rel=\"noopener\">Cliquez ici pour visualiser le contenu<\/a><\/p>\n<p>Une soir\u00e9e attaqu\u00e9e<\/p>\n<p class=\" wall-content\">Selon nos informations exclusives, <strong>une soir\u00e9e a \u00e9t\u00e9 organis\u00e9e<\/strong> dans un appartement sp\u00e9cialement lou\u00e9 pour l\u2019occasion sur le quai des Etroits, qui longe les bords de <a href=\"https:\/\/actu.fr\/auvergne-rhone-alpes\/lyon_69123\/lyon-un-corps-derive-sur-la-saone-les-pompiers-en-pleine-intervention_62604655.html\" target=\"_blank\" rel=\"noopener\">Sa\u00f4ne<\/a>, pr\u00e8s du tunnel sous Fourvi\u00e8re.<\/p>\n<p class=\" wall-content\">Vers 3 h 30 du matin, les participants ont vu d\u00e9bouler un commando compos\u00e9 de trois individus cagoul\u00e9s et arm\u00e9s d\u2019au moins une <strong>arme de poing et d\u2019une grenade<\/strong>. On ne sait pas si la grenade \u00e9tait factice ou non.<\/p>\n<p class=\" wall-content\">Des coups de crosse ont \u00e9t\u00e9 port\u00e9s, notamment contre un f\u00eatard, selon une source proche du dossier. Puis, les malfaiteurs ont d\u00e9rob\u00e9 les t\u00e9l\u00e9phones portables des personnes pr\u00e9sentes dans le logement, ainsi que les cl\u00e9s d\u2019une <a href=\"https:\/\/actu.fr\/societe\/peugeot-308-opel-astra-ds4-rappel-massif-de-voitures-partout-en-france-elles-peuvent-prendre-feu_62615877.html\" target=\"_blank\" rel=\"noopener\">Peugeot<\/a> 208. Ils ont finalement pris la fuite dans la nuit avec la voiture vol\u00e9e.<\/p>\n<p>La BAC rep\u00e8re les suspects<\/p>\n<p class=\" wall-content\">Les policiers sont alert\u00e9s de la situation avec un \u00e9l\u00e9ment crucial : la plaque d\u2019immatriculation de la Peugeot. Et environ une heure plus tard, vers 4 h 30 du matin, le v\u00e9hicule est rep\u00e9r\u00e9 par des agents de la brigade anticriminalit\u00e9 (BAC) sur le <a href=\"https:\/\/actu.fr\/tag\/peripherique-laurent-bonnevay\" target=\"_blank\" rel=\"noopener\">p\u00e9riph\u00e9rique Laurent Bonnevay<\/a>.<\/p>\n<p class=\" wall-content\">Une course-poursuite \u00e0 tombeaux ouverts se d\u00e9roule, avec un chauffard qui a pris <strong>tous les risques<\/strong> pour tenter d\u2019\u00e9chapper \u00e0 l\u2019arrestation. Des renforts ont rapidement rejoint le dangereux cort\u00e8ge.<\/p>\n<p>Cinq interpell\u00e9s, trois policiers bless\u00e9s<\/p>\n<p class=\" wall-content\">Toujours selon les informations d\u2019actu Lyon, la course-poursuite a pris fin avec une <strong>sortie de piste<\/strong> du conducteur soup\u00e7onn\u00e9 d\u2019\u00eatre impliqu\u00e9 dans le home-jacking plus t\u00f4t dans le 5e.<\/p>\n<p class=\" wall-content\">La 208 s\u2019est immobilis\u00e9e sur un terre-plein central, sur le boulevard du 11 novembre 1918 \u00e0 <a href=\"https:\/\/actu.fr\/auvergne-rhone-alpes\/villeurbanne_69266\" target=\"_blank\" rel=\"noopener\">Villeurbanne<\/a>, permettant aux forces de l\u2019ordre d\u2019interpeller les fuyards.<\/p>\n<p class=\" wall-content\">Des arrestations de cinq personnes, quatre hommes <strong>\u00e2g\u00e9s de 18 \u00e0 22 ans<\/strong> et une jeune femme, qui se sont mal pass\u00e9es puisque trois fonctionnaires ont \u00e9t\u00e9 l\u00e9g\u00e8rement bless\u00e9s.<\/p>\n<p class=\" wall-content\">Une enqu\u00eate est en cours.<\/p>\n<p class=\" wall-content\">Suivez toute l\u2019actualit\u00e9 de vos villes et m\u00e9dias favoris en vous inscrivant \u00e0 <a href=\"https:\/\/moncompte.actu.fr\" title=\"D\u00e9couvez Mon Actu\" rel=\"nofollow noopener\" data-trk=\"{&quot;cta&quot;:{&quot;action&quot;:&quot;https:\\\/\\\/moncompte.actu.fr&quot;,&quot;category&quot;:&quot;mon compte&quot;,&quot;from&quot;:&quot;article footer&quot;,&quot;name&quot;:&quot;Mon actu&quot;,&quot;type&quot;:&quot;cta&quot;}}\" target=\"_blank\">Mon Actu<\/a>.<\/p>\n","protected":false},"excerpt":{"rendered":"Par Julien Damboise Publi\u00e9 le 15 mai 2025 \u00e0 17h50 INFO ACTU LYON. Un violent home-jacking a eu&hellip;\n","protected":false},"author":2,"featured_media":102383,"comment_status":"","ping_status":"","sticky":false,"template":"","format":"standard","meta":{"footnotes":""},"categories":[1889],"tags":[1111,11,2430,1777,674,118,1011,27,9816,2428,12,4013,2852,25],"class_list":{"0":"post-102382","1":"post","2":"type-post","3":"status-publish","4":"format-standard","5":"has-post-thumbnail","7":"category-lyon","8":"tag-actu","9":"tag-actualites","10":"tag-auvergne-rhone-alpes","11":"tag-eu","12":"tag-europe","13":"tag-faits-divers","14":"tag-fr","15":"tag-france","16":"tag-home-jacking","17":"tag-lyon","18":"tag-news","19":"tag-peripherique","20":"tag-refus-dobtemperer","21":"tag-republique-francaise"},"share_on_mastodon":{"url":"https:\/\/pubeurope.com\/@fr\/114512902528549045","error":""},"_links":{"self":[{"href":"https:\/\/www.europesays.com\/fr\/wp-json\/wp\/v2\/posts\/102382","targetHints":{"allow":["GET"]}}],"collection":[{"href":"https:\/\/www.europesays.com\/fr\/wp-json\/wp\/v2\/posts"}],"about":[{"href":"https:\/\/www.europesays.com\/fr\/wp-json\/wp\/v2\/types\/post"}],"author":[{"embeddable":true,"href":"https:\/\/www.europesays.com\/fr\/wp-json\/wp\/v2\/users\/2"}],"replies":[{"embeddable":true,"href":"https:\/\/www.europesays.com\/fr\/wp-json\/wp\/v2\/comments?post=102382"}],"version-history":[{"count":0,"href":"https:\/\/www.europesays.com\/fr\/wp-json\/wp\/v2\/posts\/102382\/revisions"}],"wp:featuredmedia":[{"embeddable":true,"href":"https:\/\/www.europesays.com\/fr\/wp-json\/wp\/v2\/media\/102383"}],"wp:attachment":[{"href":"https:\/\/www.europesays.com\/fr\/wp-json\/wp\/v2\/media?parent=102382"}],"wp:term":[{"taxonomy":"category","embeddable":true,"href":"https:\/\/www.europesays.com\/fr\/wp-json\/wp\/v2\/categories?post=102382"},{"taxonomy":"post_tag","embeddable":true,"href":"https:\/\/www.europesays.com\/fr\/wp-json\/wp\/v2\/tags?post=102382"}],"curies":[{"name":"wp","href":"https:\/\/api.w.org\/{rel}","templated":true}]}}