{"id":102388,"date":"2025-05-15T16:58:15","date_gmt":"2025-05-15T16:58:15","guid":{"rendered":"https:\/\/www.europesays.com\/fr\/102388\/"},"modified":"2025-05-15T16:58:15","modified_gmt":"2025-05-15T16:58:15","slug":"ile-de-france-le-trafic-a-laeroport-dorly-depasse-lavant-covid-roissy-sen-rapproche","status":"publish","type":"post","link":"https:\/\/www.europesays.com\/fr\/102388\/","title":{"rendered":"Ile-de-France : le trafic \u00e0 l&rsquo;a\u00e9roport d&rsquo;Orly d\u00e9passe l&rsquo;avant-Covid, Roissy s&rsquo;en rapproche"},"content":{"rendered":"\n<p>L\u2019a\u00e9roport de Paris-Orly au sud de Paris et celui de Paris-CDG au nord, ont accueilli respectivement 3,234 et 6,053 millions de passagers en avril, soit des hausses de 7,5% et de 5,3% par rapport au mois \u00e9quivalent de 2024.<\/p>\n<p>Avec ces progressions, l\u2019a\u00e9roport de Paris-CDG accueille 93,2% du trafic qu\u2019il r\u00e9alisait en avril 2019, tandis qu\u2019Orly a d\u00e9pass\u00e9 ce seuil, avec un trafic \u00e9quivalent \u00e0 109,7% celui d\u2019avril 2019.<\/p>\n<p>En cumul\u00e9 depuis le d\u00e9but de l\u2019ann\u00e9e, les deux grandes plateformes a\u00e9riennes desservant Paris ont accueilli 32,25 millions de passagers au total, soit une hausse de 5% par rapport \u00e0 la m\u00eame p\u00e9riode de 2024, et un trafic \u00e9quivalent \u00e0 97,3% celui d\u2019avant-covid sur les quatre premiers mois de 2019.<\/p>\n<p>Toutes les directions progressent, sauf les liaisons a\u00e9riennes int\u00e9rieures en France m\u00e9tropolitaine (trafic en baise de 0,3% en avril, et -2,7% en cumul\u00e9 depuis janvier par rapport \u00e0 la m\u00eame p\u00e9riode de 2024).<\/p>\n<p>En avril, les plus fortes progressions de trafic sont perceptibles sur l\u2019Am\u00e9rique Latine (+14,7%) et sur le Moyen Orient (+14,4%).<\/p>\n<p>Le mois dernier, le trafic des a\u00e9roports parisiens vers l\u2019Am\u00e9rique du Nord n\u2019a progress\u00e9 que de 6,4% en nombre de passagers, et il est d\u00e9sormais sup\u00e9rieur \u00e0 ce qu\u2019il \u00e9tait avant-covid, alors qu\u2019il n\u2019a pas encore compl\u00e8tement rattrap\u00e9 le niveau d\u2019avant crise sanitaire sur l\u2019Am\u00e9rique Latine (91,3% du trafic d\u2019avril 2019) et le Moyen Orient (97,6%).<\/p>\n<p>Vers les seuls Etats-Unis, le trafic a continu\u00e9 de progresser de 6,6% en avril par rapport \u00e0 avril 2024, et de 3% de janvier \u00e0 avril compar\u00e9 aux quatre premiers mois de 2024, a pr\u00e9cis\u00e9 ADP \u00e0 l\u2019AFP.<\/p>\n","protected":false},"excerpt":{"rendered":"L\u2019a\u00e9roport de Paris-Orly au sud de Paris et celui de Paris-CDG au nord, ont accueilli respectivement 3,234 et&hellip;\n","protected":false},"author":2,"featured_media":102389,"comment_status":"","ping_status":"","sticky":false,"template":"","format":"standard","meta":{"footnotes":""},"categories":[1592],"tags":[1111,11,10820,7675,663,659,10046,14181,1777,674,1011,27,662,12,16483,626,21842,25],"class_list":{"0":"post-102388","1":"post","2":"type-post","3":"status-publish","4":"format-standard","5":"has-post-thumbnail","7":"category-ile-de-france","8":"tag-actu","9":"tag-actualites","10":"tag-adp","11":"tag-aerien","12":"tag-aeroport","13":"tag-aeroport-dorly","14":"tag-aeroports-de-paris","15":"tag-crise-sanitaire","16":"tag-eu","17":"tag-europe","18":"tag-fr","19":"tag-france","20":"tag-ile-de-france","21":"tag-news","22":"tag-orly","23":"tag-paris","24":"tag-paris-orly","25":"tag-republique-francaise"},"share_on_mastodon":{"url":"https:\/\/pubeurope.com\/@fr\/114512914259764162","error":""},"_links":{"self":[{"href":"https:\/\/www.europesays.com\/fr\/wp-json\/wp\/v2\/posts\/102388","targetHints":{"allow":["GET"]}}],"collection":[{"href":"https:\/\/www.europesays.com\/fr\/wp-json\/wp\/v2\/posts"}],"about":[{"href":"https:\/\/www.europesays.com\/fr\/wp-json\/wp\/v2\/types\/post"}],"author":[{"embeddable":true,"href":"https:\/\/www.europesays.com\/fr\/wp-json\/wp\/v2\/users\/2"}],"replies":[{"embeddable":true,"href":"https:\/\/www.europesays.com\/fr\/wp-json\/wp\/v2\/comments?post=102388"}],"version-history":[{"count":0,"href":"https:\/\/www.europesays.com\/fr\/wp-json\/wp\/v2\/posts\/102388\/revisions"}],"wp:featuredmedia":[{"embeddable":true,"href":"https:\/\/www.europesays.com\/fr\/wp-json\/wp\/v2\/media\/102389"}],"wp:attachment":[{"href":"https:\/\/www.europesays.com\/fr\/wp-json\/wp\/v2\/media?parent=102388"}],"wp:term":[{"taxonomy":"category","embeddable":true,"href":"https:\/\/www.europesays.com\/fr\/wp-json\/wp\/v2\/categories?post=102388"},{"taxonomy":"post_tag","embeddable":true,"href":"https:\/\/www.europesays.com\/fr\/wp-json\/wp\/v2\/tags?post=102388"}],"curies":[{"name":"wp","href":"https:\/\/api.w.org\/{rel}","templated":true}]}}