{"id":102392,"date":"2025-05-15T17:00:13","date_gmt":"2025-05-15T17:00:13","guid":{"rendered":"https:\/\/www.europesays.com\/fr\/102392\/"},"modified":"2025-05-15T17:00:13","modified_gmt":"2025-05-15T17:00:13","slug":"psg-inter-milan-une-grande-partie-du-pays-sera-derriere-paris-selon-blaise-matuidi","status":"publish","type":"post","link":"https:\/\/www.europesays.com\/fr\/102392\/","title":{"rendered":"PSG &#8211; Inter Milan : \u00ab Une grande partie du pays \u00bb sera derri\u00e8re Paris selon Blaise Matuidi"},"content":{"rendered":"<p class=\"paragraph text_align_left\">Le champion du monde 2018 <a href=\"https:\/\/www.leparisien.fr\/sports\/football\/donner-aux-autres-a-mon-tour-a-nanterre-blaise-matuidi-accompagne-les-enfants-avec-sa-plateforme-playse-12-06-2024-TNZNJHJROVBKDA25J3M6DJNOJI.php\" target=\"_self\" rel=\"nofollow noopener\">Blaise Matuidi<\/a> s\u2019est exprim\u00e9 depuis le Paraguay et le 75e Congr\u00e8s de la FIFA sur la finale de la <a href=\"https:\/\/www.leparisien.fr\/sports\/football\/ligue-des-champions\/\" target=\"_self\" rel=\"nofollow noopener\">Ligue des champions<\/a> entre le <a href=\"https:\/\/www.leparisien.fr\/sports\/football\/psg\/\" target=\"_self\" rel=\"nofollow noopener\">PSG<\/a> et l\u2019Inter Milan (samedi 31 mai, 21h00). Lui qui a remport\u00e9 plus de 15 titres avec le club parisien entre 2011 et 2017, met en avant la ferveur populaire dont va b\u00e9n\u00e9ficier le club fran\u00e7ais: \u00ab Ils vont avoir toute une ville derri\u00e8re eux et m\u00eame, je crois, une grande partie du pays et je pense que \u00e7a va fonctionner \u00bb, a-t-il d\u00e9clar\u00e9. <\/p>\n<p class=\"lp-f-ui-06 bet-widget_legal-notices lp-color-text-muted lp-mb-07\">LES JEUX D&rsquo;ARGENT ET DE HASARD PEUVENT \u00caTRE DANGEREUX : PERTES D&rsquo;ARGENT, CONFLITS FAMILIAUX, ADDICTION\u2026 RETROUVEZ NOS CONSEILS SUR <a href=\"https:\/\/joueurs-info-service.fr\/\" class=\"lp-color-text-muted\" rel=\"nofollow noopener\" target=\"_blank\">JOUEURS-INFO-SERVICE.FR<\/a> (09 74 75 13 13 &#8211; APPEL NON SURTAX\u00c9)<\/p>\n<p class=\"paragraph text_align_left\">Convaincu que le Paris Saint-Germain peut remporter sa premi\u00e8re coupe aux grandes oreilles, \u00ab Blaisou \u00bb a lou\u00e9 la r\u00e9gularit\u00e9 des joueurs parisiens, qui ont selon lui \u00ab d\u00e9montr\u00e9 d\u00e8s le d\u00e9but de cette comp\u00e9tition qu\u2019ils ont des chances de la gagner. \u00bb Le retrait\u00e9 a notamment vant\u00e9 les qualit\u00e9s du coach <a href=\"https:\/\/www.leparisien.fr\/sports\/football\/psg\/cadres-au-repos-et-carte-jeunes-le-grand-puzzle-de-luis-enrique-pour-etre-au-top-en-finales-10-05-2025-3UFCS3AIN5A5BMDM2SZAXO47SY.php\" target=\"_self\" rel=\"nofollow noopener\">Luis Enrique<\/a>, \u00ab il l\u2019a d\u00e9j\u00e0 fait avec Barcelone (avec qui il a remport\u00e9 la LDC en 2015, ndlr) et l\u2019\u00e9quipe nationale espagnole, aujourd\u2019hui on le voit avec le PSG \u00bb explique-t-il. C\u2019est un grand entra\u00eeneur, il sait comment construire un groupe. \u00bb <\/p>\n<p class=\"paragraph text_align_left\">L\u2019ancien milieu infatigable a aussi eu quelques mots sur \u00ab la saison extraordinaire \u00bb d\u2019<a href=\"https:\/\/www.leparisien.fr\/sports\/football\/ousmane-dembele\/\" target=\"_self\" rel=\"nofollow noopener\">Ousmane Demb\u00e9l\u00e9<\/a>, en lice pour le Ballon d\u2019Or. \u00ab Son talent, tout le monde le conna\u00eet, mais aujourd\u2019hui il est efficace, c\u2019est ce qui fait la diff\u00e9rence. \u00bb Auteur de 33 buts en 46 matchs toute comp\u00e9titions confondues, Demb\u00e9l\u00e9 r\u00e9alise une saison record dans sa carri\u00e8re. <\/p>\n<p class=\"paragraph text_align_left\">Mais l\u2019ancien milieu de la Juventus a n\u00e9anmoins insist\u00e9 sur les qualit\u00e9s <a href=\"https:\/\/www.leparisien.fr\/sports\/football\/ligue-des-champions\/inter-milan-fc-barcelone-4-3-ap-linter-au-bout-du-suspense-et-du-bonheur-06-05-2025-WZCXSHRRPFEPBHDBMFKLQQG63I.php\" target=\"_self\" rel=\"nofollow noopener\">de l\u2019Inter Milan<\/a>, un \u00ab adversaire tr\u00e8s fort \u00bb, avec une plus grande exp\u00e9rience. \u00ab Une \u00e9quipe italienne bien organis\u00e9e qui est aussi capable de marquer beaucoup de buts, comme elle l\u2019a d\u00e9montr\u00e9 contre Barcelone \u00bb, a-t-il ajout\u00e9. Chouchou du Parc des Princes durant son passage dans la capitale, Matuidi a conclu en disant esp\u00e9rer \u00ab un grand match de football, avec une victoire de Paris \u00bb.<\/p>\n","protected":false},"excerpt":{"rendered":"Le champion du monde 2018 Blaise Matuidi s\u2019est exprim\u00e9 depuis le Paraguay et le 75e Congr\u00e8s de la&hellip;\n","protected":false},"author":2,"featured_media":102393,"comment_status":"","ping_status":"","sticky":false,"template":"","format":"standard","meta":{"footnotes":""},"categories":[1888],"tags":[1111,1928,11,1927,1777,674,63,1011,27,447,12,1926,626,1925,25,60],"class_list":{"0":"post-102392","1":"post","2":"type-post","3":"status-publish","4":"format-standard","5":"has-post-thumbnail","7":"category-paris","8":"tag-actu","9":"tag-actu-paris","10":"tag-actualites","11":"tag-actualites-paris","12":"tag-eu","13":"tag-europe","14":"tag-football","15":"tag-fr","16":"tag-france","17":"tag-ligue-des-champions","18":"tag-news","19":"tag-news-paris","20":"tag-paris","21":"tag-paris-news","22":"tag-republique-francaise","23":"tag-sports"},"share_on_mastodon":{"url":"https:\/\/pubeurope.com\/@fr\/114512922150796663","error":""},"_links":{"self":[{"href":"https:\/\/www.europesays.com\/fr\/wp-json\/wp\/v2\/posts\/102392","targetHints":{"allow":["GET"]}}],"collection":[{"href":"https:\/\/www.europesays.com\/fr\/wp-json\/wp\/v2\/posts"}],"about":[{"href":"https:\/\/www.europesays.com\/fr\/wp-json\/wp\/v2\/types\/post"}],"author":[{"embeddable":true,"href":"https:\/\/www.europesays.com\/fr\/wp-json\/wp\/v2\/users\/2"}],"replies":[{"embeddable":true,"href":"https:\/\/www.europesays.com\/fr\/wp-json\/wp\/v2\/comments?post=102392"}],"version-history":[{"count":0,"href":"https:\/\/www.europesays.com\/fr\/wp-json\/wp\/v2\/posts\/102392\/revisions"}],"wp:featuredmedia":[{"embeddable":true,"href":"https:\/\/www.europesays.com\/fr\/wp-json\/wp\/v2\/media\/102393"}],"wp:attachment":[{"href":"https:\/\/www.europesays.com\/fr\/wp-json\/wp\/v2\/media?parent=102392"}],"wp:term":[{"taxonomy":"category","embeddable":true,"href":"https:\/\/www.europesays.com\/fr\/wp-json\/wp\/v2\/categories?post=102392"},{"taxonomy":"post_tag","embeddable":true,"href":"https:\/\/www.europesays.com\/fr\/wp-json\/wp\/v2\/tags?post=102392"}],"curies":[{"name":"wp","href":"https:\/\/api.w.org\/{rel}","templated":true}]}}