{"id":102396,"date":"2025-05-15T17:02:12","date_gmt":"2025-05-15T17:02:12","guid":{"rendered":"https:\/\/www.europesays.com\/fr\/102396\/"},"modified":"2025-05-15T17:02:12","modified_gmt":"2025-05-15T17:02:12","slug":"paris-la-vasque-olympique-accessible-a-tous-a-partir-du-21-juin","status":"publish","type":"post","link":"https:\/\/www.europesays.com\/fr\/102396\/","title":{"rendered":"Paris. La vasque olympique accessible \u00e0 tous \u00e0 partir du 21 juin"},"content":{"rendered":"<p>Pendant les trois prochains \u00e9t\u00e9s, <a href=\"https:\/\/www.ledauphine.com\/jeux-olympiques\/2024\/12\/26\/vasque-anneaux-olympiques-les-symboles-des-jeux-bientot-de-retour\" target=\"_blank\" rel=\"noopener\">la vasque olympique qui r\u00e9investira le jardin des Tuileries<\/a> sera accessible librement aux badauds et touristes, a d\u00e9taill\u00e9 jeudi la pr\u00e9fecture de la r\u00e9gion Ile-de-France, aux cot\u00e9s d&rsquo;EDF, du Louvre et de son designer Mathieu Lehanneur. Elle ne sera ni tout \u00e0 fait la m\u00eame, ni tout \u00e0 fait une autre.<\/p>\n<p>Le ballon a \u00e9t\u00e9 refait ainsi que l&rsquo;anneau et elle s&rsquo;envolera chaque soir si la m\u00e9t\u00e9o le permet du 21 juin au 14 septembre. Cette vasque originale fa\u00e7on montgolfi\u00e8re, \u00e0 la flamme \u00e9lectrique, avait attir\u00e9 des centaines de milliers de personnes pendant les Jeux olympiques et paralympiques, et il fallait r\u00e9server pour l&rsquo;admirer de pr\u00e8s.<\/p>\n<p>  Flamme \u00ab 100% \u00e9lectrique \u00bb<\/p>\n<p>\u00ab Nous sommes tr\u00e8s fiers de ce retour \u00bb, a expliqu\u00e9 Kim Pham, administrateur du Louvre, qui a pr\u00e9cis\u00e9 que le jardin des Tuileries fermera le soir apr\u00e8s 22h30, et un peu plus t\u00f4t au mois d&rsquo;ao\u00fbt, quand elle s&rsquo;\u00e9l\u00e8vera \u00e0 60 m\u00e8tres de hauteur dans le ciel de Paris. \u00ab R\u00e9installation p\u00e9renne mais pas compl\u00e9tement, c&rsquo;est la meilleure option qu&rsquo;on pouvait trouver \u00bb, s&rsquo;est r\u00e9joui le cr\u00e9ateur de la vasque, aussi designer de la torche olympique, Mathieu Lehanneur.<\/p>\n<p>La flamme est toujours \u00ab 100% \u00e9lectrique \u00bb, avec projecteurs Led et brumisateurs, a ajout\u00e9 Pierre Viriot, directeur de la communication d&rsquo;EDF. Mais contrairement \u00e0 l&rsquo;ann\u00e9e derni\u00e8re, elle sera \u00e9teinte la nuit. Mathieu Gobbi, directeur g\u00e9n\u00e9ral de la soci\u00e9t\u00e9 A\u00e9rophile qui a pilot\u00e9 l&rsquo;engin avec les \u00e9quipes chaque soir l&rsquo;\u00e9t\u00e9 dernier, pr\u00e9vient qu&rsquo;il y aura un peu moins de suspens cette ann\u00e9e. Le site vasqueparis2024.fr pr\u00e9viendra du programme et d&rsquo;\u00e9ventuels al\u00e9as m\u00e9t\u00e9o.<\/p>\n<p>Le reconstruction du ballon et de l&rsquo;anneau, et son fonctionnement pendant trois \u00e9t\u00e9s, sont financ\u00e9s par le comit\u00e9 d&rsquo;organisation des JO et EDF, a pr\u00e9cis\u00e9 Marc Guillaume, pr\u00e9fet de la r\u00e9gion Ile-de-France. Cette nouvelle version de la vasque co\u00fbte 2,5 millions d&rsquo;euros, et son fonctionnement 2,5 millions d&rsquo;euros par \u00e9t\u00e9 pour 250 jours de service au total. Son installation d\u00e9butera fin mai.<\/p>\n","protected":false},"excerpt":{"rendered":"Pendant les trois prochains \u00e9t\u00e9s, la vasque olympique qui r\u00e9investira le jardin des Tuileries sera accessible librement aux&hellip;\n","protected":false},"author":2,"featured_media":102397,"comment_status":"","ping_status":"","sticky":false,"template":"","format":"standard","meta":{"footnotes":""},"categories":[1888],"tags":[11,1687,1777,674,107,1701,1011,27,329,3996,12,626,25,517,1947],"class_list":{"0":"post-102396","1":"post","2":"type-post","3":"status-publish","4":"format-standard","5":"has-post-thumbnail","7":"category-paris","8":"tag-actualites","9":"tag-culture-loisirs","10":"tag-eu","11":"tag-europe","12":"tag-fil-info","13":"tag-fil-info-sport","14":"tag-fr","15":"tag-france","16":"tag-france-monde","17":"tag-jeux-olympiques","18":"tag-news","19":"tag-paris","20":"tag-republique-francaise","21":"tag-sport","22":"tag-sport-national"},"share_on_mastodon":{"url":"https:\/\/pubeurope.com\/@fr\/114512929985938704","error":""},"_links":{"self":[{"href":"https:\/\/www.europesays.com\/fr\/wp-json\/wp\/v2\/posts\/102396","targetHints":{"allow":["GET"]}}],"collection":[{"href":"https:\/\/www.europesays.com\/fr\/wp-json\/wp\/v2\/posts"}],"about":[{"href":"https:\/\/www.europesays.com\/fr\/wp-json\/wp\/v2\/types\/post"}],"author":[{"embeddable":true,"href":"https:\/\/www.europesays.com\/fr\/wp-json\/wp\/v2\/users\/2"}],"replies":[{"embeddable":true,"href":"https:\/\/www.europesays.com\/fr\/wp-json\/wp\/v2\/comments?post=102396"}],"version-history":[{"count":0,"href":"https:\/\/www.europesays.com\/fr\/wp-json\/wp\/v2\/posts\/102396\/revisions"}],"wp:featuredmedia":[{"embeddable":true,"href":"https:\/\/www.europesays.com\/fr\/wp-json\/wp\/v2\/media\/102397"}],"wp:attachment":[{"href":"https:\/\/www.europesays.com\/fr\/wp-json\/wp\/v2\/media?parent=102396"}],"wp:term":[{"taxonomy":"category","embeddable":true,"href":"https:\/\/www.europesays.com\/fr\/wp-json\/wp\/v2\/categories?post=102396"},{"taxonomy":"post_tag","embeddable":true,"href":"https:\/\/www.europesays.com\/fr\/wp-json\/wp\/v2\/tags?post=102396"}],"curies":[{"name":"wp","href":"https:\/\/api.w.org\/{rel}","templated":true}]}}