{"id":1023999,"date":"2026-06-25T17:23:16","date_gmt":"2026-06-25T17:23:16","guid":{"rendered":"https:\/\/www.europesays.com\/fr\/1023999\/"},"modified":"2026-06-25T17:23:16","modified_gmt":"2026-06-25T17:23:16","slug":"meteo-quel-temps-fera-t-il-a-vandoeuvre-les-nancy-et-ses-environs-le-jeudi-25-juin-2026","status":"publish","type":"post","link":"https:\/\/www.europesays.com\/fr\/1023999\/","title":{"rendered":"M\u00e9t\u00e9o. Quel temps fera-t-il \u00e0 Vand\u0153uvre-l\u00e8s-Nancy et ses environs le jeudi 25 juin 2026 ?"},"content":{"rendered":"<p>La matin\u00e9e se d\u00e9roulera sous un ciel constamment d\u00e9gag\u00e9, sans \u00e9volution notable de la n\u00e9bulosit\u00e9. Les temp\u00e9ratures resteront \u00e9lev\u00e9es d\u00e8s l\u2019aube, autour de 27 \u00b0C, puis augmenteront de mani\u00e8re r\u00e9guli\u00e8re pour atteindre environ 34 \u00b0C en fin de matin\u00e9e. Le vent, d\u2019abord faible \u00e0 5 km\/h de Nord-Est, se renforcera pour atteindre 10 km\/h en provenance d\u2019Est, avec des rafales passant de 10 \u00e0 25 km\/h. Parall\u00e8lement, l\u2019humidit\u00e9 diminuera nettement au fil des heures.<\/p>\n<p>Dans le prolongement de cette matin\u00e9e d\u00e9j\u00e0 chaude, l\u2019apr\u00e8s-midi sera marqu\u00e9 par une forte chaleur, avec une temp\u00e9rature qui grimpera de 35 \u00b0C en d\u00e9but de p\u00e9riode pour atteindre jusqu\u2019\u00e0 38 \u00b0C, niveau qui se maintiendra ensuite. Le ciel, d\u2019abord parfaitement d\u00e9gag\u00e9, verra appara\u00eetre quelques nuages au fil des heures, sans devenir couvert. Le vent restera stable autour de 15 km\/h, venant d\u2019abord de l\u2019Est puis s\u2019orientant progressivement Est-Nord-Est, avec des rafales atteignant 35 km\/h aux heures les plus chaudes. L\u2019humidit\u00e9 reculera l\u00e9g\u00e8rement.<\/p>\n<p>Apr\u00e8s cette apr\u00e8s-midi br\u00fblante, la soir\u00e9e se d\u00e9roulera sous un ciel qui restera d\u00e9gag\u00e9 du d\u00e9but \u00e0 la fin, sans apparition notable de nuages. La chaleur persistera avec 38 \u00b0C en d\u00e9but de p\u00e9riode, avant une baisse progressive vers 35 \u00b0C en fin de soir\u00e9e. Le vent soufflera d\u2019abord de l\u2019Est-Nord-Est autour de 15 km\/h, avec des rafales pouvant atteindre 35 km\/h, puis s\u2019orientera progressivement vers l\u2019Est-Sud-Est en faiblissant pr\u00e8s de 10 km\/h, tandis que l\u2019humidit\u00e9 augmentera graduellement au fil des heures.<\/p>\n<p>Au cours de la nuit de vendredi, dans le prolongement de cette soir\u00e9e encore chaude, la chaleur restera marqu\u00e9e, avec des temp\u00e9ratures ne descendant que progressivement de 34 \u00b0C en d\u00e9but de nuit \u00e0 29 \u00b0C vers l\u2019aube. Le vent restera faible, oscillant entre 5 et 10 km\/h, avec des rafales pouvant atteindre 25 km\/h, et changera peu \u00e0 peu de direction, du Sud-Est vers l\u2019Est, puis l\u2019Est-Nord-Est, avant de revenir vers l\u2019Est-Sud-Est. Le ciel alternera entre passages nuageux, voile \u00e9lev\u00e9 et p\u00e9riodes d\u00e9gag\u00e9es. L\u2019humidit\u00e9 augmentera \u00e0 l\u2019approche du matin.<\/p>\n<p>Demain, dans le prolongement de cette nuit encore tr\u00e8s douce, la temp\u00e9rature \u00e9voluera de 28 \u00b0C en d\u00e9but de matin\u00e9e \u00e0 39 \u00b0C en fin d\u2019apr\u00e8s-midi. Le matin, le ciel sera d\u2019abord nuageux puis domin\u00e9 par un voile de nuages \u00e9lev\u00e9s, avec une humidit\u00e9 encore sensible. Le vent soufflera du Sud \u00e0 Sud-Sud-Ouest autour de 15 \u00e0 20 km\/h, avec des rafales atteignant 40 km\/h. \u00c0 partir de la mi-journ\u00e9e, l\u2019atmosph\u00e8re deviendra plus s\u00e8che, le ciel se d\u00e9gagera et le vent s\u2019orientera \u00e0 l\u2019Ouest en perdant un peu de vigueur.<\/p>\n<p><a href=\"https:\/\/www.ouest-france.fr\/meteo\/grand-est\/vandoeuvre-les-nancy-54500\/\" rel=\"nofollow noopener\" target=\"_blank\">Suivez la m\u00e9t\u00e9o de votre commune en temps r\u00e9el<\/a><\/p>\n<p>Ouest-France vous donne \u00e9galement la possibilit\u00e9 de conna\u00eetre la m\u00e9t\u00e9o de votre commune, heure par heure, sur notre page m\u00e9t\u00e9o d\u00e9di\u00e9e<\/p>\n","protected":false},"excerpt":{"rendered":"La matin\u00e9e se d\u00e9roulera sous un ciel constamment d\u00e9gag\u00e9, sans \u00e9volution notable de la n\u00e9bulosit\u00e9. Les temp\u00e9ratures resteront&hellip;\n","protected":false},"author":2,"featured_media":996772,"comment_status":"","ping_status":"","sticky":false,"template":"","format":"standard","meta":{"footnotes":"","_share_on_mastodon":"0"},"categories":[9635],"tags":[1111,11,11734,1777,674,1011,27,775,1702,9847,12,25,24495,5711],"class_list":["post-1023999","post","type-post","status-publish","format-standard","has-post-thumbnail","category-nancy","tag-actu","tag-actualites","tag-bois-de-haye","tag-eu","tag-europe","tag-fr","tag-france","tag-grand-est","tag-nancy","tag-neuves-maisons","tag-news","tag-republique-francaise","tag-richardmenil","tag-vandoeuvre-les-nancy"],"share_on_mastodon":{"url":"https:\/\/pubeurope.com\/@fr\/116811910821224941","error":""},"_links":{"self":[{"href":"https:\/\/www.europesays.com\/fr\/wp-json\/wp\/v2\/posts\/1023999","targetHints":{"allow":["GET"]}}],"collection":[{"href":"https:\/\/www.europesays.com\/fr\/wp-json\/wp\/v2\/posts"}],"about":[{"href":"https:\/\/www.europesays.com\/fr\/wp-json\/wp\/v2\/types\/post"}],"author":[{"embeddable":true,"href":"https:\/\/www.europesays.com\/fr\/wp-json\/wp\/v2\/users\/2"}],"replies":[{"embeddable":true,"href":"https:\/\/www.europesays.com\/fr\/wp-json\/wp\/v2\/comments?post=1023999"}],"version-history":[{"count":0,"href":"https:\/\/www.europesays.com\/fr\/wp-json\/wp\/v2\/posts\/1023999\/revisions"}],"wp:featuredmedia":[{"embeddable":true,"href":"https:\/\/www.europesays.com\/fr\/wp-json\/wp\/v2\/media\/996772"}],"wp:attachment":[{"href":"https:\/\/www.europesays.com\/fr\/wp-json\/wp\/v2\/media?parent=1023999"}],"wp:term":[{"taxonomy":"category","embeddable":true,"href":"https:\/\/www.europesays.com\/fr\/wp-json\/wp\/v2\/categories?post=1023999"},{"taxonomy":"post_tag","embeddable":true,"href":"https:\/\/www.europesays.com\/fr\/wp-json\/wp\/v2\/tags?post=1023999"}],"curies":[{"name":"wp","href":"https:\/\/api.w.org\/{rel}","templated":true}]}}