{"id":1024057,"date":"2026-06-25T17:55:19","date_gmt":"2026-06-25T17:55:19","guid":{"rendered":"https:\/\/www.europesays.com\/fr\/1024057\/"},"modified":"2026-06-25T17:55:19","modified_gmt":"2026-06-25T17:55:19","slug":"fashion-week-de-paris-givenchy-affine-son-tailoring-issey-miyake-offre-une-ode-au-bambou","status":"publish","type":"post","link":"https:\/\/www.europesays.com\/fr\/1024057\/","title":{"rendered":"Fashion Week de Paris : Givenchy affine son tailoring, Issey Miyake offre une ode au bambou"},"content":{"rendered":"<p class=\"article-content col-md-8 offset-md-1\">\n                                La cr\u00e9atrice britannique <a class=\"fnwAddLinks\" href=\"https:\/\/fr.fashionnetwork.com\/tags-sarah-burton\" title=\"Sarah Burton\" rel=\"nofollow noopener\" target=\"_blank\">Sarah Burton<\/a> a pr\u00e9sent\u00e9 jeudi \u00e0 l&rsquo;occasion de la semaine de la mode \u00e0 Paris sa toute premi\u00e8re collection masculine pour <a class=\"fnwAddLinks\" href=\"https:\/\/fr.fashionnetwork.com\/tags-givenchy\" title=\"Givenchy\" rel=\"nofollow noopener\" target=\"_blank\">Givenchy<\/a>, m\u00ealant sa ma\u00eetrise du tailoring \u00e0 l&rsquo;histoire de la maison de luxe fran\u00e7aise, avec un clin d&rsquo;oeil \u00e0 l&rsquo;acteur Timoth\u00e9e Chalamet.<\/p>\n<p><img decoding=\"async\" class=\"news-image\" style=\"width:100%;max-width:958px;\" src=\"https:\/\/www.europesays.com\/fr\/wp-content\/uploads\/2026\/06\/9ead.jpg\" alt=\"\" loading=\"lazy\"\/> Matthieu Guinebault\/FNW<\/p>\n<p>La styliste de 52 ans, qui avait d\u00e9j\u00e0 con\u00e7u des pi\u00e8ces masculines pour la marque, appara\u00eet pour la premi\u00e8re fois au programme officiel de la semaine de la mode masculine dans la capitale. Dans les locaux de la griffe, o\u00f9 avait lieu la pr\u00e9sentation, le vestiaire \u00e9tait divis\u00e9 en trois espaces. Un premier avec des costumes parfaitement coup\u00e9s \u00e0 double boutonnage, pantalons amples et chemises aux cols amovibles. Le cuir se trouve aussi dans la collection, notamment sous la forme de bomber et perfecto en cuirs bouilles ou lisses.\u00a0Plus surprenant : un polo ray\u00e9 noir et blanc, assorti d\u2019une fourlard bleu \u00e9lectrique, tous deux en cuir.<\/p>\n<p>Mais la saison est surtout marqu\u00e9e par les broderies, qui viennent transformer blousons synth\u00e9tiques, gilets en maille et manteau de laine en bouquet m\u00ealant le beige, l\u2019oranger et le rouge. Une orge partie de la collection se tourne vers le beige et le marron, occasionnant notamment un superbe manteau \u00e0 col en velours. Mais les pi\u00e8ces les plus m\u00e9morables son un blouson marron enti\u00e8rement brod\u00e9 de marguerites et de chrysanth\u00e8mes blanches, et un manteau ocre brod\u00e9 de glycines et pivoines. De quoi ravir les amoureux du savoir-faire.<\/p>\n<p><img decoding=\"async\" class=\"news-image\" style=\"width:100%;max-width:874px;\" src=\"https:\/\/www.europesays.com\/fr\/wp-content\/uploads\/2026\/06\/7f46.jpg\" alt=\"\" loading=\"lazy\"\/> Matthieu Guinebault\/FNW<\/p>\n<p class=\"col-md-8 offset-md-1 article-content--texte\">L&rsquo;une de ces tenues \u00e9tait accompagn\u00e9e d&rsquo;un pendentif avec trois personnages, l&rsquo;un d&rsquo;eux faisant r\u00e9f\u00e9rence au cr\u00e9ateur de la marque, <a class=\"fnwAddLinks\" href=\"https:\/\/fr.fashionnetwork.com\/tags-hubert-de-givenchy\" title=\"Hubert de Givenchy\" rel=\"nofollow noopener\" target=\"_blank\">Hubert de Givenchy<\/a> avec sa blouse blanche et ses lunettes dans la poche. Dans la deuxi\u00e8me section, des surv\u00eatements enti\u00e8rement en cuir, dans des bleu, jaune ou rose bonbon intenses.<\/p>\n<p>Dans la partie haute couture, le costume blanc immacul\u00e9 port\u00e9 par l&rsquo;acteur franco-am\u00e9ricain Timoth\u00e9e Chalamet \u00e0 la derni\u00e8re c\u00e9r\u00e9monie des Oscars \u00e9tait notamment expos\u00e9.<\/p>\n<p><img decoding=\"async\" class=\"news-image\" style=\"width:100%;max-width:958px;\" src=\"https:\/\/www.europesays.com\/fr\/wp-content\/uploads\/2026\/06\/92d5.jpg\" alt=\"\" loading=\"lazy\"\/> MG\/FNW<\/p>\n<p class=\"col-md-10 exergue\"><a class=\"fnwAddLinks\" href=\"https:\/\/fr.fashionnetwork.com\/tags-issey-miyake\" title=\"Issey Miyake\" rel=\"nofollow noopener\" target=\"_blank\">Issey Miyake<\/a><\/p>\n<p>La maison japonaise Issey Miyake a elle d\u00e9voil\u00e9 la derni\u00e8re collection de son label IM MEN, intitul\u00e9e \u00ab\u00a0In Praise of Bamboo Shadows\u00a0\u00bb, ode aux bambous et \u00e0 l&rsquo;ombre et la l\u00e9g\u00e8ret\u00e9 de leur feuillage, proposant des ensembles tr\u00e8s fluides, tr\u00e8s larges, parfois surdimensionn\u00e9s.<\/p>\n<p>Au sein du tiers-lieu C\u00e9sure, une quarantaine de mannequins ont d\u00e9fil\u00e9 dans des tons majoritairement sobres, d\u00e9butant par des tons blancs et noirs, avant de glisser vers des nuances de marron et de vert, sauge clair, anis ou sapin. Avec quelques tenues beaucoup plus color\u00e9es bleu roi ou rose fuschia.<\/p>\n<p>Le bambou est au coeur de cette collection, par ses couleurs mais aussi des techniques ou motifs: un long manteau ou un costume blancs aux ombres noires, des hauts semblant fabriqu\u00e9s \u00e0 partir de feuilles de bambous coll\u00e9es les unes aux autres laissant appara\u00eetre le corps, un pantalon motif tissage dans les tons marron ou encore deux longs manteaux ajour\u00e9s aux bandes horizontales et verticales tiss\u00e9es entre elles.<\/p>\n<p>\u00ab\u00a0Les silhouettes ondulent comme des vagues. Les lignes se superposent et se confondent. Figure et fond s&rsquo;entrelacent. Une pr\u00e9sence vacillante entre absence et r\u00e9el\u00a0\u00bb, pr\u00e9cise un communiqu\u00e9 de la ligne dirig\u00e9e par Sen Kawahara, Yuki Itakura et Nobutaka Kobayashi, trois membres du Miyake Design Studio.<\/p>\n<p>Parmi les rares couvre-chefs, des casquettes gavroche, des chapeaux coniques tombant au-niveau des yeux ou bien des tiges, rappelant celles des bambous, assembl\u00e9es pour former un large chapeau ont \u00e9t\u00e9 pr\u00e9sent\u00e9s.\n                            <\/p>\n<p>\n                                Tous droits de reproduction et de repr\u00e9sentation r\u00e9serv\u00e9s.<br \/>\u00a9 2026 FashionNetwork.com\n                            <\/p>\n","protected":false},"excerpt":{"rendered":"La cr\u00e9atrice britannique Sarah Burton a pr\u00e9sent\u00e9 jeudi \u00e0 l&rsquo;occasion de la semaine de la mode \u00e0 Paris&hellip;\n","protected":false},"author":2,"featured_media":1024058,"comment_status":"","ping_status":"","sticky":false,"template":"","format":"standard","meta":{"footnotes":"","_share_on_mastodon":"0"},"categories":[1888],"tags":[11,2424,537,2423,1777,674,1011,27,41071,106888,34569,2425,985,12,2298,626,24449,2426,2427,25,2421,56490,2422],"class_list":["post-1024057","post","type-post","status-publish","format-standard","has-post-thumbnail","category-paris","tag-actualites","tag-beaute","tag-contact","tag-cosmetiques","tag-eu","tag-europe","tag-fr","tag-france","tag-givenchy","tag-hubert-de-givenchy","tag-issey-miyake","tag-luxe","tag-mode","tag-news","tag-parfum","tag-paris","tag-paris-fashion-week","tag-professionnel","tag-professionnels","tag-republique-francaise","tag-reseau","tag-sarah-burton","tag-textile"],"share_on_mastodon":{"url":"https:\/\/pubeurope.com\/@fr\/116812036840620073","error":""},"_links":{"self":[{"href":"https:\/\/www.europesays.com\/fr\/wp-json\/wp\/v2\/posts\/1024057","targetHints":{"allow":["GET"]}}],"collection":[{"href":"https:\/\/www.europesays.com\/fr\/wp-json\/wp\/v2\/posts"}],"about":[{"href":"https:\/\/www.europesays.com\/fr\/wp-json\/wp\/v2\/types\/post"}],"author":[{"embeddable":true,"href":"https:\/\/www.europesays.com\/fr\/wp-json\/wp\/v2\/users\/2"}],"replies":[{"embeddable":true,"href":"https:\/\/www.europesays.com\/fr\/wp-json\/wp\/v2\/comments?post=1024057"}],"version-history":[{"count":0,"href":"https:\/\/www.europesays.com\/fr\/wp-json\/wp\/v2\/posts\/1024057\/revisions"}],"wp:featuredmedia":[{"embeddable":true,"href":"https:\/\/www.europesays.com\/fr\/wp-json\/wp\/v2\/media\/1024058"}],"wp:attachment":[{"href":"https:\/\/www.europesays.com\/fr\/wp-json\/wp\/v2\/media?parent=1024057"}],"wp:term":[{"taxonomy":"category","embeddable":true,"href":"https:\/\/www.europesays.com\/fr\/wp-json\/wp\/v2\/categories?post=1024057"},{"taxonomy":"post_tag","embeddable":true,"href":"https:\/\/www.europesays.com\/fr\/wp-json\/wp\/v2\/tags?post=1024057"}],"curies":[{"name":"wp","href":"https:\/\/api.w.org\/{rel}","templated":true}]}}