{"id":102458,"date":"2025-05-15T17:36:39","date_gmt":"2025-05-15T17:36:39","guid":{"rendered":"https:\/\/www.europesays.com\/fr\/102458\/"},"modified":"2025-05-15T17:36:39","modified_gmt":"2025-05-15T17:36:39","slug":"saint-etienne-lex-trader-jerome-kerviel-devant-les-decideurs-ligeriens","status":"publish","type":"post","link":"https:\/\/www.europesays.com\/fr\/102458\/","title":{"rendered":"Saint-\u00c9tienne. L\u2019ex-trader J\u00e9r\u00f4me Kerviel devant les d\u00e9cideurs lig\u00e9riens"},"content":{"rendered":"<p>L\u2019image est un peu \u00e9tonnante ce jeudi midi \u00e0 la Verri\u00e8re Fauriel. Devant la centaine de dirigeants en train de d\u00e9jeuner, r\u00e9unis \u00e0 l\u2019occasion des rendez-vous mensuels du club d\u2019affaires Loire Business Club, se tient un homme qu\u2019on aurait pu penser banni des milieux patronaux, ou du moins pas vraiment apte \u00e0 inspirer des dirigeants d\u2019entreprise.<\/p>\n<p>J\u00e9r\u00f4me Kerviel a, en effet, \u00e9t\u00e9 condamn\u00e9 en 2014 \u00e0 cinq ans de prison (dont trois ferme) et \u00e0 payer un million d\u2019euros de dommages et int\u00e9r\u00eats. L\u2019ex-trader de la Soci\u00e9t\u00e9 G\u00e9n\u00e9rale a \u00e9t\u00e9 reconnu coupable d\u2019avoir pris des positions d\u00e9raisonnables sur les march\u00e9s financiers et d\u2019avoir co\u00fbt\u00e9 \u00e0 sa banque, en 2008 (en pleine crise des subprimes), la coquette somme de 4,9\u00a0milliards d\u2019euros (sans enrichissement personnel). Il a purg\u00e9 sa peine de prison mais n\u2019a pas pay\u00e9 l\u2019amende, et travaille toujours \u00e0 la r\u00e9vision de son proc\u00e8s.<\/p>\n<p>  Une rencontre d\u00e9terminante avec le <a href=\"https:\/\/www.leprogres.fr\/p\/pape-francois\" target=\"_blank\" rel=\"nofollow noopener\">pape Fran\u00e7ois<\/a> en 2014<\/p>\n<p>\u00ab En r\u00e9alit\u00e9, coupable ou pas coupable, ce n\u2019est pas pour juger de cela que nous l\u2019avons invit\u00e9. Il \u00e9tait l\u00e0 pour partager son exp\u00e9rience de la gestion de crise, de la question de la r\u00e9silience\u00a0etc. Les dirigeants font face parfois \u00e0 des tr\u00e8s hauts et des tr\u00e8s bas, il \u00e9tait int\u00e9ressant de voir comment lui a r\u00e9ussi \u00e0 rebondir\u00a0\u00bb, explique Julien Muthelet, le manager du club.<\/p>\n<p>Et m\u00eame si, forc\u00e9ment, J\u00e9r\u00f4me Kerviel est revenu sur le fond de cette affaire, a expliqu\u00e9 sa version de ce qu\u2019il s\u2019est pass\u00e9, s\u2019il a r\u00e9affirm\u00e9 son innocence en \u00e9voquant de nouveau le \u00ab l\u00e2chage\u00a0\u00bb de sa hi\u00e9rarchie, s\u2019il a rappel\u00e9 la d\u00e9connexion des traders avec le r\u00e9el (avec des clics \u00ab \u00e0 coups de 250\u00a0millions d\u2019euros\u00a0\u00bb) et dont l\u2019ambition est de r\u00e9pondre au besoin de ces milieux de \u00ab faire toujours plus d\u2019argent\u00a0\u00bb, l\u2019ex-trader (devenu \u00e9crivain, sc\u00e9nariste, conf\u00e9rencier) a racont\u00e9 effectivement comment il a r\u00e9ussi \u00e0 remonter la pente.<\/p>\n<p>Un parcours difficile qui l\u2019a profond\u00e9ment, et visiblement, affect\u00e9. Devant les d\u00e9cideurs lig\u00e9riens, J\u00e9r\u00f4me Kerviel a ainsi racont\u00e9 toutes ces fois o\u00f9 il a pens\u00e9 tr\u00e8s s\u00e9rieusement au suicide. Mais aussi cette rencontre avec le Pape Fran\u00e7ois en 2014 qui lui a redonn\u00e9 \u00ab une \u00e9nergie folle, un espoir incroyable\u00a0\u00bb. Il a fait \u00e9tat de l\u2019importance vitale, dans ces moments de grande d\u00e9tresse, de s\u2019appuyer sur son entourage et de r\u00e9ussir \u00e0 se r\u00e9inventer professionnellement.<\/p>\n<p>S&rsquo;il le pouvait, est-ce qu&rsquo;il changerait quelque chose \u00e0 son parcours\u00a0? \u00ab Non. Mon parcours a construit l&rsquo;homme que je suis aujourd&rsquo;hui. Et je suis bien mieux dans mes baskets aujourd&rsquo;hui qu&rsquo;avant cette histoire. \u00bb<\/p>\n<p>Pour autant, il dit ne pas vouloir se r\u00e9signer \u00e0 cette condamnation. \u00ab Lorsque ma fille est n\u00e9e il y a sept ans, la question s&rsquo;est pos\u00e9e de savoir si elle devait porter mon nom, si je devais lui transmettre ce fardeau. Nous avons d\u00e9cid\u00e9 que oui. Mais cela m&rsquo;engage \u00e0 aller jusqu&rsquo;\u00e0 la r\u00e9habilitation, je ne tournerai pas la page sans avoir r\u00e9ussi. \u00bb<\/p>\n","protected":false},"excerpt":{"rendered":"L\u2019image est un peu \u00e9tonnante ce jeudi midi \u00e0 la Verri\u00e8re Fauriel. Devant la centaine de dirigeants en&hellip;\n","protected":false},"author":2,"featured_media":102459,"comment_status":"","ping_status":"","sticky":false,"template":"","format":"standard","meta":{"footnotes":""},"categories":[9653],"tags":[1111,11,2430,33,7539,1777,674,1011,27,3367,12,25,4001,7538,216],"class_list":{"0":"post-102458","1":"post","2":"type-post","3":"status-publish","4":"format-standard","5":"has-post-thumbnail","7":"category-saint-etienne","8":"tag-actu","9":"tag-actualites","10":"tag-auvergne-rhone-alpes","11":"tag-economie","12":"tag-edition-loire-sud","13":"tag-eu","14":"tag-europe","15":"tag-fr","16":"tag-france","17":"tag-loire","18":"tag-news","19":"tag-republique-francaise","20":"tag-saint-etienne","21":"tag-saint-etienne-ville","22":"tag-vie-des-entreprises"},"share_on_mastodon":{"url":"https:\/\/pubeurope.com\/@fr\/114513063645060425","error":""},"_links":{"self":[{"href":"https:\/\/www.europesays.com\/fr\/wp-json\/wp\/v2\/posts\/102458","targetHints":{"allow":["GET"]}}],"collection":[{"href":"https:\/\/www.europesays.com\/fr\/wp-json\/wp\/v2\/posts"}],"about":[{"href":"https:\/\/www.europesays.com\/fr\/wp-json\/wp\/v2\/types\/post"}],"author":[{"embeddable":true,"href":"https:\/\/www.europesays.com\/fr\/wp-json\/wp\/v2\/users\/2"}],"replies":[{"embeddable":true,"href":"https:\/\/www.europesays.com\/fr\/wp-json\/wp\/v2\/comments?post=102458"}],"version-history":[{"count":0,"href":"https:\/\/www.europesays.com\/fr\/wp-json\/wp\/v2\/posts\/102458\/revisions"}],"wp:featuredmedia":[{"embeddable":true,"href":"https:\/\/www.europesays.com\/fr\/wp-json\/wp\/v2\/media\/102459"}],"wp:attachment":[{"href":"https:\/\/www.europesays.com\/fr\/wp-json\/wp\/v2\/media?parent=102458"}],"wp:term":[{"taxonomy":"category","embeddable":true,"href":"https:\/\/www.europesays.com\/fr\/wp-json\/wp\/v2\/categories?post=102458"},{"taxonomy":"post_tag","embeddable":true,"href":"https:\/\/www.europesays.com\/fr\/wp-json\/wp\/v2\/tags?post=102458"}],"curies":[{"name":"wp","href":"https:\/\/api.w.org\/{rel}","templated":true}]}}