{"id":102500,"date":"2025-05-15T17:59:07","date_gmt":"2025-05-15T17:59:07","guid":{"rendered":"https:\/\/www.europesays.com\/fr\/102500\/"},"modified":"2025-05-15T17:59:07","modified_gmt":"2025-05-15T17:59:07","slug":"les-pistes-envisagees-pour-lavenir","status":"publish","type":"post","link":"https:\/\/www.europesays.com\/fr\/102500\/","title":{"rendered":"les pistes envisag\u00e9es pour l&rsquo;avenir"},"content":{"rendered":"<p>            Par<br \/>\n        <strong><br \/>\n            <a href=\"https:\/\/actu.fr\/auteur\/lea-afonso\" title=\"Consulter tous les articles de L\u00e9a Afonso\" target=\"_blank\" rel=\"noopener\">L\u00e9a Afonso<\/a><br \/>\n        <\/strong><\/p>\n<p>        Publi\u00e9 le<\/p>\n<p>            15 mai 2025 \u00e0 19h36        <\/p>\n<p>Paris l\u2019a fait, alors pourquoi pas nous\u2009? Les <a href=\"https:\/\/actu.fr\/toulouse\/\" target=\"_blank\" rel=\"noopener\">Toulousains<\/a> se souviennent de ces images de <a href=\"https:\/\/actu.fr\/ile-de-france\/paris_75056\/ca-y-est-anne-hidalgo-s-est-enfin-baignee-dans-la-seine_61363358.html\" target=\"_blank\" rel=\"noopener\">baignades dans la Seine lors des Jeux olympiques de Paris 2024<\/a>. Une vision qui pourrait donner des id\u00e9es et surtout des envies aux habitants de la Ville rose\u2026 pour <strong>se la couler douce dans la Garonne<\/strong>. Cela sera-t-il possible un jour\u2009? Ce jeudi 15\u00a0mai 2025, le maire de Toulouse, <strong>Jean-Luc Moudenc, n\u2019a pas \u00e9cart\u00e9 cette possibilit\u00e9. Les hypoth\u00e8ses envisag\u00e9es.<\/strong><\/p>\n<p>Jean-Luc Moudenc, pr\u00eat \u00e0 se baigner\u2009?<\/p>\n<p class=\" wall-content\">\u00ab\u2009J\u2019en r\u00eaverais\u2009! Ma m\u00e8re qui \u00e9tait n\u00e9e en 1929 me racontait que l\u2019on se baignait \u00e0 son \u00e9poque dans la Garonne. Mais malheureusement, au fil des ans, elle a \u00e9t\u00e9 <strong>pollu\u00e9e<\/strong> et puis les <strong>r\u00e9glementations<\/strong> ont \u00e9volu\u00e9\u2009\u00bb, conc\u00e8de le maire de la ville. Effectivement, <strong>depuis 1976<\/strong>, suite \u00e0 un arr\u00eat\u00e9, la <strong>baignade<\/strong> dans le fleuve est <strong>interdite<\/strong>, hors \u00e9v\u00e9nement ponctuel.<\/p>\n<p class=\" wall-content\">Fort de l\u2019envie des Toulousains, des <strong>\u00e9tudes<\/strong> sont cependant men\u00e9es r\u00e9guli\u00e8rement pour <strong>tester la qualit\u00e9 de l\u2019eau<\/strong>, comme\u00a0<a href=\"https:\/\/actu.fr\/occitanie\/toulouse_31555\/toulouse-la-baignade-dans-la-garonne-c-est-pour-quand_61370821.html\" target=\"_blank\" rel=\"noopener\">Actu Toulouse vous en parlait l\u2019an pass\u00e9.<\/a> Mais si l\u2019<strong>\u00e9t\u00e9 2025<\/strong> va faire des d\u00e9\u00e7us avec une nouvelle ann\u00e9e <strong>sans baignade dans la Garonne<\/strong>, diff\u00e9rentes possibilit\u00e9s se pr\u00e9cisent pour l\u2019avenir.<\/p>\n<p>Une baignade libre\u2009?<\/p>\n<p class=\" wall-content\">Face \u00e0 cet engouement grandissant, la mairie de Toulouse \u00e9labore plusieurs th\u00e9ories de baignade. \u00ab\u2009Si jamais on r\u00e9glementait le fait de s\u2019y baigner, cela pourrait \u00eatre<strong> selon les m\u00eames principes sanitaires et s\u00e9curitaires<\/strong> qui sont appliqu\u00e9s au <strong>lac de la Ram\u00e9e<\/strong> \u2014 <a href=\"https:\/\/actu.fr\/occitanie\/toulouse_31555\/nouveau-la-baignade-va-etre-autorisee-cet-ete-au-lac-de-la-ramee-pres-de-toulouse_3694068.html\" target=\"_blank\" rel=\"noopener\">lac dans lequel est autoris\u00e9e la baignade r\u00e9glement\u00e9e depuis juillet\u00a02016<\/a> \u2014. Mais ce ne sont pas les m\u00eames espaces, nous avons plus de contraintes dans la Garonne\u2009\u00bb, compl\u00e8te le maire.<\/p>\n<p class=\" wall-content\">En effet, d\u00e9limiter un espace comme la Garonne avec de simples bou\u00e9es, cela s\u2019av\u00e9rerait compliqu\u00e9 \u00e0 grande \u00e9chelle. Comment s\u2019adapter au courant du fleuve qui peut \u00eatre fort\u2009? \u00c0 quel endroit placer l\u2019espace de baignade\u2009? Comment atteindre la qualit\u00e9 de l\u2019eau requise par les normes sanitaires actuelles\u2009?\u2026 De nombreuses questions se posent encore.<\/p>\n<p>Un bassin dans la Garonne<\/p>\n<p class=\" wall-content\">Une autre piste plus hygi\u00e9nique est \u00e9tudi\u00e9e par la mairie de Toulouse, celle \u00ab\u2009d\u2019un <strong>bassin au sein d\u2019un bassin\u2009<\/strong>\u00bb. Concr\u00e8tement, \u00ab\u2009cela s\u2019apparenterait \u00e0 une <strong>infrastructure que l\u2019on plongerait dans la Garonne<\/strong>, et qui serait aliment\u00e9e en <strong>eau, ind\u00e9pendamment<\/strong> de celle du fleuve\u2009\u00bb, ajoute Jean-Luc Moudenc. Sauf qu\u2019un tel investissement ne serait pas sans co\u00fbts.<\/p>\n<p class=\" wall-content\">\u00ab\u2009Au-del\u00e0 du financement du bassin, il faut penser \u00e0 la gestion des flux, des files d\u2019attente, au monde dans le bassin d\u00fb \u00e0 l\u2019espace de nage limit\u00e9, aux contraintes\u2026 D\u2019autant qu\u2019avec ce type d\u2019\u00e9quipement, on enl\u00e8verait toute spontan\u00e9it\u00e9 de la baignade dans un fleuve\u2009\u00bb, ajoute le maire. Bien qu\u2019elle soit \u00e9tudi\u00e9e, cette hypoth\u00e8se ne semble pas convaincre.<\/p>\n<p>\u00ab\u2009Je ne vais pas faire croire des choses que l\u2019on ne peut pas faire\u2009\u00bb<\/p>\n<p class=\" wall-content\">Si pour le moment rien n\u2019est avanc\u00e9 au-del\u00e0 des \u00e9tudes, la baignade dans la Garonne demeure tout un m\u00eame un sujet qui attire les d\u00e9bats et qui donnent envie \u00e0 beaucoup de Toulousains. \u00ab\u2009<strong>On en r\u00eave tous<\/strong>, mais je ne vais pas faire croire des choses que l\u2019on ne peut pas faire\u2009\u00bb, conclu le maire de la ville. Affaire \u00e0 suivre donc\u2009!<\/p>\n<p class=\" wall-content\">Suivez toute l\u2019actualit\u00e9 de vos villes et m\u00e9dias favoris en vous inscrivant \u00e0 <a href=\"https:\/\/moncompte.actu.fr\" title=\"D\u00e9couvez Mon Actu\" rel=\"nofollow noopener\" data-trk=\"{&quot;cta&quot;:{&quot;action&quot;:&quot;https:\\\/\\\/moncompte.actu.fr&quot;,&quot;category&quot;:&quot;mon compte&quot;,&quot;from&quot;:&quot;article footer&quot;,&quot;name&quot;:&quot;Mon actu&quot;,&quot;type&quot;:&quot;cta&quot;}}\" target=\"_blank\">Mon Actu<\/a>.<\/p>\n","protected":false},"excerpt":{"rendered":"Par L\u00e9a Afonso Publi\u00e9 le 15 mai 2025 \u00e0 19h36 Paris l\u2019a fait, alors pourquoi pas nous\u2009? Les&hellip;\n","protected":false},"author":2,"featured_media":102501,"comment_status":"","ping_status":"","sticky":false,"template":"","format":"standard","meta":{"footnotes":""},"categories":[2816],"tags":[1111,11,1777,674,1011,27,5601,12,2680,25,104,2312,602],"class_list":{"0":"post-102500","1":"post","2":"type-post","3":"status-publish","4":"format-standard","5":"has-post-thumbnail","7":"category-toulouse","8":"tag-actu","9":"tag-actualites","10":"tag-eu","11":"tag-europe","12":"tag-fr","13":"tag-france","14":"tag-garonne","15":"tag-news","16":"tag-occitanie","17":"tag-republique-francaise","18":"tag-societe","19":"tag-toulouse","20":"tag-tourisme"},"share_on_mastodon":{"url":"https:\/\/pubeurope.com\/@fr\/114513154129900645","error":""},"_links":{"self":[{"href":"https:\/\/www.europesays.com\/fr\/wp-json\/wp\/v2\/posts\/102500","targetHints":{"allow":["GET"]}}],"collection":[{"href":"https:\/\/www.europesays.com\/fr\/wp-json\/wp\/v2\/posts"}],"about":[{"href":"https:\/\/www.europesays.com\/fr\/wp-json\/wp\/v2\/types\/post"}],"author":[{"embeddable":true,"href":"https:\/\/www.europesays.com\/fr\/wp-json\/wp\/v2\/users\/2"}],"replies":[{"embeddable":true,"href":"https:\/\/www.europesays.com\/fr\/wp-json\/wp\/v2\/comments?post=102500"}],"version-history":[{"count":0,"href":"https:\/\/www.europesays.com\/fr\/wp-json\/wp\/v2\/posts\/102500\/revisions"}],"wp:featuredmedia":[{"embeddable":true,"href":"https:\/\/www.europesays.com\/fr\/wp-json\/wp\/v2\/media\/102501"}],"wp:attachment":[{"href":"https:\/\/www.europesays.com\/fr\/wp-json\/wp\/v2\/media?parent=102500"}],"wp:term":[{"taxonomy":"category","embeddable":true,"href":"https:\/\/www.europesays.com\/fr\/wp-json\/wp\/v2\/categories?post=102500"},{"taxonomy":"post_tag","embeddable":true,"href":"https:\/\/www.europesays.com\/fr\/wp-json\/wp\/v2\/tags?post=102500"}],"curies":[{"name":"wp","href":"https:\/\/api.w.org\/{rel}","templated":true}]}}