{"id":102508,"date":"2025-05-15T18:03:09","date_gmt":"2025-05-15T18:03:09","guid":{"rendered":"https:\/\/www.europesays.com\/fr\/102508\/"},"modified":"2025-05-15T18:03:09","modified_gmt":"2025-05-15T18:03:09","slug":"a-marseille-les-travailleurs-sociaux-dans-la-rue-contre-une-reforme-du-secteur","status":"publish","type":"post","link":"https:\/\/www.europesays.com\/fr\/102508\/","title":{"rendered":"\u00e0 Marseille, les travailleurs sociaux dans la rue contre une r\u00e9forme du secteur"},"content":{"rendered":"<p>R\u00e9unis d\u2019abord en petit nombre \u00e0 l\u2019appel de la commission d\u2019action sociale de la CGT, ils \u00e9taient finalement plusieurs centaines de travailleurs sociaux \u00e0 manifester devant la pr\u00e9fecture des Bouches-du-Rh\u00f4ne, \u00e0 <a href=\"https:\/\/www.laprovence.com\/bouches-du-rhone\/marseille-13055\" target=\"_blank\" rel=\"noopener\">Marseille<\/a>, ce jeudi 15\u00a0mai au matin, pour exprimer leur refus \u00ab\u00a0d\u2019une casse sociale\u00a0\u00bb. Le gouvernement envisage une r\u00e9forme des dipl\u00f4mes du <a href=\"https:\/\/www.laprovence.com\/article\/region\/13386080885115\/educateurs-specialises-mediateurs-mobilises-a-marseille-pour-plus-de-moyens-humains-dans-le-secteur-medico-social\" target=\"_blank\" rel=\"noopener\">travail social<\/a> et n\u00e9gocie avec les syndicats la prochaine convention collective du secteur, dont plusieurs points ne passent pas chez les salari\u00e9s.<\/p>\n<p>Un dipl\u00f4me unique, une r\u00e9duction des cong\u00e9s et des pauses<\/p>\n<p>Au premier rang, Christian Barbe travaille dans l\u2019association Fouque (8e) pour aider les jeunes en difficult\u00e9 \u00e0 s\u2019ins\u00e9rer socialement. Il se dit \u00ab\u00a0constern\u00e9\u00a0\u00bb face au projet de r\u00e9forme des dipl\u00f4mes du travail social, qui pr\u00e9voit de \u00ab\u00a0mixer les dipl\u00f4mes existants pour en faire un statut unique et rendre les travailleurs sociaux substituables quel que soit le poste\u00a0\u00bb, critique-t-il.<\/p>\n<p>Un peu plus loin, C\u00e9cilia et Christelle sont salari\u00e9es de Sauvegarde 13, une association active dans la <a href=\"https:\/\/www.laprovence.com\/article\/faits-divers-justice\/193416408284915\/rapport-accablant-sur-la-protection-de-lenfance-nous-les-enfants-places-on-est-traites-comme-des-dossiers\" target=\"_blank\" rel=\"noopener\">protection de l\u2019enfance<\/a>. \u00ab\u00a0Notre m\u00e9tier est largement bas\u00e9 sur la convention collective de\u00a01966. Alors que cela fait des ann\u00e9es qu\u2019on pousse pour son maintien, le patronat veut y toucher pour r\u00e9duire nos cong\u00e9s trimestriels. Nous, au contraire, nous demandons \u00e0 en avoir davantage car on fr\u00f4le la fatigue professionnelle\u00a0\u00bb, confient-elles, tandis qu\u2019un travailleur social a droit \u00e0 18\u00a0jours de repos en plus de ses cong\u00e9s annuels.<\/p>\n<p>Axess, la conf\u00e9d\u00e9ration des employeurs des secteurs sanitaire, social et m\u00e9dico-social, pousserait quant \u00e0 elle pour passer \u00e0 six jours par an.<\/p>\n","protected":false},"excerpt":{"rendered":"R\u00e9unis d\u2019abord en petit nombre \u00e0 l\u2019appel de la commission d\u2019action sociale de la CGT, ils \u00e9taient finalement&hellip;\n","protected":false},"author":2,"featured_media":102509,"comment_status":"","ping_status":"","sticky":false,"template":"","format":"standard","meta":{"footnotes":""},"categories":[2814],"tags":[17,1111,11,10408,1777,674,1011,27,151,884,12,882,16,25,2812,2847,11444,96],"class_list":{"0":"post-102508","1":"post","2":"type-post","3":"status-publish","4":"format-standard","5":"has-post-thumbnail","7":"category-marseille","8":"tag-17","9":"tag-actu","10":"tag-actualites","11":"tag-casse","12":"tag-eu","13":"tag-europe","14":"tag-fr","15":"tag-france","16":"tag-les","17":"tag-marseille","18":"tag-news","19":"tag-provence-alpes-cote-dazur","20":"tag-region","21":"tag-republique-francaise","22":"tag-sociale","23":"tag-sociaux","24":"tag-travailleurs","25":"tag-une"},"share_on_mastodon":{"url":"https:\/\/pubeurope.com\/@fr\/114513170070158914","error":""},"_links":{"self":[{"href":"https:\/\/www.europesays.com\/fr\/wp-json\/wp\/v2\/posts\/102508","targetHints":{"allow":["GET"]}}],"collection":[{"href":"https:\/\/www.europesays.com\/fr\/wp-json\/wp\/v2\/posts"}],"about":[{"href":"https:\/\/www.europesays.com\/fr\/wp-json\/wp\/v2\/types\/post"}],"author":[{"embeddable":true,"href":"https:\/\/www.europesays.com\/fr\/wp-json\/wp\/v2\/users\/2"}],"replies":[{"embeddable":true,"href":"https:\/\/www.europesays.com\/fr\/wp-json\/wp\/v2\/comments?post=102508"}],"version-history":[{"count":0,"href":"https:\/\/www.europesays.com\/fr\/wp-json\/wp\/v2\/posts\/102508\/revisions"}],"wp:featuredmedia":[{"embeddable":true,"href":"https:\/\/www.europesays.com\/fr\/wp-json\/wp\/v2\/media\/102509"}],"wp:attachment":[{"href":"https:\/\/www.europesays.com\/fr\/wp-json\/wp\/v2\/media?parent=102508"}],"wp:term":[{"taxonomy":"category","embeddable":true,"href":"https:\/\/www.europesays.com\/fr\/wp-json\/wp\/v2\/categories?post=102508"},{"taxonomy":"post_tag","embeddable":true,"href":"https:\/\/www.europesays.com\/fr\/wp-json\/wp\/v2\/tags?post=102508"}],"curies":[{"name":"wp","href":"https:\/\/api.w.org\/{rel}","templated":true}]}}