{"id":102517,"date":"2025-05-15T18:08:09","date_gmt":"2025-05-15T18:08:09","guid":{"rendered":"https:\/\/www.europesays.com\/fr\/102517\/"},"modified":"2025-05-15T18:08:09","modified_gmt":"2025-05-15T18:08:09","slug":"paris-le-quai-aux-fleurs-vegetalise-un-debut-pour-la-transformation-de-lile-de-la-cite","status":"publish","type":"post","link":"https:\/\/www.europesays.com\/fr\/102517\/","title":{"rendered":"Paris : le quai aux Fleurs v\u00e9g\u00e9talis\u00e9, un d\u00e9but pour la \u00ab transformation \u00bb de l\u2019\u00cele de la Cit\u00e9"},"content":{"rendered":"<p class=\"paragraph text_align_left\">C\u2019est un premier pas vers une \u00eele de la Cit\u00e9 plus verte. Sur <a href=\"https:\/\/www.leparisien.fr\/faits-divers\/dans-le-metro-les-piscines-a-laquaboulevard-le-pere-de-famille-agressait-sexuellement-des-petites-filles-et-les-filmait-a-leur-insu-15-05-2025-RJ4FKFNSONHGZNBKJOVYUXEMPI.php\" target=\"_self\" rel=\"nofollow noopener\">le quai aux Fleurs <\/a>(IVe), \u00e0 deux pas de Notre-Dame, 30 arbres viennent d\u2019\u00eatre plant\u00e9s dans le cadre d\u2019un projet de pi\u00e9tonnisation et de v\u00e9g\u00e9talisation de ce tron\u00e7on de 300 m. Ce jeudi 15 mai, \u00e9lus, habitants et repr\u00e9sentants de la pr\u00e9fecture de police ont inaugur\u00e9 l\u2019am\u00e9nagement, finalis\u00e9 apr\u00e8s cinq mois de travaux.<\/p>\n<p class=\"paragraph text_align_left\">Les jeunes arbres, qui ne d\u00e9passent pas encore les 4 m de haut, pourraient atteindre \u00ab 15 \u00e0 20 m, d\u2019ici une dizaine d\u2019ann\u00e9es \u00bb, selon la Direction des espaces verts de la Ville. Et leur choix ne doit rien au hasard : des Fresnes de Pennsylvanie et les F\u00e9viers d\u2019Am\u00e9rique sont deux essences robustes, adapt\u00e9es \u00e0 l\u2019environnement urbain, r\u00e9sistantes au r\u00e9chauffement climatique ainsi qu\u2019aux maladies.<\/p>\n<p>Pour les v\u00e9los : 80 places de stationnements en plus<\/p>\n<p class=\"paragraph text_align_left\">Ce projet s\u2019inscrit dans \u00ab une transformation de cette cit\u00e9 administrative, froide, o\u00f9 des habitants vivent seulement aux deux extr\u00e9mit\u00e9s, en une cit\u00e9 plus habitable, plus v\u00e9g\u00e9tale \u00bb, assure Ariel Weil, le maire (PS) de Paris Centre.<\/p>\n<p class=\"paragraph text_align_left\">Quai aux fleurs, une partie de la chauss\u00e9e a \u00e9t\u00e9 r\u00e9cup\u00e9r\u00e9e pour \u00e9largir les trottoirs de 70 %, ramenant la largeur de la voie \u00e0 5 m en moyenne. Les cyclistes aussi y gagnent : 80 places de stationnement ont \u00e9t\u00e9 install\u00e9es, dont une pour les v\u00e9los-cargos, et un nouveau marquage \u00e0 contresens permet d\u00e9sormais de circuler dans les deux directions. En contrepartie, 67 places de stationnement automobile ont \u00e9t\u00e9 supprim\u00e9es.<\/p>\n<p class=\"paragraph text_align_left\">Cas particulier ici, le quai aux Fleurs se situe \u00e0 deux pas de la Pr\u00e9fecture de police. \u00ab Il \u00e9tait important de sanctuariser des places de police. \u00bb R\u00e9sultat : 33 emplacements sur les 56 restantes, sont d\u00e9di\u00e9es aux v\u00e9hicules de police.<\/p>\n<p>Des travaux similaires pr\u00e9vus sur le Quai de Corse<\/p>\n<p class=\"paragraph text_align_left\">Du c\u00f4t\u00e9 des habitants, Florence Mathieu, copr\u00e9sidente du conseil de quartier Seine, d\u00e9plore \u00ab un <a href=\"https:\/\/www.leparisien.fr\/info-paris-ile-de-france-oise\/transports\/faute-de-voitures-le-plus-grand-parking-de-paris-va-reconvertir-1-000-places-de-stationnement-08-04-2025-U6GRW2JKY5FBHDKC6P6YKP727Y.php\" target=\"_self\" rel=\"nofollow noopener\">manque de stationnement<\/a> pour les riverains \u00bb et un contresens cyclable dans la rue en courbe \u00ab trop dangereux du fait d\u2019un manque de visibilit\u00e9 \u00bb. Aucune r\u00e9serve pour les trois nouveaux bancs en bois vert sur le trottoir n\u00e9anmoins : \u00ab Ca c\u2019est super ! \u00bb, admet-elle. <\/p>\n<p class=\"paragraph text_align_left\">Ce r\u00e9am\u00e9nagement s\u2019inscrit dans une dynamique plus large de transformation de l\u2019\u00eele, port\u00e9e par plusieurs projets successifs. \u00ab Je pr\u00e9vois de continuer la plantation d\u2019arbres et d\u2019agrandir les trottoirs tout le long du Quai de Corse, au moins jusqu\u2019au Palais de Justice \u00bb, indique Ariel Weil. Les travaux pourraient \u00eatre, selon lui, r\u00e9alis\u00e9s en 2026. Sans compter le <a href=\"https:\/\/www.leparisien.fr\/paris-75\/des-evolutions-positives-a-paris-les-amenagements-des-abords-de-notre-dame-pourraient-faire-consensus-15-10-2024-Y6IQTIPKR5EFFLHD4XF3NKWSTY.php\" target=\"_self\" rel=\"nofollow noopener\">verdissement des abords de Notre-Dame<\/a> d\u2019ici 2027, dans le cadre du vaste r\u00e9am\u00e9nagement du parvis et de ses alentours.<\/p>\n","protected":false},"excerpt":{"rendered":"C\u2019est un premier pas vers une \u00eele de la Cit\u00e9 plus verte. Sur le quai aux Fleurs (IVe),&hellip;\n","protected":false},"author":2,"featured_media":102518,"comment_status":"","ping_status":"","sticky":false,"template":"","format":"standard","meta":{"footnotes":""},"categories":[1592],"tags":[1111,11,1777,674,1011,27,662,1944,12,626,25],"class_list":{"0":"post-102517","1":"post","2":"type-post","3":"status-publish","4":"format-standard","5":"has-post-thumbnail","7":"category-ile-de-france","8":"tag-actu","9":"tag-actualites","10":"tag-eu","11":"tag-europe","12":"tag-fr","13":"tag-france","14":"tag-ile-de-france","15":"tag-ma-ville","16":"tag-news","17":"tag-paris","18":"tag-republique-francaise"},"share_on_mastodon":{"url":"https:\/\/pubeurope.com\/@fr\/114513189496097759","error":""},"_links":{"self":[{"href":"https:\/\/www.europesays.com\/fr\/wp-json\/wp\/v2\/posts\/102517","targetHints":{"allow":["GET"]}}],"collection":[{"href":"https:\/\/www.europesays.com\/fr\/wp-json\/wp\/v2\/posts"}],"about":[{"href":"https:\/\/www.europesays.com\/fr\/wp-json\/wp\/v2\/types\/post"}],"author":[{"embeddable":true,"href":"https:\/\/www.europesays.com\/fr\/wp-json\/wp\/v2\/users\/2"}],"replies":[{"embeddable":true,"href":"https:\/\/www.europesays.com\/fr\/wp-json\/wp\/v2\/comments?post=102517"}],"version-history":[{"count":0,"href":"https:\/\/www.europesays.com\/fr\/wp-json\/wp\/v2\/posts\/102517\/revisions"}],"wp:featuredmedia":[{"embeddable":true,"href":"https:\/\/www.europesays.com\/fr\/wp-json\/wp\/v2\/media\/102518"}],"wp:attachment":[{"href":"https:\/\/www.europesays.com\/fr\/wp-json\/wp\/v2\/media?parent=102517"}],"wp:term":[{"taxonomy":"category","embeddable":true,"href":"https:\/\/www.europesays.com\/fr\/wp-json\/wp\/v2\/categories?post=102517"},{"taxonomy":"post_tag","embeddable":true,"href":"https:\/\/www.europesays.com\/fr\/wp-json\/wp\/v2\/tags?post=102517"}],"curies":[{"name":"wp","href":"https:\/\/api.w.org\/{rel}","templated":true}]}}