{"id":102519,"date":"2025-05-15T18:09:09","date_gmt":"2025-05-15T18:09:09","guid":{"rendered":"https:\/\/www.europesays.com\/fr\/102519\/"},"modified":"2025-05-15T18:09:09","modified_gmt":"2025-05-15T18:09:09","slug":"cela-ne-visait-pas-une-simple-exposition","status":"publish","type":"post","link":"https:\/\/www.europesays.com\/fr\/102519\/","title":{"rendered":"cela ne visait pas une simple exposition"},"content":{"rendered":"<p>            Par<br \/>\n        <strong><br \/>\n            <a href=\"https:\/\/actu.fr\/auteur\/ines-cussac-actu-fr\" title=\"Consulter tous les articles de In\u00e8s Cussac\" rel=\"nofollow noopener\" target=\"_blank\">In\u00e8s Cussac<\/a><br \/>\n        <\/strong><\/p>\n<p>        Publi\u00e9 le<\/p>\n<p>            15 mai 2025 \u00e0 19h32        <\/p>\n<p>Le d\u00e9part est contraint et pr\u00e9cipit\u00e9. Ce lundi 12\u00a0mai 2025, la municipalit\u00e9 du 3e arrondissement a \u00e9t\u00e9 contrainte de retirer <strong>l\u2019exposition<\/strong> \u00ab<a href=\"https:\/\/actu.fr\/societe\/qui-est-missak-manouchian-heros-de-la-resistance-communiste-armenien-et-bientot-au-pantheon_60698135.html\" rel=\"nofollow noopener\" target=\"_blank\">\u2009Missak Manouchian<\/a>\u2009: arts, histoire et m\u00e9moire\u2009\u00bb, pr\u00e9sent\u00e9e sur les grilles de la mairie. Un mois avant la fin, pr\u00e9vue initialement le 18\u00a0juin. Les actes de vandalisme sont survenus entre le mercredi 7\u00a0mai \u00e0 20h30 et le vendredi 9\u00a0mai au matin.<\/p>\n<p class=\" wall-content\">\u00ab<strong>\u2009Ces attaques ne visaient pas une simple exposition<\/strong>. Elles visaient des visages, des noms, des destins d\u2019hommes et de femmes qui, venus de pays d\u00e9chir\u00e9s par la guerre et l\u2019exil, ont choisi de donner leur vie pour le pays qui les a accueillis\u2009\u00bb, a d\u00e9nonc\u00e9 la mairie d\u2019arrondissement dans un communiqu\u00e9.<\/p>\n<p>Une plainte d\u00e9pos\u00e9e<\/p>\n<p class=\" wall-content\">Cette exposition proposait de d\u00e9couvrir ou de red\u00e9couvrir <strong>la figure de Missak Manouchian<\/strong>, entr\u00e9 au Panth\u00e9on en f\u00e9vrier\u00a02024, et 22 de ses camarades fusill\u00e9s en f\u00e9vrier\u00a01944. Elle avait \u00e9t\u00e9 con\u00e7ue par le mus\u00e9e de la R\u00e9sistance nationale \u00e0 Champigny-sur-Marne \u00e0 l\u2019initiative de l\u2019Association r\u00e9publicaine des anciens combattants (ARAC), l\u2019Association des Amis du mus\u00e9e de la R\u00e9sistance nationale \u00e0 Champigny-sur-Marne (AAMRN) et le Comit\u00e9 parisien de la Lib\u00e9ration.<\/p>\n<p>      <img   decoding=\"async\" loading=\"lazy\" src=\"https:\/\/www.europesays.com\/fr\/wp-content\/uploads\/2025\/05\/494814841-1425697172120828-3581457137094486468-n-960x623.jpg\" alt=\"Apr\u00e8s ces d\u00e9t\u00e9riorations, une nouvelle pr\u00e9sentation de l\u2019exposition, cette fois en int\u00e9rieur, est en cours d\u2019organisation.\" width=\"960\" height=\"623\"\/><br \/>\n    Apr\u00e8s ces d\u00e9t\u00e9riorations, une nouvelle pr\u00e9sentation de l\u2019exposition, cette fois en int\u00e9rieur, est en cours d\u2019organisation. (\u00a9AAMRN)<\/p>\n<p class=\" wall-content\">\u00ab\u2009Les panneaux d\u00e9t\u00e9rior\u00e9s ciblaient \u00e0 chaque fois des r\u00e9sistants \u00e9trangers ou issus des colonies\u2009\u00bb, a pr\u00e9cis\u00e9 Xavier Aumage, archiviste et commissaire de l\u2019exposition. Selon Georges<br \/>Duffau-Epstein, pr\u00e9sident de l\u2019AAMRN et fils du r\u00e9sistant FTP-MOI Joseph Epstein, \u00ab\u2009s\u2019attaquer \u00e0 cette exposition, c\u2019est tenter d\u2019effacer la m\u00e9moire de <strong>ceux qui ont combattu pour les valeurs de la France et de la libert\u00e9<\/strong>\u2009\u00bb, a-t-il regrett\u00e9. \u00ab\u2009Mais leur engagement est inscrit dans l\u2019Histoire, et leur courage continue d\u2019\u00e9clairer notre pr\u00e9sent. On ne fera pas taire leur m\u00e9moire.\u2009\u00bb<\/p>\n<p>Vid\u00e9os : en ce moment sur Actu<\/p>\n<p class=\" wall-content\">Une nouvelle pr\u00e9sentation de l\u2019exposition, cette fois en int\u00e9rieur, est en cours d\u2019organisation<br \/>avec la Mairie de Paris-Centre. Une plainte a \u00e9t\u00e9 d\u00e9pos\u00e9e.<\/p>\n<p class=\" wall-content\">Suivez toute l\u2019actualit\u00e9 de vos villes et m\u00e9dias favoris en vous inscrivant \u00e0 <a href=\"https:\/\/moncompte.actu.fr\" title=\"D\u00e9couvez Mon Actu\" rel=\"nofollow noopener\" data-trk=\"{&quot;cta&quot;:{&quot;action&quot;:&quot;https:\\\/\\\/moncompte.actu.fr&quot;,&quot;category&quot;:&quot;mon compte&quot;,&quot;from&quot;:&quot;article footer&quot;,&quot;name&quot;:&quot;Mon actu&quot;,&quot;type&quot;:&quot;cta&quot;}}\" target=\"_blank\">Mon Actu<\/a>.<\/p>\n","protected":false},"excerpt":{"rendered":"Par In\u00e8s Cussac Publi\u00e9 le 15 mai 2025 \u00e0 19h32 Le d\u00e9part est contraint et pr\u00e9cipit\u00e9. Ce lundi&hellip;\n","protected":false},"author":2,"featured_media":102520,"comment_status":"","ping_status":"","sticky":false,"template":"","format":"standard","meta":{"footnotes":""},"categories":[1888],"tags":[1111,1928,11,1927,1777,674,1011,27,937,12,1926,626,1925,2551,25,935,104],"class_list":{"0":"post-102519","1":"post","2":"type-post","3":"status-publish","4":"format-standard","5":"has-post-thumbnail","7":"category-paris","8":"tag-actu","9":"tag-actu-paris","10":"tag-actualites","11":"tag-actualites-paris","12":"tag-eu","13":"tag-europe","14":"tag-fr","15":"tag-france","16":"tag-histoire","17":"tag-news","18":"tag-news-paris","19":"tag-paris","20":"tag-paris-news","21":"tag-patrimoine","22":"tag-republique-francaise","23":"tag-seconde-guerre-mondiale","24":"tag-societe"},"share_on_mastodon":{"url":"https:\/\/pubeurope.com\/@fr\/114513193529871611","error":""},"_links":{"self":[{"href":"https:\/\/www.europesays.com\/fr\/wp-json\/wp\/v2\/posts\/102519","targetHints":{"allow":["GET"]}}],"collection":[{"href":"https:\/\/www.europesays.com\/fr\/wp-json\/wp\/v2\/posts"}],"about":[{"href":"https:\/\/www.europesays.com\/fr\/wp-json\/wp\/v2\/types\/post"}],"author":[{"embeddable":true,"href":"https:\/\/www.europesays.com\/fr\/wp-json\/wp\/v2\/users\/2"}],"replies":[{"embeddable":true,"href":"https:\/\/www.europesays.com\/fr\/wp-json\/wp\/v2\/comments?post=102519"}],"version-history":[{"count":0,"href":"https:\/\/www.europesays.com\/fr\/wp-json\/wp\/v2\/posts\/102519\/revisions"}],"wp:featuredmedia":[{"embeddable":true,"href":"https:\/\/www.europesays.com\/fr\/wp-json\/wp\/v2\/media\/102520"}],"wp:attachment":[{"href":"https:\/\/www.europesays.com\/fr\/wp-json\/wp\/v2\/media?parent=102519"}],"wp:term":[{"taxonomy":"category","embeddable":true,"href":"https:\/\/www.europesays.com\/fr\/wp-json\/wp\/v2\/categories?post=102519"},{"taxonomy":"post_tag","embeddable":true,"href":"https:\/\/www.europesays.com\/fr\/wp-json\/wp\/v2\/tags?post=102519"}],"curies":[{"name":"wp","href":"https:\/\/api.w.org\/{rel}","templated":true}]}}