{"id":102527,"date":"2025-05-15T18:13:11","date_gmt":"2025-05-15T18:13:11","guid":{"rendered":"https:\/\/www.europesays.com\/fr\/102527\/"},"modified":"2025-05-15T18:13:11","modified_gmt":"2025-05-15T18:13:11","slug":"les-aeroports-russes-sous-tension-en-raison-des-attaques-de-drones-ukrainiens","status":"publish","type":"post","link":"https:\/\/www.europesays.com\/fr\/102527\/","title":{"rendered":"Les a\u00e9roports russes sous tension en raison des attaques de drones ukrainiens"},"content":{"rendered":"\n<p>\u201cC\u2019est la plus vaste attaque depuis le d\u00e9but de la guerre\u201d, rapportait, le 7\u00a0mai, <a href=\"https:\/\/istories.media\/news\/2025\/05\/07\/rossiiskie-sili-pvo-sbili-524-bespilotnika-za-sutki-minoboroni-rf\/\" target=\"_blank\" rel=\"noopener\">le m\u00e9dia ind\u00e9pendant russe <strong>Vajnye Istorii<\/strong><\/a><strong>. <\/strong>En une seule journ\u00e9e, les forces de d\u00e9fense a\u00e9rienne russes ont abattu 524 drones ukrainiens. Une intensit\u00e9 in\u00e9dite, qui a provoqu\u00e9 \u201cune paralysie dans les a\u00e9roports russes\u201d. <a href=\"https:\/\/meduza.io\/news\/2025\/05\/07\/samolet-vuchicha-napravlyavshiysya-v-moskvu-sovershil-vynuzhdennuyu-posadku-v-baku\" target=\"_blank\" rel=\"noopener\"><strong>Meduza<\/strong> signale de son c\u00f4t\u00e9<\/a> que \u201cles restrictions impos\u00e9es dans l\u2019espace a\u00e9rien russe\u201d ont m\u00eame forc\u00e9 l\u2019\u201catterrissage d\u2019urgence\u201d \u00e0 Bakou, en Azerba\u00efdjan, du pr\u00e9sident serbe, Aleksandar Vucic, attendu \u00e0 Moscou <a href=\"https:\/\/www.courrierinternational.com\/article\/vu-de-russie-les-celebrations-du-9-mai-un-triomphe-pour-montrer-moscou-en-capitale-diplomatique_230732\" target=\"_blank\" rel=\"noopener\">pour le d\u00e9fil\u00e9 militaire du 9\u00a0Mai sur la place Rouge.<\/a><\/p>\n<p>Ces perturbations ne se sont pas limit\u00e9es \u00e0 des vols diplomatiques. Le quotidien \u00e9conomique russe <a class=\"ithalc\" data-ithal=\"lien_externe\" data-ithalc=\"[nav_article]\" target=\"_blank\" href=\"https:\/\/www.vedomosti.ru\/society\/articles\/2025\/05\/07\/1108835-massovih-zaderzhkah-reisov\" rel=\"noopener\"><strong>Vedomosti<\/strong> rapportait<\/a> que \u201c350 vols et 60\u00a0000\u00a0passagers\u201d ont \u00e9t\u00e9 affect\u00e9s \u201crien que pour la journ\u00e9e du 7\u00a0mai\u201d.<\/p>\n<p>De son c\u00f4t\u00e9, <a class=\"ithalc\" data-ithal=\"lien_externe\" data-ithalc=\"[nav_article]\" target=\"_blank\" href=\"https:\/\/novayagazeta.eu\/articles\/2025\/05\/14\/kover-no-ne-samolet\" rel=\"noopener\">le journal en exil <strong>Nova\u00efa Gazeta Europe<\/strong> constate<\/a> une tendance pr\u00e9occupante\u00a0: depuis janvier 2025, les autorit\u00e9s russes ont \u201cferm\u00e9 les a\u00e9roports \u00e0 217 reprises\u201d, soit \u201ctrois fois plus que sur l\u2019ensemble des ann\u00e9es 2023 et\u00a02024\u201d. Le plan d\u2019urgence a\u00e9rienne baptis\u00e9 \u201cKover\u201d (\u201cTapis\u201d), un \u201cr\u00e9gime de ciel ferm\u00e9\u201d visant \u00e0 pr\u00e9venir tout tir accidentel sur un avion civil lors de l\u2019activation de la d\u00e9fense a\u00e9rienne, a \u00e9t\u00e9 \u201cd\u00e9clench\u00e9 dans 37 a\u00e9roports\u201d, notamment \u00e0 Moscou,<\/p>\n","protected":false},"excerpt":{"rendered":"\u201cC\u2019est la plus vaste attaque depuis le d\u00e9but de la guerre\u201d, rapportait, le 7\u00a0mai, le m\u00e9dia ind\u00e9pendant russe&hellip;\n","protected":false},"author":2,"featured_media":102528,"comment_status":"","ping_status":"","sticky":false,"template":"","format":"standard","meta":{"footnotes":""},"categories":[1591],"tags":[11,674,1887,1892,131,12,1885,1886,132,21852],"class_list":{"0":"post-102527","1":"post","2":"type-post","3":"status-publish","4":"format-standard","5":"has-post-thumbnail","7":"category-russie","8":"tag-actualites","9":"tag-europe","10":"tag-federation-de-russie","11":"tag-gu00e9opolitique","12":"tag-guerre-en-ukraine","13":"tag-news","14":"tag-russia","15":"tag-russian-federation","16":"tag-russie","17":"tag-transport-au00e9rien"},"share_on_mastodon":{"url":"https:\/\/pubeurope.com\/@fr\/114513209187238615","error":""},"_links":{"self":[{"href":"https:\/\/www.europesays.com\/fr\/wp-json\/wp\/v2\/posts\/102527","targetHints":{"allow":["GET"]}}],"collection":[{"href":"https:\/\/www.europesays.com\/fr\/wp-json\/wp\/v2\/posts"}],"about":[{"href":"https:\/\/www.europesays.com\/fr\/wp-json\/wp\/v2\/types\/post"}],"author":[{"embeddable":true,"href":"https:\/\/www.europesays.com\/fr\/wp-json\/wp\/v2\/users\/2"}],"replies":[{"embeddable":true,"href":"https:\/\/www.europesays.com\/fr\/wp-json\/wp\/v2\/comments?post=102527"}],"version-history":[{"count":0,"href":"https:\/\/www.europesays.com\/fr\/wp-json\/wp\/v2\/posts\/102527\/revisions"}],"wp:featuredmedia":[{"embeddable":true,"href":"https:\/\/www.europesays.com\/fr\/wp-json\/wp\/v2\/media\/102528"}],"wp:attachment":[{"href":"https:\/\/www.europesays.com\/fr\/wp-json\/wp\/v2\/media?parent=102527"}],"wp:term":[{"taxonomy":"category","embeddable":true,"href":"https:\/\/www.europesays.com\/fr\/wp-json\/wp\/v2\/categories?post=102527"},{"taxonomy":"post_tag","embeddable":true,"href":"https:\/\/www.europesays.com\/fr\/wp-json\/wp\/v2\/tags?post=102527"}],"curies":[{"name":"wp","href":"https:\/\/api.w.org\/{rel}","templated":true}]}}