{"id":102531,"date":"2025-05-15T18:15:13","date_gmt":"2025-05-15T18:15:13","guid":{"rendered":"https:\/\/www.europesays.com\/fr\/102531\/"},"modified":"2025-05-15T18:15:13","modified_gmt":"2025-05-15T18:15:13","slug":"sanofi-aux-usa-un-mauvais-signal-eric-lombard","status":"publish","type":"post","link":"https:\/\/www.europesays.com\/fr\/102531\/","title":{"rendered":"Sanofi aux USA : \u00ab\u00a0Un mauvais signal\u00a0\u00bb (\u00c9ric Lombard)"},"content":{"rendered":"<p><img decoding=\"async\" fetchpriority=\"high\" src=\"https:\/\/www.europesays.com\/fr\/wp-content\/uploads\/2025\/04\/placeholder_lcp_video.fa9a069bbe7d0a16ec4d51139df7a65c.webp\" width=\"800\" height=\"450\" alt=\"placeholder video\"\/><\/p>\n<p>Ce jeudi 15 mai, Hedwige Chevrillon, \u00e9ditorialiste BFM Business, Liem Hoang-Ngoc, ma\u00eetre de conf\u00e9rences \u00e0 l&rsquo;Universit\u00e9 de Paris 1 et ancien d\u00e9put\u00e9 europ\u00e9en, V\u00e9ronique J\u00e9r\u00f4me, polito-\u00e9conomiste et co-fondatrice d&rsquo;ElectionScope, ainsi que Bernard Cohen-Hadad, pr\u00e9sident de la CPME Paris \u00cele-de-France et pr\u00e9sident du think tank \u00c9tienne Marcel, se sont pench\u00e9s sur le m\u00e9contentement d&rsquo;\u00c9ric Lombard concernant l&rsquo;annonce par Sanofi d&rsquo;un investissement de 20 milliards de dollars aux \u00c9tats-Unis, la confirmation par ArcelorMittal de son projet de d\u00e9carbonisation de son site \u00e0 Dunkerque pour un milliard d&rsquo;euros, et les conditions \u00e0 l&rsquo;obtention des aides aux entreprises en France, dans l&rsquo;\u00e9mission Les experts du soir, pr\u00e9sent\u00e9e par Thomas Sasportas sur BFM Business. Retrouvez l&rsquo;\u00e9mission du lundi au vendredi et r\u00e9\u00e9coutez la en podcast.<\/p>\n<p>Aujourd&rsquo;hui \u00e0 19h52 | Dur\u00e9e : 14:56<\/p>\n","protected":false},"excerpt":{"rendered":"Ce jeudi 15 mai, Hedwige Chevrillon, \u00e9ditorialiste BFM Business, Liem Hoang-Ngoc, ma\u00eetre de conf\u00e9rences \u00e0 l&rsquo;Universit\u00e9 de Paris&hellip;\n","protected":false},"author":2,"featured_media":102532,"comment_status":"","ping_status":"","sticky":false,"template":"","format":"standard","meta":{"footnotes":""},"categories":[1589],"tags":[11,73,1866,12,1864,1865,1863,308],"class_list":{"0":"post-102531","1":"post","2":"type-post","3":"status-publish","4":"format-standard","5":"has-post-thumbnail","7":"category-etats-unis","8":"tag-actualites","9":"tag-etats-unis","10":"tag-etats-unis-damerique","11":"tag-news","12":"tag-united-states","13":"tag-united-states-of-america","14":"tag-us","15":"tag-usa"},"share_on_mastodon":{"url":"https:\/\/pubeurope.com\/@fr\/114513217062633235","error":""},"_links":{"self":[{"href":"https:\/\/www.europesays.com\/fr\/wp-json\/wp\/v2\/posts\/102531","targetHints":{"allow":["GET"]}}],"collection":[{"href":"https:\/\/www.europesays.com\/fr\/wp-json\/wp\/v2\/posts"}],"about":[{"href":"https:\/\/www.europesays.com\/fr\/wp-json\/wp\/v2\/types\/post"}],"author":[{"embeddable":true,"href":"https:\/\/www.europesays.com\/fr\/wp-json\/wp\/v2\/users\/2"}],"replies":[{"embeddable":true,"href":"https:\/\/www.europesays.com\/fr\/wp-json\/wp\/v2\/comments?post=102531"}],"version-history":[{"count":0,"href":"https:\/\/www.europesays.com\/fr\/wp-json\/wp\/v2\/posts\/102531\/revisions"}],"wp:featuredmedia":[{"embeddable":true,"href":"https:\/\/www.europesays.com\/fr\/wp-json\/wp\/v2\/media\/102532"}],"wp:attachment":[{"href":"https:\/\/www.europesays.com\/fr\/wp-json\/wp\/v2\/media?parent=102531"}],"wp:term":[{"taxonomy":"category","embeddable":true,"href":"https:\/\/www.europesays.com\/fr\/wp-json\/wp\/v2\/categories?post=102531"},{"taxonomy":"post_tag","embeddable":true,"href":"https:\/\/www.europesays.com\/fr\/wp-json\/wp\/v2\/tags?post=102531"}],"curies":[{"name":"wp","href":"https:\/\/api.w.org\/{rel}","templated":true}]}}