{"id":102533,"date":"2025-05-15T18:16:08","date_gmt":"2025-05-15T18:16:08","guid":{"rendered":"https:\/\/www.europesays.com\/fr\/102533\/"},"modified":"2025-05-15T18:16:08","modified_gmt":"2025-05-15T18:16:08","slug":"le-chanteur-chris-brown-interpelle-au-royaume-uni-soupconne-de-coups-et-blessures","status":"publish","type":"post","link":"https:\/\/www.europesays.com\/fr\/102533\/","title":{"rendered":"Le chanteur Chris Brown interpell\u00e9 au Royaume-Uni, soup\u00e7onn\u00e9 de coups et blessures"},"content":{"rendered":"<p>Le musicien a \u00e9t\u00e9 interpell\u00e9 vers 2h du matin dans un h\u00f4tel de Manchester, a relay\u00e9 la presse britannique ce jeudi.<\/p>\n<p class=\"fig-paragraph\">Le chanteur de R&amp;B Chris Brown a \u00e9t\u00e9 interpell\u00e9 dans un h\u00f4tel de Manchester, au\u00a0<a href=\"https:\/\/www.lefigaro.fr\/tag\/royaume-uni\" target=\"_blank\" rel=\"noopener\" data-gtm-custom-categorie=\"navigation\" data-gtm-custom-action=\"crossclick\" data-gtm-custom-label=\"Contextuel\" data-gtm-event=\"customEventSPE\">Royaume-Uni<\/a>, soup\u00e7onn\u00e9 de coups et blessures sur un producteur de musique dans une bo\u00eete de nuit de Londres en f\u00e9vrier 2023, ont indiqu\u00e9 jeudi 15 mai 2025 plusieurs m\u00e9dias britanniques.<\/p>\n<p class=\"fig-paragraph\">La police londonienne a confirm\u00e9 \u00e0 l\u2019AFP, sans nommer le chanteur, avoir arr\u00eat\u00e9 \u00abun homme de 36 ans dans un h\u00f4tel de Manchester peu apr\u00e8s 2 heures jeudi, soup\u00e7onn\u00e9 de coups et blessures graves\u00bb lors d\u2019un \u00abincident survenu le 19 f\u00e9vrier 2023 dans un \u00e9tablissement de Hanover Square\u00bb \u00e0 Londres, une place situ\u00e9e dans le tr\u00e8s chic quartier de Mayfair \u00e0 Londres, a pr\u00e9cis\u00e9 la police.<\/p>\n<p>Dizaines de millions de disques vendus<\/p>\n<p class=\"fig-paragraph\">Selon le tablo\u00efd\u00a0<a href=\"https:\/\/www.thesun.co.uk\/tvandshowbiz\/34955560\/chris-brown-arrested-manchester-airport-breezy-bowl\/\" target=\"_blank\" rel=\"nofollow noopener\" data-gtm-custom-categorie=\"navigation\" data-gtm-custom-action=\"crossclick\" data-gtm-custom-label=\"Contextuel\" data-gtm-event=\"customEventSPE\">The Sun<\/a>, Chris Brown est accus\u00e9 par le producteur de musique Abe Diaw de l\u2019avoir attaqu\u00e9 cette nuit-l\u00e0 dans la bo\u00eete de nuit Tape. Il lui aurait notamment jet\u00e9 une bouteille sur la t\u00eate et l\u2019aurait frapp\u00e9 alors qu\u2019il se trouvait au sol. Le chanteur, qui a d\u00e9but\u00e9 sa carri\u00e8re dans les ann\u00e9es 2000 et a vendu des dizaines de millions de disques dans le monde, \u00e9tait \u00e0 l\u2019\u00e9poque en tourn\u00e9e au<a href=\"http:\/\/www.lefigaro.fr\/international\/au-royaume-uni-comment-le-roi-de-l-asile-est-devenu-milliardaire-grace-a-l-augmentation-de-l-immigration-20250514\" target=\"_blank\" data-fig-type=\"Article\" rel=\"noopener\" data-gtm-custom-categorie=\"navigation\" data-gtm-custom-action=\"crossclick\" data-gtm-custom-label=\"Contextuel\" data-gtm-event=\"customEventSPE\" data-fig-domain=\"LEFIGARO\">\u00a0Royaume-Uni<\/a>. Il doit entamer le mois prochain une nouvelle tourn\u00e9e mondiale, avec pr\u00e8s de dix concerts pr\u00e9vus en juin et juillet au Royaume-Uni.<\/p>\n<p class=\"fig-paragraph\">Par le pass\u00e9, Chris Brown a fait l\u2019objet de nombreuses accusations de violences, notamment lorsqu\u2019il a \u00e9t\u00e9 reconnu coupable d\u2019avoir battu Rihanna, alors sa petite amie, avant les\u00a0<a href=\"http:\/\/www.lefigaro.fr\/musique\/beyonce-apres-son-sacre-aux-grammys-awards-les-ecoutes-de-son-dernier-album-explosent-sur-spotify-20250204\" target=\"_blank\" data-fig-type=\"Article\" rel=\"noopener\" data-gtm-custom-categorie=\"navigation\" data-gtm-custom-action=\"crossclick\" data-gtm-custom-label=\"Contextuel\" data-gtm-event=\"customEventSPE\" data-fig-domain=\"LEFIGARO\">Grammy Awards<\/a>\u00a02009, obligeant la superstar de la pop \u00e0 manquer le gala annuel de l\u2019industrie de la musique.<\/p>\n<p class=\"fig-paragraph\">D\u00e9but 2025, il a intent\u00e9 un proc\u00e8s contre Warner Bros. Discovery et d\u2019autres soci\u00e9t\u00e9s \u00e0 l\u2019origine d\u2019un documentaire intitul\u00e9 \u00abChris Brown: une histoire de violences\u00bb, diffus\u00e9 en octobre 2024 par la cha\u00eene Investigation Discovery. Il leur r\u00e9clame 500 millions de dollars.<\/p>\n","protected":false},"excerpt":{"rendered":"Le musicien a \u00e9t\u00e9 interpell\u00e9 vers 2h du matin dans un h\u00f4tel de Manchester, a relay\u00e9 la presse&hellip;\n","protected":false},"author":2,"featured_media":102534,"comment_status":"","ping_status":"","sticky":false,"template":"","format":"standard","meta":{"footnotes":""},"categories":[1588],"tags":[47,11,1350,1348,21843,1345,650,251,1777,674,1349,1346,1351,873,12,473,1853,252,1347,1851,1850,1852,1352,2949],"class_list":{"0":"post-102533","1":"post","2":"type-post","3":"status-publish","4":"format-standard","5":"has-post-thumbnail","7":"category-royaume-uni","8":"tag-actualite","9":"tag-actualites","10":"tag-architecture","11":"tag-arts","12":"tag-chris-brown","13":"tag-cine","14":"tag-cinema","15":"tag-culture","16":"tag-eu","17":"tag-europe","18":"tag-expositions","19":"tag-films","20":"tag-litterature","21":"tag-musique","22":"tag-news","23":"tag-royaume-uni","24":"tag-royaume-uni-de-grande-bretagne-et-dirlande-du-nord","25":"tag-television","26":"tag-theatre","27":"tag-uk","28":"tag-united-kingdom","29":"tag-united-kingdom-of-great-britain-and-northern-ireland","30":"tag-urbanisme","31":"tag-violences"},"share_on_mastodon":{"url":"https:\/\/pubeurope.com\/@fr\/114513220987487066","error":""},"_links":{"self":[{"href":"https:\/\/www.europesays.com\/fr\/wp-json\/wp\/v2\/posts\/102533","targetHints":{"allow":["GET"]}}],"collection":[{"href":"https:\/\/www.europesays.com\/fr\/wp-json\/wp\/v2\/posts"}],"about":[{"href":"https:\/\/www.europesays.com\/fr\/wp-json\/wp\/v2\/types\/post"}],"author":[{"embeddable":true,"href":"https:\/\/www.europesays.com\/fr\/wp-json\/wp\/v2\/users\/2"}],"replies":[{"embeddable":true,"href":"https:\/\/www.europesays.com\/fr\/wp-json\/wp\/v2\/comments?post=102533"}],"version-history":[{"count":0,"href":"https:\/\/www.europesays.com\/fr\/wp-json\/wp\/v2\/posts\/102533\/revisions"}],"wp:featuredmedia":[{"embeddable":true,"href":"https:\/\/www.europesays.com\/fr\/wp-json\/wp\/v2\/media\/102534"}],"wp:attachment":[{"href":"https:\/\/www.europesays.com\/fr\/wp-json\/wp\/v2\/media?parent=102533"}],"wp:term":[{"taxonomy":"category","embeddable":true,"href":"https:\/\/www.europesays.com\/fr\/wp-json\/wp\/v2\/categories?post=102533"},{"taxonomy":"post_tag","embeddable":true,"href":"https:\/\/www.europesays.com\/fr\/wp-json\/wp\/v2\/tags?post=102533"}],"curies":[{"name":"wp","href":"https:\/\/api.w.org\/{rel}","templated":true}]}}